{"id":94606,"date":"2026-09-02T07:30:48","date_gmt":"2026-09-02T05:30:48","guid":{"rendered":"https:\/\/blogmaldito.com\/?p=94606"},"modified":"2026-09-02T18:02:29","modified_gmt":"2026-09-02T16:02:29","slug":"guia-cursa-festa-major-de-sabadell-analisis-del-recorregut-estrategia-y-tot-el-que-has-de-saber","status":"publish","type":"post","link":"https:\/\/blogmaldito.com\/ca\/2026\/09\/02\/guia-cursa-festa-major-de-sabadell-analisis-del-recorregut-estrategia-y-tot-el-que-has-de-saber\/","title":{"rendered":"Guia Cursa Festa Major Sabadell: an\u00e0lisis nous recorreguts, consells i estrat\u00e8gia"},"content":{"rendered":"<p><a href=\"https:\/\/blogmaldito.com\/2025\/09\/03\/guia-cursa-festa-major-de-sabadell-analisis-del-recorregut-estrategia-y-tot-el-que-has-de-saber\/00-cursa-festa-major-sabadell-guia-corredor-analisis-circuito-recorrido-consejos-expres-fotos-clasificacion-horarios-dorsal\/\" rel=\"attachment wp-att-94613\"><img data-recalc-dims=\"1\" loading=\"lazy\" decoding=\"async\" data-attachment-id=\"94613\" data-permalink=\"https:\/\/blogmaldito.com\/ca\/2026\/09\/02\/guia-cursa-festa-major-de-sabadell-analisis-del-recorregut-estrategia-y-tot-el-que-has-de-saber\/00-cursa-festa-major-sabadell-guia-corredor-analisis-circuito-recorrido-consejos-expres-fotos-clasificacion-horarios-dorsal\/\" data-orig-file=\"https:\/\/i0.wp.com\/blogmaldito.com\/wp-content\/uploads\/2025\/09\/00-CURSA-FESTA-MAJOR-SABADELL-GUIA-CORREDOR-ANALISIS-CIRCUITO-RECORRIDO-CONSEJOS-EXPRES-FOTOS-CLASIFICACION-HORARIOS-DORSAL.jpg?fit=3413%2C1920&amp;ssl=1\" data-orig-size=\"3413,1920\" data-comments-opened=\"1\" data-image-meta=\"{&quot;aperture&quot;:&quot;0&quot;,&quot;credit&quot;:&quot;&quot;,&quot;camera&quot;:&quot;&quot;,&quot;caption&quot;:&quot;&quot;,&quot;created_timestamp&quot;:&quot;0&quot;,&quot;copyright&quot;:&quot;&quot;,&quot;focal_length&quot;:&quot;0&quot;,&quot;iso&quot;:&quot;0&quot;,&quot;shutter_speed&quot;:&quot;0&quot;,&quot;title&quot;:&quot;&quot;,&quot;orientation&quot;:&quot;0&quot;}\" data-image-title=\"00 CURSA FESTA MAJOR SABADELL GUIA CORREDOR ANALISIS CIRCUITO RECORRIDO CONSEJOS EXPRES FOTOS CLASIFICACION HORARIOS DORSAL\" data-image-description=\"\" data-image-caption=\"\" data-large-file=\"https:\/\/i0.wp.com\/blogmaldito.com\/wp-content\/uploads\/2025\/09\/00-CURSA-FESTA-MAJOR-SABADELL-GUIA-CORREDOR-ANALISIS-CIRCUITO-RECORRIDO-CONSEJOS-EXPRES-FOTOS-CLASIFICACION-HORARIOS-DORSAL.jpg?fit=676%2C380&amp;ssl=1\" class=\"aligncenter wp-image-94613 size-full\" src=\"https:\/\/i0.wp.com\/blogmaldito.com\/wp-content\/uploads\/2025\/09\/00-CURSA-FESTA-MAJOR-SABADELL-GUIA-CORREDOR-ANALISIS-CIRCUITO-RECORRIDO-CONSEJOS-EXPRES-FOTOS-CLASIFICACION-HORARIOS-DORSAL.jpg?resize=676%2C380&#038;ssl=1\" alt=\"guia-cursa-festa-major-sabadell-recorrido\" width=\"676\" height=\"380\" title=\"\" srcset=\"https:\/\/i0.wp.com\/blogmaldito.com\/wp-content\/uploads\/2025\/09\/00-CURSA-FESTA-MAJOR-SABADELL-GUIA-CORREDOR-ANALISIS-CIRCUITO-RECORRIDO-CONSEJOS-EXPRES-FOTOS-CLASIFICACION-HORARIOS-DORSAL.jpg?w=3413&amp;ssl=1 3413w, https:\/\/i0.wp.com\/blogmaldito.com\/wp-content\/uploads\/2025\/09\/00-CURSA-FESTA-MAJOR-SABADELL-GUIA-CORREDOR-ANALISIS-CIRCUITO-RECORRIDO-CONSEJOS-EXPRES-FOTOS-CLASIFICACION-HORARIOS-DORSAL.jpg?resize=300%2C169&amp;ssl=1 300w, https:\/\/i0.wp.com\/blogmaldito.com\/wp-content\/uploads\/2025\/09\/00-CURSA-FESTA-MAJOR-SABADELL-GUIA-CORREDOR-ANALISIS-CIRCUITO-RECORRIDO-CONSEJOS-EXPRES-FOTOS-CLASIFICACION-HORARIOS-DORSAL.jpg?resize=1024%2C576&amp;ssl=1 1024w, https:\/\/i0.wp.com\/blogmaldito.com\/wp-content\/uploads\/2025\/09\/00-CURSA-FESTA-MAJOR-SABADELL-GUIA-CORREDOR-ANALISIS-CIRCUITO-RECORRIDO-CONSEJOS-EXPRES-FOTOS-CLASIFICACION-HORARIOS-DORSAL.jpg?resize=150%2C84&amp;ssl=1 150w, https:\/\/i0.wp.com\/blogmaldito.com\/wp-content\/uploads\/2025\/09\/00-CURSA-FESTA-MAJOR-SABADELL-GUIA-CORREDOR-ANALISIS-CIRCUITO-RECORRIDO-CONSEJOS-EXPRES-FOTOS-CLASIFICACION-HORARIOS-DORSAL.jpg?resize=768%2C432&amp;ssl=1 768w, https:\/\/i0.wp.com\/blogmaldito.com\/wp-content\/uploads\/2025\/09\/00-CURSA-FESTA-MAJOR-SABADELL-GUIA-CORREDOR-ANALISIS-CIRCUITO-RECORRIDO-CONSEJOS-EXPRES-FOTOS-CLASIFICACION-HORARIOS-DORSAL.jpg?resize=1536%2C864&amp;ssl=1 1536w, https:\/\/i0.wp.com\/blogmaldito.com\/wp-content\/uploads\/2025\/09\/00-CURSA-FESTA-MAJOR-SABADELL-GUIA-CORREDOR-ANALISIS-CIRCUITO-RECORRIDO-CONSEJOS-EXPRES-FOTOS-CLASIFICACION-HORARIOS-DORSAL.jpg?resize=2048%2C1152&amp;ssl=1 2048w, https:\/\/i0.wp.com\/blogmaldito.com\/wp-content\/uploads\/2025\/09\/00-CURSA-FESTA-MAJOR-SABADELL-GUIA-CORREDOR-ANALISIS-CIRCUITO-RECORRIDO-CONSEJOS-EXPRES-FOTOS-CLASIFICACION-HORARIOS-DORSAL.jpg?resize=676%2C380&amp;ssl=1 676w, https:\/\/i0.wp.com\/blogmaldito.com\/wp-content\/uploads\/2025\/09\/00-CURSA-FESTA-MAJOR-SABADELL-GUIA-CORREDOR-ANALISIS-CIRCUITO-RECORRIDO-CONSEJOS-EXPRES-FOTOS-CLASIFICACION-HORARIOS-DORSAL.jpg?w=1352&amp;ssl=1 1352w\" sizes=\"auto, (max-width: 676px) 100vw, 676px\" \/><\/a><\/p>\n<p>Com cada inici de setembre tenim cita amb les curses populars a una de les cocapitals del Vall\u00e8s Occidental amb la <span style=\"color: #000000;\"><strong><a style=\"color: #000000;\" href=\"https:\/\/www.cursafestamajorsabadell.cat\/\" target=\"_blank\" rel=\"noopener\">Cursa Festa Major Sabadell<\/a><\/strong><\/span> que mant\u00e9 intacte l&#8217;ess\u00e8ncia de c\u00f3rrer pel centre de la ciutat mantenint-se com a gratu\u00efta i, des de fa uns anys amb la possibilitat d&#8217;escollir entre 5 i 10 km.<\/p>\n<p>Una cursa que des de que We Team (que s&#8217;ha de valorar mot la gran feina que estan fent a la ciutat en quant a les curses populars) la comanda junt amb l&#8217;Ajuntament de Sabadell a tornat a reviure fins al punt que aquest any tanca inscripcions (el 3 de setembre)\u00a0 amb r\u00e9cord de participaci\u00f3 amb m\u00e9s de 3.000 corredors.<\/p>\n<p>I aqu\u00ed <a href=\"https:\/\/blogmaldito.com\/seleccion-de-favoritas\/\">Blogmaldito<\/a> explicant tots els secrets de la cursa en aquesta guia de la <span style=\"color: #000000;\"><a style=\"color: #000000;\" href=\"https:\/\/www.cursafestamajorsabadell.cat\/\" target=\"_blank\" rel=\"noopener\">Cursa Festa Major Sabadell<\/a><\/span>: recorregut detallat (que canvia de nou -quatre anys seguits amb recorreguts modificats- que aquesta vegada farem en sentit invers i que no s&#8217;oblida dels seus puges i baixes, rectes i girs, l&#8217;estrat\u00e8gia de competici\u00f3 a seguir per salvar la jornada \u00a0i alguns consells m\u00e9s per gaudir-la sense excedir-nos en l&#8217;agonia.<\/p>\n<p><!--more--><\/p>\n<p style=\"text-align: center;\"><span style=\"color: #ff6600;\"><strong>Si quieres recibir la newsletter semanal de blogmaldito \ud83d\ude42<\/strong><\/span><\/p>\n<p style=\"text-align: center;\"><iframe loading=\"lazy\" style=\"border: 1px solid #EEE; background: white;\" src=\"https:\/\/blogmaldito.substack.com\/embed?minimal=true\" width=\"480\" height=\"150\" frameborder=\"0\" scrolling=\"no\" data-mce-fragment=\"1\"><\/iframe><\/p>\n<p><span style=\"font-size: 14px;\"><em><strong>Actualitzat el 2 de setembre amb novetats, nou recorregut, r\u00e9cord de participaci\u00f3 i el tancament d&#8217;inscripcions<\/strong><\/em><\/span><\/p>\n<ul>\n<li><span style=\"color: #000000;\"><em><a style=\"color: #000000;\" href=\"#ficha\">FITXA<\/a><\/em> <\/span><\/li>\n<li><span style=\"color: #000000;\"><em><a style=\"color: #000000;\" href=\"#BRICONSEJOS\">CONSELLS<\/a><\/em> <\/span><\/li>\n<li><span style=\"color: #000000;\"><em><a style=\"color: #000000;\" href=\"#RECORRIDO\">RECORREGUT<\/a><\/em><\/span><span style=\"color: #000000;\"><em><br \/>\n<\/em><\/span><\/li>\n<\/ul>\n<p><a href=\"http:\/\/blogmaldito.com\/2020\/09\/02\/asi-estan-las-carreras-populares-de-barcelona-con-el-covid-2\/attachment\/53604\/\" rel=\"attachment wp-att-53604\"><img data-recalc-dims=\"1\" loading=\"lazy\" decoding=\"async\" data-attachment-id=\"53604\" data-permalink=\"https:\/\/blogmaldito.com\/ca\/?attachment_id=53604\" data-orig-file=\"https:\/\/i0.wp.com\/blogmaldito.com\/wp-content\/uploads\/2020\/09\/separador-3-4.jpg?fit=300%2C3&amp;ssl=1\" data-orig-size=\"300,3\" data-comments-opened=\"1\" data-image-meta=\"{&quot;aperture&quot;:&quot;0&quot;,&quot;credit&quot;:&quot;&quot;,&quot;camera&quot;:&quot;&quot;,&quot;caption&quot;:&quot;&quot;,&quot;created_timestamp&quot;:&quot;0&quot;,&quot;copyright&quot;:&quot;&quot;,&quot;focal_length&quot;:&quot;0&quot;,&quot;iso&quot;:&quot;0&quot;,&quot;shutter_speed&quot;:&quot;0&quot;,&quot;title&quot;:&quot;&quot;,&quot;orientation&quot;:&quot;1&quot;}\" data-image-title=\"\" data-image-description=\"\" data-image-caption=\"\" data-large-file=\"https:\/\/i0.wp.com\/blogmaldito.com\/wp-content\/uploads\/2020\/09\/separador-3-4.jpg?fit=300%2C3&amp;ssl=1\" class=\"aligncenter wp-image-53604\" src=\"https:\/\/i0.wp.com\/blogmaldito.com\/wp-content\/uploads\/2020\/09\/separador-3-4.jpg?resize=500%2C5&#038;ssl=1\" alt=\"\" width=\"500\" height=\"5\" title=\"\"><\/a><\/p>\n<details class=\"ficha-desplegable\" open=\"open\">\n<summary style=\"cursor: pointer; font-size: 18px; font-weight: bold; padding: 10px; background-color: #000000; border: 1px solid #ddd; border-radius: 5px; color: #ffffff;\"><span style=\"font-size: 18px; color: #ffffff;\">Ficha: horarios, dorsal, servicios<\/span><\/summary>\n<div style=\"padding: 15px; border: 1px solid #ddd; border-top: none;\">\n<p><span style=\"font-size: 16px;\"><span style=\"color: #000000;\"><strong>Lloc<\/strong><\/span>: Sabadell<br \/>\n<\/span><span style=\"font-size: 16px;\"><span style=\"color: #000000;\"><strong>Horari<\/strong><\/span>: Diumenge, 6 de setembre (10.00)<br \/>\n<\/span><span style=\"font-size: 16px;\"><span style=\"color: #000000;\"><strong>Dist\u00e0ncia<\/strong><\/span>: 5 i 10 km (no homologats)<br \/>\n<\/span><span style=\"font-size: 16px;\"><span style=\"color: #000000;\"><strong>Tipus de terreny<\/strong><\/span>: Asfalt<br \/>\n<\/span><span style=\"color: #000000; font-size: 16px;\"><strong><a style=\"color: #000000;\" href=\"https:\/\/www.cursafestamajorsabadell.cat\/\" target=\"_blank\" rel=\"noopener\">Recorregut<\/a><\/strong><\/span><span style=\"font-size: 16px;\"><a href=\"https:\/\/www.cursafestamajorsabadell.cat\/\" target=\"_blank\" rel=\"noopener\"><span style=\"color: #000000;\"><strong>Reglament<\/strong><\/span><\/a><br \/>\n<\/span><span style=\"font-size: 16px;\"><span style=\"color: #000000;\"><strong>Calaixos<\/strong><\/span>: <\/span><\/p>\n<ul>\n<li><span style=\"font-size: 16px;\"><strong>Calaix 1<\/strong>: sub 20&#8217;\/40&#8242;<\/span><\/li>\n<li><span style=\"font-size: 16px;\"><strong>Calaix 2<\/strong>: sub 25&#8217;\/50&#8242;<\/span><\/li>\n<li><span style=\"font-size: 16px;\"><strong>Calaix 3<\/strong>: sub 30&#8217;\/60&#8242;<\/span><\/li>\n<li><span style=\"font-size: 16px;\"><strong>Calaix 4<\/strong>: +30&#8217;\/+60&#8242;<\/span><\/li>\n<\/ul>\n<p><span style=\"font-size: 16px;\"><span style=\"color: #000000;\"><strong>Temps l\u00edmit<\/strong><\/span>: <\/span><\/p>\n<ul>\n<li><span style=\"font-size: 16px;\"><strong>10k<\/strong>: 1h15&#8242; (40&#8242; la 1\u00aa volta)<\/span><\/li>\n<li><span style=\"font-size: 16px;\"><strong>5k<\/strong>: 45&#8242;<\/span><\/li>\n<\/ul>\n<p><span style=\"font-size: 16px;\"><span style=\"color: #000000;\"><strong>Avituallament<\/strong><\/span>:<\/span><\/p>\n<p><span style=\"color: #000000; font-size: 16px;\"><strong>Km 5: <\/strong><span style=\"color: #000000;\">L\u00edquid (amb got)<\/span><\/span><\/p>\n<p><span style=\"font-size: 16px;\"><span style=\"color: #000000;\"><strong>Meta<\/strong><\/span>: L\u00edquid i s\u00f2lid<\/span><\/p>\n<p><span style=\"font-size: 16px;\"><span style=\"color: #000000;\"><strong>Extras<\/strong><\/span>: Guarda-roba, dutxes, aparcament, servei de canguratge, curses infantils.<\/span><\/p>\n<p><strong><span style=\"font-size: 16px;\">Recollida dorsal:\u00a0<\/span><\/strong><\/p>\n<ul>\n<li><span style=\"font-size: 16px;\"><strong>Divendres<\/strong>: de 17.00 a 20.00 (<a href=\"http:\/\/google.com\/maps?vet=10CAAQoqAOahcKEwiAyeDE46mWAxUAAAAAHQAAAAAQDA..i&amp;gl=ad&amp;pvq=Cg0vZy8xMXNubWJfdzUzIisKJUJvdGlnYSBkZSBXQUxBIGFsIHBvbMOtZ29uIGRlIFJpdS1zZWMQAhgD&amp;lqi=CiVCb3RpZ2EgZGUgV0FMQSBhbCBwb2zDrWdvbiBkZSBSaXUtc2VjIgOIAQFIo9m_tdK4gIAIWjsQABABEAIQAxAEEAUQBhAHGAAYAiIlYm90aWdhIGRlIHdhbGEgYWwgcG9sw61nb24gZGUgcml1IHNlY5IBFHNwb3J0aW5nX2dvb2RzX3N0b3JlmgEkQ2hkRFNVaE5NRzluUzBWSlEwRm5TVVF0ZDFsTVJuaFJSUkFC-gEECAAQRg&amp;fvr=1&amp;cs=0&amp;um=1&amp;ie=UTF-8&amp;fb=1&amp;sa=X&amp;ftid=0x12a495e41e6cadb1:0x483ed72ffabf7b11\" target=\"_blank\" rel=\"noopener\">Botiga Wala del Centre Comercial Via Sabadell<\/a>)<\/span><\/li>\n<li><span style=\"font-size: 16px;\"><strong>Dissabte<\/strong>: de 10.30 a 13.30 i de 17.00 a 21.00 (<a href=\"https:\/\/www.google.com\/maps\/place\/Centro+de+Ferias+y+Congresos+Sabadell+Sl\/@41.5458773,2.1167078,206m\/data=!3m1!1e3!4m15!1m8!3m7!1s0x12a495060c28f4b5:0x8b0bd58313f9fc5d!2sC.+Tres+Creus,+Sabadell,+Barcelona,+Espa%C3%B1a!3b1!8m2!3d41.5462735!4d2.1164028!16s%2Fg%2F11_dt1cvj!3m5!1s0x12a49508b8722ec9:0x334a2784c8dff244!8m2!3d41.5461013!4d2.1167806!16s%2Fg%2F11b6dn_ft9?entry=ttu&amp;g_ep=EgoyMDI2MDgxMi4wIKXMDSoASAFQAw%3D%3D\" target=\"_blank\" rel=\"noopener\">Fira Sabadell<\/a>)\u00a0<\/span><\/li>\n<\/ul>\n<p><strong><span style=\"font-size: 14px;\"><em>La Cursa de Festa Major Sabadell es disputa al nucli urb\u00e0 de Sabadell (Vall\u00e8s Occidental, Barcelona), amb sortida i arribada al costat del Pavell\u00f3 Municipal d&#8217;Esports i recorregut per la Rambla, el passeig Manresa, la Ronda de Ponent i la carretera de Barcelona.<\/em><\/span><\/strong><\/p>\n<\/div>\n<\/details>\n<h2><a href=\"http:\/\/blogmaldito.com\/2020\/09\/02\/asi-estan-las-carreras-populares-de-barcelona-con-el-covid-2\/attachment\/53604\/\" rel=\"attachment wp-att-53604\"><img data-recalc-dims=\"1\" loading=\"lazy\" decoding=\"async\" data-attachment-id=\"53604\" data-permalink=\"https:\/\/blogmaldito.com\/ca\/?attachment_id=53604\" data-orig-file=\"https:\/\/i0.wp.com\/blogmaldito.com\/wp-content\/uploads\/2020\/09\/separador-3-4.jpg?fit=300%2C3&amp;ssl=1\" data-orig-size=\"300,3\" data-comments-opened=\"1\" data-image-meta=\"{&quot;aperture&quot;:&quot;0&quot;,&quot;credit&quot;:&quot;&quot;,&quot;camera&quot;:&quot;&quot;,&quot;caption&quot;:&quot;&quot;,&quot;created_timestamp&quot;:&quot;0&quot;,&quot;copyright&quot;:&quot;&quot;,&quot;focal_length&quot;:&quot;0&quot;,&quot;iso&quot;:&quot;0&quot;,&quot;shutter_speed&quot;:&quot;0&quot;,&quot;title&quot;:&quot;&quot;,&quot;orientation&quot;:&quot;1&quot;}\" data-image-title=\"\" data-image-description=\"\" data-image-caption=\"\" data-large-file=\"https:\/\/i0.wp.com\/blogmaldito.com\/wp-content\/uploads\/2020\/09\/separador-3-4.jpg?fit=300%2C3&amp;ssl=1\" class=\"aligncenter wp-image-53604\" src=\"https:\/\/i0.wp.com\/blogmaldito.com\/wp-content\/uploads\/2020\/09\/separador-3-4.jpg?resize=500%2C5&#038;ssl=1\" alt=\"\" width=\"500\" height=\"5\" title=\"\"><\/a><\/h2>\n<h2 id=\"BRICONSEJOS\"><span style=\"color: #000000;\"><span style=\"color: #ff0000;\">Consells<\/span> Cursa Festa Major Sabadell<\/span><\/h2>\n<div id=\"attachment_107364\" style=\"width: 1090px\" class=\"wp-caption aligncenter\"><a href=\"https:\/\/blogmaldito.com\/?attachment_id=107364\" rel=\"attachment wp-att-107364\"><img data-recalc-dims=\"1\" loading=\"lazy\" decoding=\"async\" aria-describedby=\"caption-attachment-107364\" data-attachment-id=\"107364\" data-permalink=\"https:\/\/blogmaldito.com\/ca\/?attachment_id=107364\" data-orig-file=\"https:\/\/i0.wp.com\/blogmaldito.com\/wp-content\/uploads\/2026\/08\/2589-Cursa-Festa-Major-de-Sabadell.jpg?fit=1080%2C722&amp;ssl=1\" data-orig-size=\"1080,722\" data-comments-opened=\"1\" data-image-meta=\"{&quot;aperture&quot;:&quot;0&quot;,&quot;credit&quot;:&quot;&quot;,&quot;camera&quot;:&quot;&quot;,&quot;caption&quot;:&quot;&quot;,&quot;created_timestamp&quot;:&quot;0&quot;,&quot;copyright&quot;:&quot;&quot;,&quot;focal_length&quot;:&quot;0&quot;,&quot;iso&quot;:&quot;0&quot;,&quot;shutter_speed&quot;:&quot;0&quot;,&quot;title&quot;:&quot;&quot;,&quot;orientation&quot;:&quot;0&quot;,&quot;alt&quot;:&quot;&quot;}\" data-image-title=\"2589 Cursa Festa Major de Sabadell\" data-image-description=\"\" data-image-caption=\"&lt;p&gt;Foto: Carlos S\u00e1nchez&lt;\/p&gt;\n\" data-large-file=\"https:\/\/i0.wp.com\/blogmaldito.com\/wp-content\/uploads\/2026\/08\/2589-Cursa-Festa-Major-de-Sabadell.jpg?fit=676%2C452&amp;ssl=1\" class=\"wp-image-107364 size-full\" src=\"https:\/\/i0.wp.com\/blogmaldito.com\/wp-content\/uploads\/2026\/08\/2589-Cursa-Festa-Major-de-Sabadell.jpg?resize=676%2C452&#038;ssl=1\" alt=\"cursa-festa-major-sabadell-corredors-meta\" width=\"676\" height=\"452\" title=\"\" srcset=\"https:\/\/i0.wp.com\/blogmaldito.com\/wp-content\/uploads\/2026\/08\/2589-Cursa-Festa-Major-de-Sabadell.jpg?w=1080&amp;ssl=1 1080w, https:\/\/i0.wp.com\/blogmaldito.com\/wp-content\/uploads\/2026\/08\/2589-Cursa-Festa-Major-de-Sabadell.jpg?resize=300%2C201&amp;ssl=1 300w, https:\/\/i0.wp.com\/blogmaldito.com\/wp-content\/uploads\/2026\/08\/2589-Cursa-Festa-Major-de-Sabadell.jpg?resize=1024%2C685&amp;ssl=1 1024w, https:\/\/i0.wp.com\/blogmaldito.com\/wp-content\/uploads\/2026\/08\/2589-Cursa-Festa-Major-de-Sabadell.jpg?resize=150%2C100&amp;ssl=1 150w, https:\/\/i0.wp.com\/blogmaldito.com\/wp-content\/uploads\/2026\/08\/2589-Cursa-Festa-Major-de-Sabadell.jpg?resize=768%2C513&amp;ssl=1 768w, https:\/\/i0.wp.com\/blogmaldito.com\/wp-content\/uploads\/2026\/08\/2589-Cursa-Festa-Major-de-Sabadell.jpg?resize=18%2C12&amp;ssl=1 18w, https:\/\/i0.wp.com\/blogmaldito.com\/wp-content\/uploads\/2026\/08\/2589-Cursa-Festa-Major-de-Sabadell.jpg?resize=676%2C452&amp;ssl=1 676w\" sizes=\"auto, (max-width: 676px) 100vw, 676px\" \/><\/a><p id=\"caption-attachment-107364\" class=\"wp-caption-text\">Foto: Carlos S\u00e1nchez<\/p><\/div>\n<h3><span style=\"color: #000000;\"><strong>\u00bf<span style=\"color: #ff0000;\">Marca<\/span> a la Cursa Festa Major Sabadell? No \u00e9s f\u00e0cil&#8230; I a m\u00e9s crec que queda curta<\/strong><\/span><\/h3>\n<p>El nou tra\u00e7at es queda igual de curt que el de 2025, jo diria que quedar\u00e0 entre 50 a 100 metres (5k) i 200 o 300 metres (10k) m\u00e9s curta. \u00d2bviament, sent una cursa gratu\u00efta tampoc li demano homologaci\u00f3 (que costa una pasta), i amb aquest nou tra\u00e7at et pots provar per fer una an\u00e0lisis de com est\u00e0s de la tornada de les vacances.<\/p>\n<div class=\"tiled-gallery type-rectangular tiled-gallery-unresized\" data-original-width=\"676\" data-carousel-extra='{&quot;blog_id&quot;:1,&quot;permalink&quot;:&quot;https:\\\/\\\/blogmaldito.com\\\/ca\\\/2026\\\/09\\\/02\\\/guia-cursa-festa-major-de-sabadell-analisis-del-recorregut-estrategia-y-tot-el-que-has-de-saber\\\/&quot;,&quot;likes_blog_id&quot;:11795716}' itemscope itemtype=\"http:\/\/schema.org\/ImageGallery\" > <div class=\"gallery-row\" style=\"width: 676px; height: 247px;\" data-original-width=\"676\" data-original-height=\"247\" > <div class=\"gallery-group images-1\" style=\"width: 338px; height: 247px;\" data-original-width=\"338\" data-original-height=\"247\" > <div class=\"tiled-gallery-item tiled-gallery-item-large\" itemprop=\"associatedMedia\" itemscope itemtype=\"http:\/\/schema.org\/ImageObject\"> <a href=\"https:\/\/blogmaldito.com\/ca\/?attachment_id=107343\" border=\"0\" itemprop=\"url\"> <meta itemprop=\"width\" content=\"334\"> <meta itemprop=\"height\" content=\"243\"> <img decoding=\"async\" class=\"\" data-attachment-id=\"107343\" data-orig-file=\"https:\/\/blogmaldito.com\/wp-content\/uploads\/2026\/08\/recorrido-cursa-festa-major-sabadell-10k-popular.png\" data-orig-size=\"1341,976\" data-comments-opened=\"1\" data-image-meta=\"{&quot;aperture&quot;:&quot;0&quot;,&quot;credit&quot;:&quot;&quot;,&quot;camera&quot;:&quot;&quot;,&quot;caption&quot;:&quot;&quot;,&quot;created_timestamp&quot;:&quot;0&quot;,&quot;copyright&quot;:&quot;&quot;,&quot;focal_length&quot;:&quot;0&quot;,&quot;iso&quot;:&quot;0&quot;,&quot;shutter_speed&quot;:&quot;0&quot;,&quot;title&quot;:&quot;&quot;,&quot;orientation&quot;:&quot;0&quot;,&quot;alt&quot;:&quot;&quot;}\" data-image-title=\"recorrido cursa festa major sabadell 10k popular\" data-image-description=\"\" data-medium-file=\"https:\/\/i0.wp.com\/blogmaldito.com\/wp-content\/uploads\/2026\/08\/recorrido-cursa-festa-major-sabadell-10k-popular.png?fit=300%2C218&#038;ssl=1\" data-large-file=\"https:\/\/i0.wp.com\/blogmaldito.com\/wp-content\/uploads\/2026\/08\/recorrido-cursa-festa-major-sabadell-10k-popular.png?fit=676%2C492&#038;ssl=1\" src=\"https:\/\/i0.wp.com\/blogmaldito.com\/wp-content\/uploads\/2026\/08\/recorrido-cursa-festa-major-sabadell-10k-popular.png?w=334&#038;h=243&#038;ssl=1\" srcset=\"https:\/\/i0.wp.com\/blogmaldito.com\/wp-content\/uploads\/2026\/08\/recorrido-cursa-festa-major-sabadell-10k-popular.png?w=1341&amp;ssl=1 1341w, https:\/\/i0.wp.com\/blogmaldito.com\/wp-content\/uploads\/2026\/08\/recorrido-cursa-festa-major-sabadell-10k-popular.png?resize=300%2C218&amp;ssl=1 300w, https:\/\/i0.wp.com\/blogmaldito.com\/wp-content\/uploads\/2026\/08\/recorrido-cursa-festa-major-sabadell-10k-popular.png?resize=1024%2C745&amp;ssl=1 1024w, https:\/\/i0.wp.com\/blogmaldito.com\/wp-content\/uploads\/2026\/08\/recorrido-cursa-festa-major-sabadell-10k-popular.png?resize=150%2C109&amp;ssl=1 150w, https:\/\/i0.wp.com\/blogmaldito.com\/wp-content\/uploads\/2026\/08\/recorrido-cursa-festa-major-sabadell-10k-popular.png?resize=768%2C559&amp;ssl=1 768w, https:\/\/i0.wp.com\/blogmaldito.com\/wp-content\/uploads\/2026\/08\/recorrido-cursa-festa-major-sabadell-10k-popular.png?resize=16%2C12&amp;ssl=1 16w, https:\/\/i0.wp.com\/blogmaldito.com\/wp-content\/uploads\/2026\/08\/recorrido-cursa-festa-major-sabadell-10k-popular.png?resize=676%2C492&amp;ssl=1 676w\" width=\"334\" height=\"243\" loading=\"lazy\" data-original-width=\"334\" data-original-height=\"243\" itemprop=\"http:\/\/schema.org\/image\" title=\"recorrido cursa festa major sabadell 10k popular\" alt=\"recorrido-mapa--cursa-festa-major-sabadell-10k-circuito\" style=\"width: 334px; height: 243px;\" \/> <\/a> <\/div> <\/div> <!-- close group --> <div class=\"gallery-group images-1\" style=\"width: 338px; height: 247px;\" data-original-width=\"338\" data-original-height=\"247\" > <div class=\"tiled-gallery-item tiled-gallery-item-large\" itemprop=\"associatedMedia\" itemscope itemtype=\"http:\/\/schema.org\/ImageObject\"> <a href=\"https:\/\/blogmaldito.com\/ca\/?attachment_id=107342\" border=\"0\" itemprop=\"url\"> <meta itemprop=\"width\" content=\"334\"> <meta itemprop=\"height\" content=\"243\"> <img decoding=\"async\" class=\"\" data-attachment-id=\"107342\" data-orig-file=\"https:\/\/blogmaldito.com\/wp-content\/uploads\/2026\/08\/recorrido-cursa-festa-major-sabadell-5k-popular.png\" data-orig-size=\"1339,973\" data-comments-opened=\"1\" data-image-meta=\"{&quot;aperture&quot;:&quot;0&quot;,&quot;credit&quot;:&quot;&quot;,&quot;camera&quot;:&quot;&quot;,&quot;caption&quot;:&quot;&quot;,&quot;created_timestamp&quot;:&quot;0&quot;,&quot;copyright&quot;:&quot;&quot;,&quot;focal_length&quot;:&quot;0&quot;,&quot;iso&quot;:&quot;0&quot;,&quot;shutter_speed&quot;:&quot;0&quot;,&quot;title&quot;:&quot;&quot;,&quot;orientation&quot;:&quot;0&quot;,&quot;alt&quot;:&quot;&quot;}\" data-image-title=\"recorrido cursa festa major sabadell 5k popular\" data-image-description=\"\" data-medium-file=\"https:\/\/i0.wp.com\/blogmaldito.com\/wp-content\/uploads\/2026\/08\/recorrido-cursa-festa-major-sabadell-5k-popular.png?fit=300%2C218&#038;ssl=1\" data-large-file=\"https:\/\/i0.wp.com\/blogmaldito.com\/wp-content\/uploads\/2026\/08\/recorrido-cursa-festa-major-sabadell-5k-popular.png?fit=676%2C491&#038;ssl=1\" src=\"https:\/\/i0.wp.com\/blogmaldito.com\/wp-content\/uploads\/2026\/08\/recorrido-cursa-festa-major-sabadell-5k-popular.png?w=334&#038;h=243&#038;ssl=1\" srcset=\"https:\/\/i0.wp.com\/blogmaldito.com\/wp-content\/uploads\/2026\/08\/recorrido-cursa-festa-major-sabadell-5k-popular.png?w=1339&amp;ssl=1 1339w, https:\/\/i0.wp.com\/blogmaldito.com\/wp-content\/uploads\/2026\/08\/recorrido-cursa-festa-major-sabadell-5k-popular.png?resize=300%2C218&amp;ssl=1 300w, https:\/\/i0.wp.com\/blogmaldito.com\/wp-content\/uploads\/2026\/08\/recorrido-cursa-festa-major-sabadell-5k-popular.png?resize=1024%2C744&amp;ssl=1 1024w, https:\/\/i0.wp.com\/blogmaldito.com\/wp-content\/uploads\/2026\/08\/recorrido-cursa-festa-major-sabadell-5k-popular.png?resize=150%2C109&amp;ssl=1 150w, https:\/\/i0.wp.com\/blogmaldito.com\/wp-content\/uploads\/2026\/08\/recorrido-cursa-festa-major-sabadell-5k-popular.png?resize=768%2C558&amp;ssl=1 768w, https:\/\/i0.wp.com\/blogmaldito.com\/wp-content\/uploads\/2026\/08\/recorrido-cursa-festa-major-sabadell-5k-popular.png?resize=18%2C12&amp;ssl=1 18w, https:\/\/i0.wp.com\/blogmaldito.com\/wp-content\/uploads\/2026\/08\/recorrido-cursa-festa-major-sabadell-5k-popular.png?resize=676%2C491&amp;ssl=1 676w\" width=\"334\" height=\"243\" loading=\"lazy\" data-original-width=\"334\" data-original-height=\"243\" itemprop=\"http:\/\/schema.org\/image\" title=\"recorrido cursa festa major sabadell 5k popular\" alt=\"recorrido-mapa--cursa-festa-major-sabadell-5k-circuito\" style=\"width: 334px; height: 243px;\" \/> <\/a> <\/div> <\/div> <!-- close group --> <\/div> <!-- close row --> <\/div>\n<p>S&#8217;ha de tenir en compte tamb\u00e9 que \u00e9s m\u00e9s aviat un circuit toboganer (encara que no dur) i on en alguns moments s&#8217;ha de regular el ritme i perdre una mica, per guanyar despr\u00e9s quan el pendent sigui favorable. Amb tot i aix\u00f2, em sembla un circuit prou r\u00e0pid&#8230; Ll\u00e0stima de la dist\u00e0ncia.<\/p>\n<p class=\"jetpack-slideshow-noscript robots-nocontent\">Aquesta presentaci\u00f3 amb diapositives necessita JavaScript.<\/p><div id=\"gallery-94606-1-slideshow\" class=\"jetpack-slideshow-window jetpack-slideshow jetpack-slideshow-black\" data-trans=\"fade\" data-autostart=\"1\" data-gallery=\"[{&quot;src&quot;:&quot;https:\\\/\\\/i0.wp.com\\\/blogmaldito.com\\\/wp-content\\\/uploads\\\/2026\\\/08\\\/01-ESTRATEGIA-CURSA-FESTA-MAJOR-SABADELL-10K-2026.jpg?fit=676%2C397\\u0026ssl=1&quot;,&quot;id&quot;:&quot;107338&quot;,&quot;title&quot;:&quot;01 ESTRATEGIA CURSA FESTA MAJOR SABADELL 10K 2026&quot;,&quot;alt&quot;:&quot;mapa-altimetria-estrategia-cursa-festa-major-sabadell-corredors-10k&quot;,&quot;caption&quot;:&quot;&quot;,&quot;itemprop&quot;:&quot;image&quot;},{&quot;src&quot;:&quot;https:\\\/\\\/i0.wp.com\\\/blogmaldito.com\\\/wp-content\\\/uploads\\\/2026\\\/08\\\/01-ESTRATEGIA-CURSA-FESTA-MAJOR-SABADELL-5K-2026.jpg?fit=676%2C397\\u0026ssl=1&quot;,&quot;id&quot;:&quot;107337&quot;,&quot;title&quot;:&quot;01 ESTRATEGIA CURSA FESTA MAJOR SABADELL 5K 2026&quot;,&quot;alt&quot;:&quot;mapa-altimetria-estrategia-cursa-festa-major-sabadell-corredors-5k&quot;,&quot;caption&quot;:&quot;&quot;,&quot;itemprop&quot;:&quot;image&quot;}]\" itemscope itemtype=\"https:\/\/schema.org\/ImageGallery\"><\/div>\n<h3><span style=\"color: #000000;\"><strong>\u00bf<span style=\"color: #ff0000;\">Estrat\u00e8gia<\/span> Cursa Festa Major Sabadell?\u00a0 Cap fred , adaptar ritme i saber on donar gas<\/strong><\/span><\/h3>\n<p>\u00c9s un circuit de 5 km (amb un ap\u00e8ndix a la segona volta per quadrar dist\u00e0ncia) al qual se li dona una o dues voltes segons el que hagis escollit. I el plantejament per aquest motiu \u00e9s doble.<\/p>\n<p>Aix\u00ed el dividiria jo en el cas del 5k i primera volta 10k<\/p>\n<blockquote>\n<h4><span style=\"color: #000000;\"><strong>PRIMERA VOLTA (5k i 10k)<\/strong><\/span><\/h4>\n<p><span style=\"font-size: 16px; color: #000000;\"><strong>\u00b7 Sortida a km 1,8. <\/strong>Pujada suau amb ample suficiente per c\u00f3rrer.<br \/>\n<\/span><span style=\"font-size: 16px; color: #000000;\"><strong><span style=\"color: #ff0000;\">RITME C\u00d2MODE<\/span><\/strong><\/span><\/p>\n<p><span style=\"font-size: 16px; color: #000000;\"><strong>\u00b7 Km 1,8 a 3: <\/strong>Pla i baixada amb tram estret.<br \/>\n<\/span><span style=\"font-size: 16px; color: #000000;\"><strong><span style=\"color: #ff0000;\">R\u00c0PID<\/span><\/strong><\/span><\/p>\n<p><span style=\"font-size: 16px; color: #000000;\"><strong>\u00b7 Km 3 a 4,2<\/strong>: Perfil toboganer per carrer ample.<br \/>\n<\/span><span style=\"font-size: 16px; color: #000000;\"><strong><span style=\"color: #ff0000;\">ADAPTAR RITME<\/span><\/strong><\/span><\/p>\n<p><span style=\"font-size: 16px;\"><span style=\"color: #000000;\"><strong>\u00b7 Km 4,2 a 4,5<\/strong>: <\/span><span style=\"color: #ff0000;\"><span style=\"color: #000000;\">Pujada.<\/span><\/span><\/span><strong><span style=\"color: #ff0000;\"><br \/>\n<span style=\"font-size: 16px;\">REGULAR!<\/span><br \/>\n<\/span><\/strong><\/p>\n<p><span style=\"font-size: 16px;\"><span style=\"color: #000000;\"><strong>\u00b7 Km 4,5 a Meta 5k<\/strong>: <\/span><span style=\"color: #ff0000;\"><span style=\"color: #000000;\">Baixada.<\/span><\/span><\/span><strong><span style=\"color: #ff0000;\"><br \/>\n<span style=\"font-size: 16px;\">GAS!<\/span><\/span><\/strong><\/p><\/blockquote>\n<p>En el cas de la segona volta (nom\u00e9s per al 10k), la hist\u00f2ria no varia gaire.<\/p>\n<blockquote>\n<h4><span style=\"color: #000000;\"><strong>SEGONA VOLTA (10k)<\/strong><\/span><\/h4>\n<p><span style=\"font-size: 16px; color: #000000;\"><strong>\u00b7 Km 4,5 a km 6,1. <\/strong>Pujada per la Rambla.<br \/>\n<\/span><span style=\"font-size: 16px; color: #000000;\"><strong><span style=\"color: #ff0000;\">RITME C\u00d2MODE<\/span><\/strong><\/span><\/p>\n<p><span style=\"font-size: 16px; color: #000000;\"><strong>\u00b7 Km 6,1 a 7,3: <\/strong>Pla i baixada amb tram estret.<br \/>\n<\/span><span style=\"font-size: 16px; color: #000000;\"><strong><span style=\"color: #ff0000;\">R\u00c0PID<\/span><\/strong><\/span><\/p>\n<p><span style=\"font-size: 16px; color: #000000;\"><strong>\u00b7 Km 7,3 a 9,1<\/strong>: Perfil toboganer per carrer ample.<br \/>\n<\/span><span style=\"font-size: 16px; color: #000000;\"><strong><span style=\"color: #ff0000;\">ADAPTAR RITME<\/span><\/strong><\/span><\/p>\n<p><span style=\"font-size: 16px;\"><span style=\"color: #000000;\"><strong>\u00b7 Km 9,1 a 9,3<\/strong>: <\/span><span style=\"color: #ff0000;\"><span style=\"color: #000000;\">Pujada.<\/span><\/span><\/span><strong><span style=\"color: #ff0000;\"><br \/>\n<span style=\"font-size: 16px;\">REGULAR!<\/span><br \/>\n<\/span><\/strong><\/p>\n<p><span style=\"font-size: 16px;\"><span style=\"color: #000000;\"><strong>\u00b7 Km 9,3 a Meta 10k<\/strong>: <\/span><span style=\"color: #ff0000;\"><span style=\"color: #000000;\">Baixada.<\/span><\/span><\/span><strong><span style=\"color: #ff0000;\"><br \/>\n<span style=\"font-size: 16px;\">GAS!<\/span><\/span><\/strong><\/p><\/blockquote>\n<p>En resum, has d&#8217;anar adpatant constanment el ritme per no pgar m\u00e9s endavant un exc\u00e8s d&#8217;ambici\u00f3. Jo tinc clar que he d&#8217;anar amb un xic de calma a la Rambla i anar jugant amb els trams m\u00e9s favorables.<\/p>\n<p>Molta cura amb la pujada del carrer Brufau, que \u00e8s curta per\u00f2 dureta; el mateix passa amb l&#8217;inici edl carrer Terrassa.<\/p>\n<hr \/>\n<p><iframe loading=\"lazy\" src=\"https:\/\/www.google.com\/maps\/d\/u\/0\/embed?mid=1c4SAXM7JQA0QEddTWSn6rqNM8f0yAyQ&amp;ehbc=2E312F\" width=\"640\" height=\"800\"><span data-mce-type=\"bookmark\" style=\"display: inline-block; width: 0px; overflow: hidden; line-height: 0;\" class=\"mce_SELRES_start\">\ufeff<\/span><\/iframe><\/p>\n<hr \/>\n<h2 style=\"text-align: center;\"><span style=\"color: #000000;\"><strong><span style=\"color: #ff0000;\">An\u00e0lisis <\/span><span style=\"color: #000000;\">del circuit<br \/>\n<span style=\"font-size: 18px;\">Cursa Festa Major Sabadell<\/span><\/span><\/strong><\/span><\/h2>\n<p><a href=\"https:\/\/blogmaldito.com\/?attachment_id=107357\" rel=\"attachment wp-att-107357\"><img data-recalc-dims=\"1\" loading=\"lazy\" decoding=\"async\" data-attachment-id=\"107357\" data-permalink=\"https:\/\/blogmaldito.com\/ca\/?attachment_id=107357\" data-orig-file=\"https:\/\/i0.wp.com\/blogmaldito.com\/wp-content\/uploads\/2026\/08\/0223-Cursa-Festa-Major-de-Sabadell.jpg?fit=1080%2C722&amp;ssl=1\" data-orig-size=\"1080,722\" data-comments-opened=\"1\" data-image-meta=\"{&quot;aperture&quot;:&quot;0&quot;,&quot;credit&quot;:&quot;&quot;,&quot;camera&quot;:&quot;&quot;,&quot;caption&quot;:&quot;&quot;,&quot;created_timestamp&quot;:&quot;0&quot;,&quot;copyright&quot;:&quot;&quot;,&quot;focal_length&quot;:&quot;0&quot;,&quot;iso&quot;:&quot;0&quot;,&quot;shutter_speed&quot;:&quot;0&quot;,&quot;title&quot;:&quot;&quot;,&quot;orientation&quot;:&quot;0&quot;,&quot;alt&quot;:&quot;&quot;}\" data-image-title=\"0223 Cursa Festa Major de Sabadell\" data-image-description=\"\" data-image-caption=\"\" data-large-file=\"https:\/\/i0.wp.com\/blogmaldito.com\/wp-content\/uploads\/2026\/08\/0223-Cursa-Festa-Major-de-Sabadell.jpg?fit=676%2C452&amp;ssl=1\" class=\"aligncenter wp-image-107357 size-full\" src=\"https:\/\/i0.wp.com\/blogmaldito.com\/wp-content\/uploads\/2026\/08\/0223-Cursa-Festa-Major-de-Sabadell.jpg?resize=676%2C452&#038;ssl=1\" alt=\"cursa-festa-major-sabadell-sortida\" width=\"676\" height=\"452\" title=\"\" srcset=\"https:\/\/i0.wp.com\/blogmaldito.com\/wp-content\/uploads\/2026\/08\/0223-Cursa-Festa-Major-de-Sabadell.jpg?w=1080&amp;ssl=1 1080w, https:\/\/i0.wp.com\/blogmaldito.com\/wp-content\/uploads\/2026\/08\/0223-Cursa-Festa-Major-de-Sabadell.jpg?resize=300%2C201&amp;ssl=1 300w, https:\/\/i0.wp.com\/blogmaldito.com\/wp-content\/uploads\/2026\/08\/0223-Cursa-Festa-Major-de-Sabadell.jpg?resize=1024%2C685&amp;ssl=1 1024w, https:\/\/i0.wp.com\/blogmaldito.com\/wp-content\/uploads\/2026\/08\/0223-Cursa-Festa-Major-de-Sabadell.jpg?resize=150%2C100&amp;ssl=1 150w, https:\/\/i0.wp.com\/blogmaldito.com\/wp-content\/uploads\/2026\/08\/0223-Cursa-Festa-Major-de-Sabadell.jpg?resize=768%2C513&amp;ssl=1 768w, https:\/\/i0.wp.com\/blogmaldito.com\/wp-content\/uploads\/2026\/08\/0223-Cursa-Festa-Major-de-Sabadell.jpg?resize=18%2C12&amp;ssl=1 18w, https:\/\/i0.wp.com\/blogmaldito.com\/wp-content\/uploads\/2026\/08\/0223-Cursa-Festa-Major-de-Sabadell.jpg?resize=676%2C452&amp;ssl=1 676w\" sizes=\"auto, (max-width: 676px) 100vw, 676px\" \/><\/a><\/p>\n<h4><strong><span style=\"color: #ff0000;\">1\/<\/span> Circuit de quasi 5 km al qual se li dona una o dues voltes (per\u00f2 que no s\u00f3n iguals). <\/strong><\/h4>\n<ul>\n<li><span style=\"font-size: 16px;\"><span style=\"color: #000000;\"><strong>5k<\/strong><\/span>: 1 volta (4,95 km)<\/span><\/li>\n<li><span style=\"font-size: 16px;\"><strong><span style=\"color: #000000;\">10k<\/span><\/strong>: 2 voltes (primera de 4,5 km i segona de 5,2 km)<\/span><\/li>\n<\/ul>\n<h4><strong><span style=\"color: #ff0000;\">2\/<\/span> Recorregut toboganer, ple de pujades i baixades.<\/strong><\/h4>\n<p>La Cursa Festa Major Sabadell quasi et podria dir que no presenta cap metre que sigui 100% pla, per\u00f2 encara i aix\u00ed el perfil \u00e9s suau i permet c\u00f3rrer molt b\u00e9 a ritme nom\u00e9s regulant una mica segons si pica cap amunt o cap avall.<\/p>\n<div style=\"font-family: sans-serif; max-width: 680px; margin: 1.5rem auto;\">\n<div style=\"background: #181818; border-radius: 8px 8px 0 0; padding: 10px 16px; display: flex; align-items: center; justify-content: space-between; flex-wrap: wrap; gap: 8px;\">\n<p><span style=\"font-size: 14px; font-weight: 500; color: #fff;\">#KMaKM \u00a0<span style=\"color: #3b82c4;\">Cursa Festa Major Sabadell 5k<\/span><\/span><\/p>\n<div><span style=\"display: inline-block; background: #e6f1fb; border: 0.5px solid #85b7eb; border-radius: 5px; padding: 2px 9px; margin: 2px; font-size: 12px; font-weight: 500; color: #0c447c;\">5 km<\/span><\/div>\n<\/div>\n<table style=\"width: 100%; border-collapse: collapse; border: 1px solid #e0ddd6; border-top: none;\">\n<thead>\n<tr style=\"background: #242424;\">\n<th style=\"padding: 7px 10px; text-align: left; font-size: 10px; font-weight: 500; text-transform: uppercase; letter-spacing: 0.6px; color: #aaa; width: 110px;\">Distancia<\/th>\n<th style=\"padding: 7px 10px; text-align: left; font-size: 10px; font-weight: 500; text-transform: uppercase; letter-spacing: 0.6px; color: #aaa;\">Altimetr\u00eda<\/th>\n<th style=\"padding: 7px 10px; text-align: left; font-size: 10px; font-weight: 500; text-transform: uppercase; letter-spacing: 0.6px; color: #aaa; width: 150px;\">Nota<\/th>\n<\/tr>\n<\/thead>\n<tbody>\n<tr>\n<td style=\"padding: 7px 10px; border-bottom: 1px solid rgba(0,0,0,0.06); border-right: 1px solid rgba(0,0,0,0.06); font-size: 12px; font-weight: 500; color: #1a1a1a; white-space: nowrap; background: #faeeda;\">KM 0 &#8211; 1<\/td>\n<td style=\"padding: 7px 10px; border-bottom: 1px solid rgba(0,0,0,0.06); border-right: 1px solid rgba(0,0,0,0.06); font-size: 12px; color: #1a1a1a; background: #faeeda;\">Puja<\/td>\n<td style=\"padding: 7px 10px; border-bottom: 1px solid rgba(0,0,0,0.06); font-size: 12px; color: #666; background: #faeeda;\">Sortida<\/td>\n<\/tr>\n<tr>\n<td style=\"padding: 7px 10px; border-bottom: 1px solid rgba(0,0,0,0.06); border-right: 1px solid rgba(0,0,0,0.06); font-size: 12px; font-weight: 500; color: #1a1a1a; white-space: nowrap; background: #faeeda;\">KM 1 &#8211; 2<\/td>\n<td style=\"padding: 7px 10px; border-bottom: 1px solid rgba(0,0,0,0.06); border-right: 1px solid rgba(0,0,0,0.06); font-size: 12px; color: #1a1a1a; background: #faeeda;\">Puja\u00a0&#8211; Baixa<\/td>\n<td style=\"padding: 7px 10px; border-bottom: 1px solid rgba(0,0,0,0.06); font-size: 12px; color: #666; background: #faeeda;\"><\/td>\n<\/tr>\n<tr>\n<td style=\"padding: 7px 10px; border-bottom: 1px solid rgba(0,0,0,0.06); border-right: 1px solid rgba(0,0,0,0.06); font-size: 12px; font-weight: 500; color: #1a1a1a; white-space: nowrap; background: #eaf3de;\">KM 2 &#8211; 3<\/td>\n<td style=\"padding: 7px 10px; border-bottom: 1px solid rgba(0,0,0,0.06); border-right: 1px solid rgba(0,0,0,0.06); font-size: 12px; color: #1a1a1a; background: #eaf3de;\">Baixa<\/td>\n<td style=\"padding: 7px 10px; border-bottom: 1px solid rgba(0,0,0,0.06); font-size: 12px; color: #666; background: #eaf3de;\">Estretor<\/td>\n<\/tr>\n<tr>\n<td style=\"padding: 7px 10px; border-bottom: 1px solid rgba(0,0,0,0.06); border-right: 1px solid rgba(0,0,0,0.06); font-size: 12px; font-weight: 500; color: #1a1a1a; white-space: nowrap; background: #faeeda;\">KM 3 &#8211; 4<\/td>\n<td style=\"padding: 7px 10px; border-bottom: 1px solid rgba(0,0,0,0.06); border-right: 1px solid rgba(0,0,0,0.06); font-size: 12px; color: #1a1a1a; background: #faeeda;\">Puja\u00a0&#8211; Baixa<\/td>\n<td style=\"padding: 7px 10px; border-bottom: 1px solid rgba(0,0,0,0.06); font-size: 12px; color: #666; background: #faeeda;\"><\/td>\n<\/tr>\n<tr>\n<td style=\"padding: 7px 10px; border-bottom: 1px solid rgba(0,0,0,0.06); border-right: 1px solid rgba(0,0,0,0.06); font-size: 12px; font-weight: 500; color: #1a1a1a; white-space: nowrap; background: #faeeda;\">KM 4 &#8211; 5<\/td>\n<td style=\"padding: 7px 10px; border-bottom: 1px solid rgba(0,0,0,0.06); border-right: 1px solid rgba(0,0,0,0.06); font-size: 12px; color: #1a1a1a; background: #faeeda;\">Baixa &#8211; Puja\u00a0&#8211; Baixa<\/td>\n<td style=\"padding: 7px 10px; border-bottom: 1px solid rgba(0,0,0,0.06); font-size: 12px; color: #666; background: #faeeda;\"><\/td>\n<\/tr>\n<\/tbody>\n<\/table>\n<\/div>\n<p>En el cas del 10k, a m\u00e9s, s&#8217;ha de sumar una pujada i vbaixada extra per quadrar la dist\u00e0ncia amb un gir de 180\u00ba.<\/p>\n<div style=\"font-family: sans-serif; max-width: 680px; margin: 1.5rem auto;\">\n<div style=\"background: #181818; border-radius: 8px 8px 0 0; padding: 10px 16px; display: flex; align-items: center; justify-content: space-between; flex-wrap: wrap; gap: 8px;\">\n<p><span style=\"font-size: 14px; font-weight: 500; color: #fff;\">#KMaKM \u00a0<span style=\"color: #3b82c4;\">Cursa Festa Major Sabadell 10k<\/span><\/span><\/p>\n<div><span style=\"display: inline-block; background: #e6f1fb; border: 0.5px solid #85b7eb; border-radius: 5px; padding: 2px 9px; margin: 2px; font-size: 12px; font-weight: 500; color: #0c447c;\">10 km<\/span><\/div>\n<\/div>\n<table style=\"width: 100%; border-collapse: collapse; border: 1px solid #e0ddd6; border-top: none;\">\n<thead>\n<tr style=\"background: #242424;\">\n<th style=\"padding: 7px 10px; text-align: left; font-size: 10px; font-weight: 500; text-transform: uppercase; letter-spacing: 0.6px; color: #aaa; width: 110px;\">Distancia<\/th>\n<th style=\"padding: 7px 10px; text-align: left; font-size: 10px; font-weight: 500; text-transform: uppercase; letter-spacing: 0.6px; color: #aaa;\">Altimetr\u00eda<\/th>\n<th style=\"padding: 7px 10px; text-align: left; font-size: 10px; font-weight: 500; text-transform: uppercase; letter-spacing: 0.6px; color: #aaa; width: 150px;\">Nota<\/th>\n<\/tr>\n<\/thead>\n<tbody>\n<tr>\n<td style=\"padding: 7px 10px; border-bottom: 1px solid rgba(0,0,0,0.06); border-right: 1px solid rgba(0,0,0,0.06); font-size: 12px; font-weight: 500; color: #1a1a1a; white-space: nowrap; background: #faeeda;\">KM 0 &#8211; 1<\/td>\n<td style=\"padding: 7px 10px; border-bottom: 1px solid rgba(0,0,0,0.06); border-right: 1px solid rgba(0,0,0,0.06); font-size: 12px; color: #1a1a1a; background: #faeeda;\">Puja<\/td>\n<td style=\"padding: 7px 10px; border-bottom: 1px solid rgba(0,0,0,0.06); font-size: 12px; color: #666; background: #faeeda;\">Sortida<\/td>\n<\/tr>\n<tr>\n<td style=\"padding: 7px 10px; border-bottom: 1px solid rgba(0,0,0,0.06); border-right: 1px solid rgba(0,0,0,0.06); font-size: 12px; font-weight: 500; color: #1a1a1a; white-space: nowrap; background: #faeeda;\">KM 1 &#8211; 2<\/td>\n<td style=\"padding: 7px 10px; border-bottom: 1px solid rgba(0,0,0,0.06); border-right: 1px solid rgba(0,0,0,0.06); font-size: 12px; color: #1a1a1a; background: #faeeda;\">Puja &#8211; Baixa<\/td>\n<td style=\"padding: 7px 10px; border-bottom: 1px solid rgba(0,0,0,0.06); font-size: 12px; color: #666; background: #faeeda;\"><\/td>\n<\/tr>\n<tr>\n<td style=\"padding: 7px 10px; border-bottom: 1px solid rgba(0,0,0,0.06); border-right: 1px solid rgba(0,0,0,0.06); font-size: 12px; font-weight: 500; color: #1a1a1a; white-space: nowrap; background: #eaf3de;\">KM 2 &#8211; 3<\/td>\n<td style=\"padding: 7px 10px; border-bottom: 1px solid rgba(0,0,0,0.06); border-right: 1px solid rgba(0,0,0,0.06); font-size: 12px; color: #1a1a1a; background: #eaf3de;\">Baixa<\/td>\n<td style=\"padding: 7px 10px; border-bottom: 1px solid rgba(0,0,0,0.06); font-size: 12px; color: #666; background: #eaf3de;\">Estretor<\/td>\n<\/tr>\n<tr>\n<td style=\"padding: 7px 10px; border-bottom: 1px solid rgba(0,0,0,0.06); border-right: 1px solid rgba(0,0,0,0.06); font-size: 12px; font-weight: 500; color: #1a1a1a; white-space: nowrap; background: #faeeda;\">KM 3 &#8211; 4<\/td>\n<td style=\"padding: 7px 10px; border-bottom: 1px solid rgba(0,0,0,0.06); border-right: 1px solid rgba(0,0,0,0.06); font-size: 12px; color: #1a1a1a; background: #faeeda;\">Puja\u00a0&#8211; Baixa<\/td>\n<td style=\"padding: 7px 10px; border-bottom: 1px solid rgba(0,0,0,0.06); font-size: 12px; color: #666; background: #faeeda;\"><\/td>\n<\/tr>\n<tr>\n<td style=\"padding: 7px 10px; border-bottom: 1px solid rgba(0,0,0,0.06); border-right: 1px solid rgba(0,0,0,0.06); font-size: 12px; font-weight: 500; color: #1a1a1a; white-space: nowrap; background: #faeeda;\">KM 4 &#8211; 5<\/td>\n<td style=\"padding: 7px 10px; border-bottom: 1px solid rgba(0,0,0,0.06); border-right: 1px solid rgba(0,0,0,0.06); font-size: 12px; color: #1a1a1a; background: #faeeda;\">Baixa &#8211; Puja<\/td>\n<td style=\"padding: 7px 10px; border-bottom: 1px solid rgba(0,0,0,0.06); font-size: 12px; color: #666; background: #faeeda;\">Avituallament<\/td>\n<\/tr>\n<tr>\n<td style=\"padding: 7px 10px; border-bottom: 1px solid rgba(0,0,0,0.06); border-right: 1px solid rgba(0,0,0,0.06); font-size: 12px; font-weight: 500; color: #1a1a1a; white-space: nowrap; background: #faeeda;\">KM 5 &#8211; 6<\/td>\n<td style=\"padding: 7px 10px; border-bottom: 1px solid rgba(0,0,0,0.06); border-right: 1px solid rgba(0,0,0,0.06); font-size: 12px; color: #1a1a1a; background: #faeeda;\">Puja<\/td>\n<td style=\"padding: 7px 10px; border-bottom: 1px solid rgba(0,0,0,0.06); font-size: 12px; color: #666; background: #faeeda;\"><\/td>\n<\/tr>\n<tr>\n<td style=\"padding: 7px 10px; border-bottom: 1px solid rgba(0,0,0,0.06); border-right: 1px solid rgba(0,0,0,0.06); font-size: 12px; font-weight: 500; color: #1a1a1a; white-space: nowrap; background: #eaf3de;\">KM 6 &#8211; 7<\/td>\n<td style=\"padding: 7px 10px; border-bottom: 1px solid rgba(0,0,0,0.06); border-right: 1px solid rgba(0,0,0,0.06); font-size: 12px; color: #1a1a1a; background: #eaf3de;\">Pla . Baixa<\/td>\n<td style=\"padding: 7px 10px; border-bottom: 1px solid rgba(0,0,0,0.06); font-size: 12px; color: #666; background: #eaf3de;\">Estretor<\/td>\n<\/tr>\n<tr>\n<td style=\"padding: 7px 10px; border-bottom: 1px solid rgba(0,0,0,0.06); border-right: 1px solid rgba(0,0,0,0.06); font-size: 12px; font-weight: 500; color: #1a1a1a; white-space: nowrap; background: #faeeda;\">KM 7 &#8211; 8<\/td>\n<td style=\"padding: 7px 10px; border-bottom: 1px solid rgba(0,0,0,0.06); border-right: 1px solid rgba(0,0,0,0.06); font-size: 12px; color: #1a1a1a; background: #faeeda;\">Baixa- Puja\u00a0&#8211; Baixa<\/td>\n<td style=\"padding: 7px 10px; border-bottom: 1px solid rgba(0,0,0,0.06); font-size: 12px; color: #666; background: #faeeda;\">Gir 180\u00ba<\/td>\n<\/tr>\n<tr>\n<td style=\"padding: 7px 10px; border-bottom: 1px solid rgba(0,0,0,0.06); border-right: 1px solid rgba(0,0,0,0.06); font-size: 12px; font-weight: 500; color: #1a1a1a; white-space: nowrap; background: #faeeda;\">KM 8 &#8211; 9<\/td>\n<td style=\"padding: 7px 10px; border-bottom: 1px solid rgba(0,0,0,0.06); border-right: 1px solid rgba(0,0,0,0.06); font-size: 12px; color: #1a1a1a; background: #faeeda;\">Puja\u00a0&#8211; Baixa<\/td>\n<td style=\"padding: 7px 10px; border-bottom: 1px solid rgba(0,0,0,0.06); font-size: 12px; color: #666; background: #faeeda;\"><\/td>\n<\/tr>\n<tr>\n<td style=\"padding: 7px 10px; border-bottom: 1px solid rgba(0,0,0,0.06); border-right: 1px solid rgba(0,0,0,0.06); font-size: 12px; font-weight: 500; color: #1a1a1a; white-space: nowrap; background: #faeeda;\">KM 9 &#8211; Meta<\/td>\n<td style=\"padding: 7px 10px; border-bottom: 1px solid rgba(0,0,0,0.06); border-right: 1px solid rgba(0,0,0,0.06); font-size: 12px; color: #1a1a1a; background: #faeeda;\">Baixa- Puja\u00a0&#8211; Baixa<\/td>\n<td style=\"padding: 7px 10px; border-bottom: 1px solid rgba(0,0,0,0.06); font-size: 12px; color: #666; background: #faeeda;\"><\/td>\n<\/tr>\n<\/tbody>\n<\/table>\n<\/div>\n<h4><strong><span style=\"color: #ff0000;\">3\/<\/span> Separaci\u00f3 del 5k i 10k a falta de 400 metres de la primera volta<\/strong><\/h4>\n<p>Ser\u00e0 just despr\u00e9s de fer la pujada del carrer Brufau.<\/p>\n<ul>\n<li><span style=\"font-size: 16px;\"><span style=\"color: #000000;\"><strong>5k<\/strong><\/span>: Es situen a la dreta per seguir recte de baixada a meta.<\/span><\/li>\n<li><span style=\"font-size: 16px;\"><strong><span style=\"color: #000000;\">10k<\/span><\/strong>: Es situen a l&#8217;esquerraper girar i afrontar per segona vegada la Rambla.<\/span><\/li>\n<\/ul>\n<div id=\"attachment_107354\" style=\"width: 1090px\" class=\"wp-caption aligncenter\"><a href=\"https:\/\/blogmaldito.com\/?attachment_id=107354\" rel=\"attachment wp-att-107354\"><img data-recalc-dims=\"1\" loading=\"lazy\" decoding=\"async\" aria-describedby=\"caption-attachment-107354\" data-attachment-id=\"107354\" data-permalink=\"https:\/\/blogmaldito.com\/ca\/?attachment_id=107354\" data-orig-file=\"https:\/\/i0.wp.com\/blogmaldito.com\/wp-content\/uploads\/2026\/08\/0136-Cursa-Festa-Major-de-Sabadell.jpg?fit=1080%2C722&amp;ssl=1\" data-orig-size=\"1080,722\" data-comments-opened=\"1\" data-image-meta=\"{&quot;aperture&quot;:&quot;0&quot;,&quot;credit&quot;:&quot;&quot;,&quot;camera&quot;:&quot;&quot;,&quot;caption&quot;:&quot;&quot;,&quot;created_timestamp&quot;:&quot;0&quot;,&quot;copyright&quot;:&quot;&quot;,&quot;focal_length&quot;:&quot;0&quot;,&quot;iso&quot;:&quot;0&quot;,&quot;shutter_speed&quot;:&quot;0&quot;,&quot;title&quot;:&quot;&quot;,&quot;orientation&quot;:&quot;0&quot;,&quot;alt&quot;:&quot;&quot;}\" data-image-title=\"0136 Cursa Festa Major de Sabadell\" data-image-description=\"\" data-image-caption=\"&lt;p&gt;Foto: Carlos S\u00e1nchez&lt;\/p&gt;\n\" data-large-file=\"https:\/\/i0.wp.com\/blogmaldito.com\/wp-content\/uploads\/2026\/08\/0136-Cursa-Festa-Major-de-Sabadell.jpg?fit=676%2C452&amp;ssl=1\" class=\"size-full wp-image-107354\" src=\"https:\/\/i0.wp.com\/blogmaldito.com\/wp-content\/uploads\/2026\/08\/0136-Cursa-Festa-Major-de-Sabadell.jpg?resize=676%2C452&#038;ssl=1\" alt=\"cursa-festa-major-sabadell-sortida\" width=\"676\" height=\"452\" title=\"\" srcset=\"https:\/\/i0.wp.com\/blogmaldito.com\/wp-content\/uploads\/2026\/08\/0136-Cursa-Festa-Major-de-Sabadell.jpg?w=1080&amp;ssl=1 1080w, https:\/\/i0.wp.com\/blogmaldito.com\/wp-content\/uploads\/2026\/08\/0136-Cursa-Festa-Major-de-Sabadell.jpg?resize=300%2C201&amp;ssl=1 300w, https:\/\/i0.wp.com\/blogmaldito.com\/wp-content\/uploads\/2026\/08\/0136-Cursa-Festa-Major-de-Sabadell.jpg?resize=1024%2C685&amp;ssl=1 1024w, https:\/\/i0.wp.com\/blogmaldito.com\/wp-content\/uploads\/2026\/08\/0136-Cursa-Festa-Major-de-Sabadell.jpg?resize=150%2C100&amp;ssl=1 150w, https:\/\/i0.wp.com\/blogmaldito.com\/wp-content\/uploads\/2026\/08\/0136-Cursa-Festa-Major-de-Sabadell.jpg?resize=768%2C513&amp;ssl=1 768w, https:\/\/i0.wp.com\/blogmaldito.com\/wp-content\/uploads\/2026\/08\/0136-Cursa-Festa-Major-de-Sabadell.jpg?resize=18%2C12&amp;ssl=1 18w, https:\/\/i0.wp.com\/blogmaldito.com\/wp-content\/uploads\/2026\/08\/0136-Cursa-Festa-Major-de-Sabadell.jpg?resize=676%2C452&amp;ssl=1 676w\" sizes=\"auto, (max-width: 676px) 100vw, 676px\" \/><\/a><p id=\"caption-attachment-107354\" class=\"wp-caption-text\">Foto: Carlos S\u00e1nchez<\/p><\/div>\n<h4><strong><span style=\"color: #ff0000;\">4\/<\/span> Quatre calaixos de sortida.\u00a0<\/strong><\/h4>\n<p>Em sembla perfecte pels aproximadament 3.000 corredors que hi serem a la l\u00ednia de sortida de la Cursa festa Major Sabadell.<\/p>\n<table style=\"border-collapse: collapse; width: 100%;\">\n<tbody>\n<tr>\n<td style=\"width: 50%; background-color: #000000; text-align: center;\"><span style=\"color: #ffffff; font-size: 18px;\"><strong>CALAIX 10K<\/strong><\/span><\/td>\n<td style=\"width: 50%; background-color: #000000; text-align: center;\"><span style=\"font-size: 18px; color: #ffffff;\"><strong>TEMPS 5k \u00b7 10k<\/strong><\/span><\/td>\n<\/tr>\n<tr>\n<td style=\"width: 50%; text-align: center;\"><span style=\"color: #000000;\"><strong>Calaix 1<\/strong><\/span><\/td>\n<td style=\"width: 50%; text-align: center;\"><span style=\"color: #000000;\"><strong>sub 20&#8242; \u00b7 sub 40&#8242;<\/strong><\/span><\/td>\n<\/tr>\n<tr>\n<td style=\"width: 50%; text-align: center;\"><span style=\"color: #000000;\"><strong>Calaix 2<\/strong><\/span><\/td>\n<td style=\"width: 50%; text-align: center;\"><span style=\"color: #000000;\"><strong>sub 25&#8242; \u00b7 sub 50&#8242;<\/strong><\/span><\/td>\n<\/tr>\n<tr>\n<td style=\"width: 50%; text-align: center;\"><span style=\"color: #000000;\"><strong>Calaix 3<\/strong><\/span><\/td>\n<td style=\"width: 50%; text-align: center;\"><span style=\"color: #000000;\"><strong>sub 30&#8242; \u00b7 sub 60&#8242;<\/strong><\/span><\/td>\n<\/tr>\n<tr>\n<td style=\"width: 50%; text-align: center;\"><span style=\"color: #000000;\"><strong>Calaix 4<\/strong><\/span><\/td>\n<td style=\"width: 50%; text-align: center;\"><span style=\"color: #000000;\"><strong>+ 30&#8242; \u00b7 + 60&#8242;<\/strong><\/span><\/td>\n<\/tr>\n<\/tbody>\n<\/table>\n<p><a href=\"http:\/\/blogmaldito.com\/2020\/09\/02\/asi-estan-las-carreras-populares-de-barcelona-con-el-covid-2\/attachment\/53604\/\" rel=\"attachment wp-att-53604\"><img data-recalc-dims=\"1\" loading=\"lazy\" decoding=\"async\" data-attachment-id=\"53604\" data-permalink=\"https:\/\/blogmaldito.com\/ca\/?attachment_id=53604\" data-orig-file=\"https:\/\/i0.wp.com\/blogmaldito.com\/wp-content\/uploads\/2020\/09\/separador-3-4.jpg?fit=300%2C3&amp;ssl=1\" data-orig-size=\"300,3\" data-comments-opened=\"1\" data-image-meta=\"{&quot;aperture&quot;:&quot;0&quot;,&quot;credit&quot;:&quot;&quot;,&quot;camera&quot;:&quot;&quot;,&quot;caption&quot;:&quot;&quot;,&quot;created_timestamp&quot;:&quot;0&quot;,&quot;copyright&quot;:&quot;&quot;,&quot;focal_length&quot;:&quot;0&quot;,&quot;iso&quot;:&quot;0&quot;,&quot;shutter_speed&quot;:&quot;0&quot;,&quot;title&quot;:&quot;&quot;,&quot;orientation&quot;:&quot;1&quot;}\" data-image-title=\"\" data-image-description=\"\" data-image-caption=\"\" data-large-file=\"https:\/\/i0.wp.com\/blogmaldito.com\/wp-content\/uploads\/2020\/09\/separador-3-4.jpg?fit=300%2C3&amp;ssl=1\" class=\"aligncenter wp-image-53604\" src=\"https:\/\/i0.wp.com\/blogmaldito.com\/wp-content\/uploads\/2020\/09\/separador-3-4.jpg?resize=500%2C5&#038;ssl=1\" alt=\"\" width=\"500\" height=\"5\" title=\"\"><\/a><\/p>\n<h2 id=\"RECORRIDO\"><span style=\"color: #008080;\">Recorregut <span style=\"color: #000000;\">Cursa Festa Major Sabadell<\/span><\/span><\/h2>\n<p><iframe loading=\"lazy\" src=\"https:\/\/www.google.com\/maps\/d\/u\/0\/embed?mid=1sctSJjqRwZ8kGLmMU-_aAquXIe5_o0E&amp;ehbc=2E312F\" width=\"640\" height=\"800\"><span data-mce-type=\"bookmark\" style=\"display: inline-block; width: 0px; overflow: hidden; line-height: 0;\" class=\"mce_SELRES_start\">\ufeff<\/span><\/iframe><\/p>\n<p><em><span style=\"color: #ff6600;\"><strong>Taronja<\/strong><\/span>: Dificultat mitja (pujades de poc desnivell, trams complicats).<\/em><br \/>\n<em><span style=\"color: #008080;\"><strong>Verd<\/strong><\/span>: Dificultat baixa (pla o baixada)<\/em><\/p>\n<hr \/>\n<p class=\"jetpack-slideshow-noscript robots-nocontent\">Aquesta presentaci\u00f3 amb diapositives necessita JavaScript.<\/p><div id=\"gallery-94606-2-slideshow\" class=\"jetpack-slideshow-window jetpack-slideshow jetpack-slideshow-black\" data-trans=\"fade\" data-autostart=\"1\" data-gallery=\"[{&quot;src&quot;:&quot;https:\\\/\\\/i0.wp.com\\\/blogmaldito.com\\\/wp-content\\\/uploads\\\/2026\\\/08\\\/Mitja-Sabadell-2022-53.jpg?fit=1397%2C931\\u0026ssl=1&quot;,&quot;id&quot;:&quot;107335&quot;,&quot;title&quot;:&quot;Mitja-Sabadell-2022-53&quot;,&quot;alt&quot;:&quot;&quot;,&quot;caption&quot;:&quot;&quot;,&quot;itemprop&quot;:&quot;image&quot;},{&quot;src&quot;:&quot;https:\\\/\\\/i0.wp.com\\\/blogmaldito.com\\\/wp-content\\\/uploads\\\/2026\\\/08\\\/Mitja-Sabadell-2022-58.jpg?fit=1397%2C931\\u0026ssl=1&quot;,&quot;id&quot;:&quot;107334&quot;,&quot;title&quot;:&quot;Mitja-Sabadell-2022-58&quot;,&quot;alt&quot;:&quot;&quot;,&quot;caption&quot;:&quot;&quot;,&quot;itemprop&quot;:&quot;image&quot;},{&quot;src&quot;:&quot;https:\\\/\\\/i0.wp.com\\\/blogmaldito.com\\\/wp-content\\\/uploads\\\/2023\\\/09\\\/Mitja-Sabadell-2022-4172.jpg?fit=1397%2C931\\u0026ssl=1&quot;,&quot;id&quot;:&quot;76123&quot;,&quot;title&quot;:&quot;Mitja Sabadell 2022 (4172)&quot;,&quot;alt&quot;:&quot;&quot;,&quot;caption&quot;:&quot;&quot;,&quot;itemprop&quot;:&quot;image&quot;},{&quot;src&quot;:&quot;https:\\\/\\\/i0.wp.com\\\/blogmaldito.com\\\/wp-content\\\/uploads\\\/2023\\\/09\\\/Mitja-Sabadell-2022-4353.jpg?fit=1397%2C931\\u0026ssl=1&quot;,&quot;id&quot;:&quot;76124&quot;,&quot;title&quot;:&quot;Mitja Sabadell 2022 (4353)&quot;,&quot;alt&quot;:&quot;&quot;,&quot;caption&quot;:&quot;&quot;,&quot;itemprop&quot;:&quot;image&quot;},{&quot;src&quot;:&quot;https:\\\/\\\/i0.wp.com\\\/blogmaldito.com\\\/wp-content\\\/uploads\\\/2023\\\/09\\\/Mitja-Sabadell-2022-3065.jpg?fit=1397%2C931\\u0026ssl=1&quot;,&quot;id&quot;:&quot;76125&quot;,&quot;title&quot;:&quot;Mitja Sabadell 2022 (3065)&quot;,&quot;alt&quot;:&quot;&quot;,&quot;caption&quot;:&quot;&quot;,&quot;itemprop&quot;:&quot;image&quot;},{&quot;src&quot;:&quot;https:\\\/\\\/i0.wp.com\\\/blogmaldito.com\\\/wp-content\\\/uploads\\\/2026\\\/08\\\/0223-Cursa-Festa-Major-de-Sabadell.jpg?fit=1080%2C722\\u0026ssl=1&quot;,&quot;id&quot;:&quot;107357&quot;,&quot;title&quot;:&quot;0223 Cursa Festa Major de Sabadell&quot;,&quot;alt&quot;:&quot;&quot;,&quot;caption&quot;:&quot;&quot;,&quot;itemprop&quot;:&quot;image&quot;}]\" itemscope itemtype=\"https:\/\/schema.org\/ImageGallery\"><\/div>\n<h3><span style=\"color: #008080;\"><strong>1\/\u00a0<span style=\"color: #000000;\">Primers metres fins a la pla\u00e7a Major<\/span><\/strong><\/span><\/h3>\n<h6><span style=\"color: #000000;\"><strong>1\u00aa VOLTA (5k i 10k): Fins al km 1,9<br \/>\n<\/strong><\/span><span style=\"color: #000000;\"><strong>2\u00aa VOLTA (10k): Km 4,5 a 6,2<\/strong><\/span><\/h6>\n<p>L\u00ecnici de la Cursa festa Major Sabadell t\u00e9 punt de sortida al costat del Pavell\u00f3 Municipal d&#8217;Esports comen\u00e7arem a pujar pel carrer Brutau, que t\u00e9 dos carrils d&#8217;ample i, en principi no t&#8217;hauria de donar problemes per c\u00f3rrer ja c\u00f2mode si t&#8217;has situat al teu lloc natural dintre del gran grupet de corredors i al calaix que et pertoca.\u00a0 A l&#8217;arribada a la Rambla, girarem a la dreta i continuarem pujant mantenint-se aquest suau desnivell positiu. Aqu\u00ed no toca for\u00e7ar el ritme sin\u00f3, millor, buscar un de c\u00f2mode.<\/p>\n<p>Ah! Els del 10k a la segona volta us estalvieu l&#8217;inici del carrer Brufau i fareu la pujada ja des de la Rambla.<\/p>\n<hr \/>\n<p class=\"jetpack-slideshow-noscript robots-nocontent\">Aquesta presentaci\u00f3 amb diapositives necessita JavaScript.<\/p><div id=\"gallery-94606-3-slideshow\" class=\"jetpack-slideshow-window jetpack-slideshow jetpack-slideshow-black\" data-trans=\"fade\" data-autostart=\"1\" data-gallery=\"[{&quot;src&quot;:&quot;https:\\\/\\\/i0.wp.com\\\/blogmaldito.com\\\/wp-content\\\/uploads\\\/2025\\\/09\\\/Cursa-Sabadell-carrer-Calderon.png?fit=1137%2C793\\u0026ssl=1&quot;,&quot;id&quot;:&quot;94608&quot;,&quot;title&quot;:&quot;Cursa Sabadell carrer Calderon&quot;,&quot;alt&quot;:&quot;&quot;,&quot;caption&quot;:&quot;&quot;,&quot;itemprop&quot;:&quot;image&quot;},{&quot;src&quot;:&quot;https:\\\/\\\/i0.wp.com\\\/blogmaldito.com\\\/wp-content\\\/uploads\\\/2026\\\/08\\\/Cursa-Festa-Major-Terrassa.jpg?fit=1393%2C776\\u0026ssl=1&quot;,&quot;id&quot;:&quot;107333&quot;,&quot;title&quot;:&quot;Cursa Festa Major Terrassa&quot;,&quot;alt&quot;:&quot;&quot;,&quot;caption&quot;:&quot;&quot;,&quot;itemprop&quot;:&quot;image&quot;}]\" itemscope itemtype=\"https:\/\/schema.org\/ImageGallery\"><\/div>\n<h3><span style=\"color: #008080;\"><strong>2\/ <span style=\"color: #000000;\">Fins a la carretera de Terrassa<\/span><\/strong><\/span><\/h3>\n<h6><span style=\"color: #000000;\"><strong>1\u00aa VOLTA (5k i 10k): km 1,9 a 2,8<br \/>\n<\/strong><\/span><span style=\"color: #000000;\"><strong>2\u00aa VOLTA (10k): Km 6,2 A 7,4<\/strong><\/span><\/h6>\n<p>Deixem enrere el passeig Manresa per girar a l&#8217;esquerra i anar pel carrer de Calder\u00f3n que \u00e9s pura ess\u00e8ncia del casc antic de Sabadell: estret i ben maco. Fa una lleugera baixada, aix\u00ed que podem donar un puntet m\u00e9s de gas. Despr\u00e9s tornem a girar a l&#8217;esquerra per fer un petit tram de la Ronda de Ponent, tamb\u00e9 en suau baixada.<\/p>\n<hr \/>\n<p class=\"jetpack-slideshow-noscript robots-nocontent\">Aquesta presentaci\u00f3 amb diapositives necessita JavaScript.<\/p><div id=\"gallery-94606-4-slideshow\" class=\"jetpack-slideshow-window jetpack-slideshow jetpack-slideshow-black\" data-trans=\"fade\" data-autostart=\"1\" data-gallery=\"[{&quot;src&quot;:&quot;https:\\\/\\\/i0.wp.com\\\/blogmaldito.com\\\/wp-content\\\/uploads\\\/2022\\\/09\\\/Mitja-Sabadell-2022-938.jpg?fit=1406%2C937\\u0026ssl=1&quot;,&quot;id&quot;:&quot;70983&quot;,&quot;title&quot;:&quot;Mitja Sabadell 2022 (938)&quot;,&quot;alt&quot;:&quot;&quot;,&quot;caption&quot;:&quot;&quot;,&quot;itemprop&quot;:&quot;image&quot;},{&quot;src&quot;:&quot;https:\\\/\\\/i0.wp.com\\\/blogmaldito.com\\\/wp-content\\\/uploads\\\/2022\\\/09\\\/Mitja-Sabadell-2022-2219.jpg?fit=1406%2C937\\u0026ssl=1&quot;,&quot;id&quot;:&quot;70984&quot;,&quot;title&quot;:&quot;Mitja Sabadell 2022 (2219)&quot;,&quot;alt&quot;:&quot;&quot;,&quot;caption&quot;:&quot;&quot;,&quot;itemprop&quot;:&quot;image&quot;}]\" itemscope itemtype=\"https:\/\/schema.org\/ImageGallery\"><\/div>\n<h3><span style=\"color: #008080;\"><strong>3\/ <span style=\"color: #000000;\">Carretera de\u00a0 Terrassa \/ Barcelona<\/span><\/strong><\/span><\/h3>\n<h6><span style=\"color: #000000;\"><strong>1\u00aa VOLTA (5k i 10k): km 2,8 A 4,2<br \/>\n<\/strong><\/span><span style=\"color: #000000;\"><strong>2\u00aa VOLTA (10k): Km 7 a 9<\/strong><\/span><\/h6>\n<p>Un tram &#8216;toboganero&#8217; per\u00f2 bastante favorable (m\u00e9s a la primera volta que a la segona , tot sigui dit). S&#8217;inicia amb una mica de pujada pe r la carretera de Terrassa fins a l&#8217;altura del carrer de Sant Cugat. A partir d&#8217;all\u00e0 ja trepitgem la carretera d Barcelona, encara que \u00e9s la mateixa avinguda, i el perfil \u00e9s en suau baixada i es deixa c\u00f3rre molt.\u00a0 A la segona volta farem a l&#8217;inici uns metres de m\u00e9s per quadrar la dist\u00e0ncia en una anada i baixada d&#8217;uns 700 metres que a l&#8217;inici s\u00f3n de pujada i despr\u00e9s de baixada.<\/p>\n<hr \/>\n<h3><a href=\"https:\/\/blogmaldito.com\/?attachment_id=107336\" rel=\"attachment wp-att-107336\"><img data-recalc-dims=\"1\" loading=\"lazy\" decoding=\"async\" data-attachment-id=\"107336\" data-permalink=\"https:\/\/blogmaldito.com\/ca\/?attachment_id=107336\" data-orig-file=\"https:\/\/i0.wp.com\/blogmaldito.com\/wp-content\/uploads\/2026\/08\/Cursa-Festa-Major-Terrassa-02.jpg?fit=1197%2C754&amp;ssl=1\" data-orig-size=\"1197,754\" data-comments-opened=\"1\" data-image-meta=\"{&quot;aperture&quot;:&quot;0&quot;,&quot;credit&quot;:&quot;Usuario&quot;,&quot;camera&quot;:&quot;&quot;,&quot;caption&quot;:&quot;&quot;,&quot;created_timestamp&quot;:&quot;1787051829&quot;,&quot;copyright&quot;:&quot;&quot;,&quot;focal_length&quot;:&quot;0&quot;,&quot;iso&quot;:&quot;0&quot;,&quot;shutter_speed&quot;:&quot;0&quot;,&quot;title&quot;:&quot;&quot;,&quot;orientation&quot;:&quot;1&quot;,&quot;alt&quot;:&quot;&quot;}\" data-image-title=\"Cursa Festa Major Terrassa 02\" data-image-description=\"\" data-image-caption=\"\" data-large-file=\"https:\/\/i0.wp.com\/blogmaldito.com\/wp-content\/uploads\/2026\/08\/Cursa-Festa-Major-Terrassa-02.jpg?fit=676%2C426&amp;ssl=1\" class=\"aligncenter size-full wp-image-107336\" src=\"https:\/\/i0.wp.com\/blogmaldito.com\/wp-content\/uploads\/2026\/08\/Cursa-Festa-Major-Terrassa-02.jpg?resize=676%2C426&#038;ssl=1\" alt=\"\" width=\"676\" height=\"426\" title=\"\" srcset=\"https:\/\/i0.wp.com\/blogmaldito.com\/wp-content\/uploads\/2026\/08\/Cursa-Festa-Major-Terrassa-02.jpg?w=1197&amp;ssl=1 1197w, https:\/\/i0.wp.com\/blogmaldito.com\/wp-content\/uploads\/2026\/08\/Cursa-Festa-Major-Terrassa-02.jpg?resize=300%2C189&amp;ssl=1 300w, https:\/\/i0.wp.com\/blogmaldito.com\/wp-content\/uploads\/2026\/08\/Cursa-Festa-Major-Terrassa-02.jpg?resize=1024%2C645&amp;ssl=1 1024w, https:\/\/i0.wp.com\/blogmaldito.com\/wp-content\/uploads\/2026\/08\/Cursa-Festa-Major-Terrassa-02.jpg?resize=150%2C94&amp;ssl=1 150w, https:\/\/i0.wp.com\/blogmaldito.com\/wp-content\/uploads\/2026\/08\/Cursa-Festa-Major-Terrassa-02.jpg?resize=768%2C484&amp;ssl=1 768w, https:\/\/i0.wp.com\/blogmaldito.com\/wp-content\/uploads\/2026\/08\/Cursa-Festa-Major-Terrassa-02.jpg?resize=18%2C12&amp;ssl=1 18w, https:\/\/i0.wp.com\/blogmaldito.com\/wp-content\/uploads\/2026\/08\/Cursa-Festa-Major-Terrassa-02.jpg?resize=676%2C426&amp;ssl=1 676w\" sizes=\"auto, (max-width: 676px) 100vw, 676px\" \/><\/a><\/h3>\n<h3><span style=\"color: #008080;\"><strong>4\/ <span style=\"color: #000000;\">Pujada carrer Brufau i separaci\u00f3 5k\/10k<\/span><\/strong><\/span><\/h3>\n<h6><span style=\"color: #000000;\"><strong>1\u00aa VOLTA (5k i 10k): km 4,2 A 4,5<\/strong><\/span><span style=\"color: #000000;\"><strong><br \/>\n<\/strong><\/span><span style=\"color: #000000;\"><strong>2\u00aa VOLTA (10k): Km 9 A<\/strong><strong> ME<\/strong><strong>TA<\/strong><\/span><\/h6>\n<p>La rampa m\u00e9s dura del recorregut la trobem aqu\u00ed, al carrer Brufau que connecta amb la Rambla. No \u00e9s gaire llarga (uns 250 a 300 metres), per\u00f2 el desnivell t&#8217;obliga a no for\u00e7ar m\u00e9s del compte i perdre alguns segons. Millor regular el ritme. \u00a1<\/p>\n<hr \/>\n<p class=\"jetpack-slideshow-noscript robots-nocontent\">Aquesta presentaci\u00f3 amb diapositives necessita JavaScript.<\/p><div id=\"gallery-94606-5-slideshow\" class=\"jetpack-slideshow-window jetpack-slideshow jetpack-slideshow-black\" data-trans=\"fade\" data-autostart=\"1\" data-gallery=\"[{&quot;src&quot;:&quot;https:\\\/\\\/i0.wp.com\\\/blogmaldito.com\\\/wp-content\\\/uploads\\\/2023\\\/09\\\/Mitja-Sabadell-2022-2478-1.jpg?fit=1397%2C931\\u0026ssl=1&quot;,&quot;id&quot;:&quot;76127&quot;,&quot;title&quot;:&quot;Mitja Sabadell 2022 (2478)&quot;,&quot;alt&quot;:&quot;&quot;,&quot;caption&quot;:&quot;&quot;,&quot;itemprop&quot;:&quot;image&quot;},{&quot;src&quot;:&quot;https:\\\/\\\/i0.wp.com\\\/blogmaldito.com\\\/wp-content\\\/uploads\\\/2018\\\/09\\\/mitja-sabadell-321.jpg?fit=500%2C283\\u0026ssl=1&quot;,&quot;id&quot;:&quot;40615&quot;,&quot;title&quot;:&quot;Mitja Sabadell (32)&quot;,&quot;alt&quot;:&quot;&quot;,&quot;caption&quot;:&quot;&quot;,&quot;itemprop&quot;:&quot;image&quot;},{&quot;src&quot;:&quot;https:\\\/\\\/i0.wp.com\\\/blogmaldito.com\\\/wp-content\\\/uploads\\\/2022\\\/09\\\/Mitja-Sabadell-Pako-Pota-e1662370327890.jpg?fit=1000%2C561\\u0026ssl=1&quot;,&quot;id&quot;:&quot;71010&quot;,&quot;title&quot;:&quot;Mitja Sabadell Pako Pota&quot;,&quot;alt&quot;:&quot;&quot;,&quot;caption&quot;:&quot;Foto: Pako Beer&quot;,&quot;itemprop&quot;:&quot;image&quot;},{&quot;src&quot;:&quot;https:\\\/\\\/i0.wp.com\\\/blogmaldito.com\\\/wp-content\\\/uploads\\\/2023\\\/09\\\/Mitja-Sabadell-2022-43.jpg?fit=1397%2C931\\u0026ssl=1&quot;,&quot;id&quot;:&quot;76128&quot;,&quot;title&quot;:&quot;Mitja Sabadell 2022 (43)&quot;,&quot;alt&quot;:&quot;&quot;,&quot;caption&quot;:&quot;&quot;,&quot;itemprop&quot;:&quot;image&quot;},{&quot;src&quot;:&quot;https:\\\/\\\/i0.wp.com\\\/blogmaldito.com\\\/wp-content\\\/uploads\\\/2026\\\/08\\\/2760-Cursa-Festa-Major-de-Sabadell.jpg?fit=1080%2C722\\u0026ssl=1&quot;,&quot;id&quot;:&quot;107363&quot;,&quot;title&quot;:&quot;2760 Cursa Festa Major de Sabadell&quot;,&quot;alt&quot;:&quot;cursa-festa-major-sabadell-arribada&quot;,&quot;caption&quot;:&quot;&quot;,&quot;itemprop&quot;:&quot;image&quot;}]\" itemscope itemtype=\"https:\/\/schema.org\/ImageGallery\"><\/div>\n<h3><span style=\"color: #008080;\"><strong>5\/ <span style=\"color: #000000;\">Fins a la meta<\/span><\/strong><\/span><\/h3>\n<h6><span style=\"color: #000000;\"><strong>5k: km 4,5 A META<br \/>\n10k: 9,3 A META<\/strong><\/span><\/h6>\n<p>Gaireb\u00e9 450 metres de descens en l\u00ednia recta fins a la zona de meta pel mateix carrer d&#8217;on a l&#8217;inici havien comen\u00e7a la Cursa Festa Major Sabadell. Aqu\u00ed toca donar gas de gom a gom.<\/p>\n<p><a href=\"https:\/\/blogmaldito.com\/2015\/03\/16\/mini-historias-de-la-marato-de-barcelona-2015\/tira-separadora-blogmaldito\/\" rel=\"attachment wp-att-10534\"><img data-recalc-dims=\"1\" loading=\"lazy\" decoding=\"async\" data-attachment-id=\"10534\" data-permalink=\"https:\/\/blogmaldito.com\/ca\/2015\/03\/16\/mini-historias-de-la-marato-de-barcelona-2015\/tira-separadora-blogmaldito\/\" data-orig-file=\"https:\/\/i0.wp.com\/blogmaldito.com\/wp-content\/uploads\/2015\/03\/tira-separadora-blogmaldito.jpg?fit=500%2C5&amp;ssl=1\" data-orig-size=\"500,5\" data-comments-opened=\"1\" data-image-meta=\"{&quot;aperture&quot;:&quot;0&quot;,&quot;credit&quot;:&quot;&quot;,&quot;camera&quot;:&quot;&quot;,&quot;caption&quot;:&quot;&quot;,&quot;created_timestamp&quot;:&quot;0&quot;,&quot;copyright&quot;:&quot;&quot;,&quot;focal_length&quot;:&quot;0&quot;,&quot;iso&quot;:&quot;0&quot;,&quot;shutter_speed&quot;:&quot;0&quot;,&quot;title&quot;:&quot;&quot;,&quot;orientation&quot;:&quot;1&quot;}\" data-image-title=\"TIRA SEPARADORA BLOGMALDITO\" data-image-description=\"\" data-image-caption=\"\" data-large-file=\"https:\/\/i0.wp.com\/blogmaldito.com\/wp-content\/uploads\/2015\/03\/tira-separadora-blogmaldito.jpg?fit=500%2C5&amp;ssl=1\" class=\"aligncenter size-full wp-image-10534\" src=\"https:\/\/i0.wp.com\/blogmaldito.com\/wp-content\/uploads\/2015\/03\/tira-separadora-blogmaldito.jpg?resize=500%2C5&#038;ssl=1\" alt=\"\" width=\"500\" height=\"5\" title=\"\"><\/a><\/p>\n<p><!-- Bloque de Preguntas Frecuentes optimizado para Motores de IA (AEO \/ LLMO \/ GEO) --><\/p>\n<hr \/>\n<h2 id=\"FAQS-SABADELL-IA\"><span style=\"font-size: 21px; color: #000000;\"><span style=\"color: #ff0000;\">Preguntes freq\u00fcents<\/span> Cursa Festa Major Sabadell 2026<\/span><\/h2>\n<div style=\"background-color: #f9f9f9; border-left: 5px solid #000000; padding: 15px; margin: 1.5rem auto; border-radius: 4px;\">\n<p style=\"margin-bottom: 5px;\"><span style=\"font-size: 16px;\"><strong>Quan es celebra la Cursa Festa Major Sabadell 2026 i quina hora \u00e9s la sortida?<\/strong><\/span><\/p>\n<p style=\"margin-top: 0; color: #333;\"><span style=\"font-size: 16px;\">La cursa es celebra el diumenge 6 de setembre de 2026 a les 10.00 h del mat\u00ed, amb sortida conjunta per a les dist\u00e0ncies de 5 km i 10 km al costat del Pavell\u00f3 Municipal d&#8217;Esports.<\/span><\/p>\n<\/div>\n<div style=\"background-color: #f9f9f9; border-left: 5px solid #000000; padding: 15px; margin: 1.5rem auto; border-radius: 4px;\">\n<p style=\"margin-bottom: 5px;\"><span style=\"font-size: 16px;\"><strong>Quin preu t\u00e9 la inscripci\u00f3 i quines dist\u00e0ncies s&#8217;ofereixen?<\/strong><\/span><\/p>\n<p style=\"margin-top: 0; color: #333;\"><span style=\"font-size: 16px;\">La Cursa de Festa Major Sabadell \u00e9s completament gratu\u00efta i permet escollir entre dos recorreguts urbans d&#8217;asfalt: la prova curta de 5 km (1 volta) i la prova de 10 km (2 voltes).<\/span><\/p>\n<\/div>\n<div style=\"background-color: #f9f9f9; border-left: 5px solid #000000; padding: 15px; margin: 1.5rem auto; border-radius: 4px;\">\n<p style=\"margin-bottom: 5px;\"><span style=\"font-size: 16px;\"><strong>Com \u00e9s el nou recorregut de la Cursa Festa Major Sabadell 2026?<\/strong><\/span><\/p>\n<p style=\"margin-top: 0; color: #333;\"><span style=\"font-size: 16px;\">Aquest any el circuit de la Cursa festa Major Sabadell es fa en sentit invers respecte a edicions anteriors. \u00c9s un tra\u00e7at urb\u00e0 toboganer que puja per la Rambla, passa pel casc antic i baixa per la carretera de Barcelona, amb una pujada exigent al carrer Brufau abans d&#8217;encarar la l\u00ednia de meta.<\/span><\/p>\n<\/div>\n<div style=\"background-color: #f9f9f9; border-left: 5px solid #000000; padding: 15px; margin: 1.5rem auto; border-radius: 4px;\">\n<p style=\"margin-bottom: 5px;\"><span style=\"font-size: 16px;\"><strong>On i quan es recullen els dorsals de la cursa?<\/strong><\/span><\/p>\n<p style=\"margin-top: 0; color: #333;\"><span style=\"font-size: 16px;\">La recollida de dorsals de la Cursa festa Major Sabadell es realitza el divendres de 17.00 h a 20.00 h a la botiga WALA del Centre Comercial Via Sabadell, i el dissabte de 10.30 h a 13.30 h i de 17.00 h a 21.00 h a la Fira Sabadell.<\/span><\/p>\n<\/div>\n<p><a href=\"https:\/\/blogmaldito.com\/2015\/03\/16\/mini-historias-de-la-marato-de-barcelona-2015\/tira-separadora-blogmaldito\/\" rel=\"attachment wp-att-10534\"><img data-recalc-dims=\"1\" loading=\"lazy\" decoding=\"async\" data-attachment-id=\"10534\" data-permalink=\"https:\/\/blogmaldito.com\/ca\/2015\/03\/16\/mini-historias-de-la-marato-de-barcelona-2015\/tira-separadora-blogmaldito\/\" data-orig-file=\"https:\/\/i0.wp.com\/blogmaldito.com\/wp-content\/uploads\/2015\/03\/tira-separadora-blogmaldito.jpg?fit=500%2C5&amp;ssl=1\" data-orig-size=\"500,5\" data-comments-opened=\"1\" data-image-meta=\"{&quot;aperture&quot;:&quot;0&quot;,&quot;credit&quot;:&quot;&quot;,&quot;camera&quot;:&quot;&quot;,&quot;caption&quot;:&quot;&quot;,&quot;created_timestamp&quot;:&quot;0&quot;,&quot;copyright&quot;:&quot;&quot;,&quot;focal_length&quot;:&quot;0&quot;,&quot;iso&quot;:&quot;0&quot;,&quot;shutter_speed&quot;:&quot;0&quot;,&quot;title&quot;:&quot;&quot;,&quot;orientation&quot;:&quot;1&quot;}\" data-image-title=\"TIRA SEPARADORA BLOGMALDITO\" data-image-description=\"\" data-image-caption=\"\" data-large-file=\"https:\/\/i0.wp.com\/blogmaldito.com\/wp-content\/uploads\/2015\/03\/tira-separadora-blogmaldito.jpg?fit=500%2C5&amp;ssl=1\" class=\"aligncenter size-full wp-image-10534\" src=\"https:\/\/i0.wp.com\/blogmaldito.com\/wp-content\/uploads\/2015\/03\/tira-separadora-blogmaldito.jpg?resize=500%2C5&#038;ssl=1\" alt=\"\" width=\"500\" height=\"5\" title=\"\"><\/a><\/p>\n<blockquote style=\"background-color: #f9f9f9; border-left: 5px solid #008000; padding: 15px; border-radius: 5px;\">\n<p style=\"margin-bottom: 10px; text-align: center;\"><span style=\"font-size: 18px; color: #008000;\"><b>Carreras para ese fin de semana<\/b><\/span><\/p>\n<ul>\n<li><a href=\"https:\/\/wp.me\/pNuBu-oCn\" target=\"_blank\" rel=\"noopener\"><span style=\"font-size: 14px;\"><strong><span style=\"color: #000000;\">Gu\u00eda Cursa Festa Major Santa Coloma<\/span><\/strong><\/span><\/a><\/li>\n<li><a href=\"https:\/\/wp.me\/pNuBu-oBU\" target=\"_blank\" rel=\"noopener\"><span style=\"font-size: 14px;\"><strong><span style=\"color: #000000;\">Gu\u00eda Cursa Festa Major Sabadell<\/span><\/strong><\/span><\/a><\/li>\n<li><a href=\"https:\/\/wp.me\/pNuBu-iph\" target=\"_blank\" rel=\"noopener\"><span style=\"font-size: 14px;\"><strong><span style=\"color: #000000;\">Gu\u00eda Cursa de la Vinya<\/span><\/strong><\/span><\/a><\/li>\n<\/ul>\n<\/blockquote>\n<p><a href=\"http:\/\/blogmaldito.com\/2020\/09\/02\/asi-estan-las-carreras-populares-de-barcelona-con-el-covid-2\/attachment\/53604\/\" rel=\"attachment wp-att-53604\"><img data-recalc-dims=\"1\" loading=\"lazy\" decoding=\"async\" data-attachment-id=\"53604\" data-permalink=\"https:\/\/blogmaldito.com\/ca\/?attachment_id=53604\" data-orig-file=\"https:\/\/i0.wp.com\/blogmaldito.com\/wp-content\/uploads\/2020\/09\/separador-3-4.jpg?fit=300%2C3&amp;ssl=1\" data-orig-size=\"300,3\" data-comments-opened=\"1\" data-image-meta=\"{&quot;aperture&quot;:&quot;0&quot;,&quot;credit&quot;:&quot;&quot;,&quot;camera&quot;:&quot;&quot;,&quot;caption&quot;:&quot;&quot;,&quot;created_timestamp&quot;:&quot;0&quot;,&quot;copyright&quot;:&quot;&quot;,&quot;focal_length&quot;:&quot;0&quot;,&quot;iso&quot;:&quot;0&quot;,&quot;shutter_speed&quot;:&quot;0&quot;,&quot;title&quot;:&quot;&quot;,&quot;orientation&quot;:&quot;1&quot;}\" data-image-title=\"\" data-image-description=\"\" data-image-caption=\"\" data-large-file=\"https:\/\/i0.wp.com\/blogmaldito.com\/wp-content\/uploads\/2020\/09\/separador-3-4.jpg?fit=300%2C3&amp;ssl=1\" class=\"aligncenter wp-image-53604\" src=\"https:\/\/i0.wp.com\/blogmaldito.com\/wp-content\/uploads\/2020\/09\/separador-3-4.jpg?resize=500%2C5&#038;ssl=1\" alt=\"\" width=\"500\" height=\"5\" title=\"\"><\/a><\/p>\n<blockquote><p><span style=\"color: #000000; font-size: 16px;\">Y si os gusta lo que hago y quer\u00e9is estar al d\u00eda de los an\u00e1lisis de <strong>recorridos<\/strong>, <strong>calendarios<\/strong> de carreras, <strong>fotos<\/strong>, <strong>consejos<\/strong>, notas de <strong>humor<\/strong>&#8230; Pues ya sab\u00e9is, ten\u00e9is la opci\u00f3n de comentar, suscribiros al blog y seguidme en las redes.<br \/>\n<span style=\"color: #cfcfcf;\">.<\/span><\/span><\/p>\n<p style=\"text-align: center;\"><iframe loading=\"lazy\" style=\"border: 1px solid #EEE; background: white;\" src=\"https:\/\/blogmaldito.substack.com\/embed?minimal=true\" width=\"480\" height=\"150\" frameborder=\"0\" scrolling=\"no\" data-mce-fragment=\"1\"><\/iframe><\/p>\n<p style=\"text-align: center;\"><span style=\"font-size: 14px;\"><span style=\"color: #e01955;\"><strong><a style=\"color: #e01955;\" href=\"https:\/\/www.instagram.com\/blogmaldito\/\" target=\"_blank\" rel=\"noopener\">INSTAGRAM<\/a><\/strong>\u00a0<\/span>\u00b7 \u00a0<span style=\"color: #000000;\"><strong><a style=\"color: #000000;\" href=\"https:\/\/www.facebook.com\/Blogmaldito\" target=\"_blank\" rel=\"noopener\"><span style=\"color: #3366ff;\">FACEBOOK<\/span><\/a><\/strong><\/span> \u00b7\u00a0<span style=\"color: #000080;\"><strong><a style=\"color: #000080;\" href=\"https:\/\/t.me\/blogmaldito\">TELEGRAM<\/a><\/strong><\/span> \u00b7\u00a0<span style=\"color: #339966;\"><strong><a style=\"color: #339966;\" href=\"https:\/\/whatsapp.com\/channel\/0029Va8QAEf8PgsGnMrupi1r\" target=\"_blank\" rel=\"noopener\">WHATSAPP<\/a><\/strong><\/span><span style=\"color: #339966;\"><strong><span style=\"color: #333333;\">\u00a0\u00b7 <\/span><a href=\"https:\/\/www.strava.com\/athletes\/13414582\" target=\"_blank\" rel=\"noopener\"><span style=\"color: #ff6600;\">STRAVA<\/span><\/a><\/strong><\/span>\u00a0<\/span><\/p>\n<\/blockquote>\n<hr \/>\n<p style=\"text-align: center;\"><span style=\"font-size: 14px;\"><em>Blogmaldito es un blog con filosof\u00eda \u2018Non Profit\u2019. \u00bfQu\u00e9 significa esto? Que tengo como principio que todos los contenidos son para disfrutarlos con la condici\u00f3n de que no hagas un uso comercial e interesado de ellos. Todo lo hago como hobby y desde una perspectiva de corredor popular para el resto de corredores y amigos que me encuentro en las carreras.<\/em><\/span><\/p>\n<p style=\"text-align: center;\"><span style=\"font-size: 14px;\"><em>Justo por eso, ni puedo ni quiero ganar dinero con esto de correr. No acepto invitaciones, ni regalos. No estoy en venta. Para m\u00ed ya es un regalo que alguien se moleste en sacar un poco de tiempo al leerme y hablar de esta locura de flipados haciendo el cabra por las calles y las monta\u00f1as.<\/em><\/span><\/p>\n<hr \/>\n<hr \/>\n","protected":false},"excerpt":{"rendered":"<p>Com cada inici de setembre tenim cita amb les curses populars a una de les cocapitals del Vall\u00e8s Occidental amb la Cursa Festa Major Sabadell que mant\u00e9 intacte l&#8217;ess\u00e8ncia de c\u00f3rrer pel centre de la ciutat mantenint-se com a gratu\u00efta i, des de fa uns anys amb la possibilitat d&#8217;escollir entre 5 i 10 km. &hellip; <a href=\"https:\/\/blogmaldito.com\/ca\/2026\/09\/02\/guia-cursa-festa-major-de-sabadell-analisis-del-recorregut-estrategia-y-tot-el-que-has-de-saber\/\" class=\"more-link\">Continua la lectura de <span class=\"screen-reader-text\">Guia Cursa Festa Major Sabadell: an\u00e0lisis nous recorreguts, consells i estrat\u00e8gia<\/span><\/a><\/p>","protected":false},"author":5492619,"featured_media":94613,"comment_status":"open","ping_status":"open","sticky":false,"template":"","format":"standard","meta":{"_jetpack_newsletter_access":"","_jetpack_dont_email_post_to_subs":false,"_jetpack_newsletter_tier_id":0,"_jetpack_memberships_contains_paywalled_content":false,"_wpcom_ai_launchpad_first_post":false,"_jetpack_feature_clip_id":0,"_jetpack_memberships_contains_paid_content":false,"footnotes":"","jetpack_publicize_message":"","jetpack_publicize_feature_enabled":true,"jetpack_social_post_already_shared":true,"jetpack_social_options":{"image_generator_settings":{"template":"highway","default_image_id":0,"font":"","enabled":false},"version":2},"jetpack_post_was_ever_published":false},"categories":[158961200],"tags":[749965548,749965655,250504744,749965654,749965656],"class_list":["post-94606","post","type-post","status-publish","format-standard","has-post-thumbnail","hentry","category-consejos-expres","tag-consejos-expres","tag-cursa-festa-major-sabadell","tag-mitja-de-sabadell","tag-recorregut-cursa-festa-major-sabadell","tag-recorrido-cursa-festa-major-sabadell","fallback-thumbnail"],"jetpack_publicize_connections":[],"jetpack_likes_enabled":false,"jetpack_sharing_enabled":true,"jetpack_shortlink":"https:\/\/wp.me\/pNuBu-oBU","jetpack-related-posts":[{"id":104895,"url":"https:\/\/blogmaldito.com\/ca\/2026\/05\/28\/guia-corro-contra-el-cancer-sabadell-recorregut-2026\/","url_meta":{"origin":94606,"position":0},"title":"Guia Corro contra el C\u00e0ncer Sabadell: an\u00e0lisis recorregut, consells i tot el que has de saber","author":"David Blogmaldito","date":"maig 28, 2026","format":false,"excerpt":"Una jornada de solidaritat i de suor (data vorejant l'estiu) \u00e9s el que proposa la Cursa Corro contra el C\u00e0ncer de Sabadell, una altra m\u00e9s de les proves populars gestionades per We Run (aquesta, potser, la m\u00e9s popular de totes), que des de fa uns anys estan fent una feina\u2026","rel":"","context":"A &quot;Gu\u00edas de carreras&quot;","block_context":{"text":"Gu\u00edas de carreras","link":"https:\/\/blogmaldito.com\/ca\/category\/consejos-expres\/"},"img":{"alt_text":"guia-corredor-corro-contra-cancer-sabadell-2026","src":"https:\/\/i0.wp.com\/blogmaldito.com\/wp-content\/uploads\/2026\/05\/00-CORRO-CONTRA-CANCER-SABADELL-GUIA-CORREDOR-ANALISIS-CIRCUITO-RECORRIDO-CONSEJOS-EXPRES-FOTOS-CLASIFICACION-HORARIOS-DORSAL-1.jpg?fit=1200%2C675&ssl=1&resize=350%2C200","width":350,"height":200,"srcset":"https:\/\/i0.wp.com\/blogmaldito.com\/wp-content\/uploads\/2026\/05\/00-CORRO-CONTRA-CANCER-SABADELL-GUIA-CORREDOR-ANALISIS-CIRCUITO-RECORRIDO-CONSEJOS-EXPRES-FOTOS-CLASIFICACION-HORARIOS-DORSAL-1.jpg?fit=1200%2C675&ssl=1&resize=350%2C200 1x, https:\/\/i0.wp.com\/blogmaldito.com\/wp-content\/uploads\/2026\/05\/00-CORRO-CONTRA-CANCER-SABADELL-GUIA-CORREDOR-ANALISIS-CIRCUITO-RECORRIDO-CONSEJOS-EXPRES-FOTOS-CLASIFICACION-HORARIOS-DORSAL-1.jpg?fit=1200%2C675&ssl=1&resize=525%2C300 1.5x, https:\/\/i0.wp.com\/blogmaldito.com\/wp-content\/uploads\/2026\/05\/00-CORRO-CONTRA-CANCER-SABADELL-GUIA-CORREDOR-ANALISIS-CIRCUITO-RECORRIDO-CONSEJOS-EXPRES-FOTOS-CLASIFICACION-HORARIOS-DORSAL-1.jpg?fit=1200%2C675&ssl=1&resize=700%2C400 2x, https:\/\/i0.wp.com\/blogmaldito.com\/wp-content\/uploads\/2026\/05\/00-CORRO-CONTRA-CANCER-SABADELL-GUIA-CORREDOR-ANALISIS-CIRCUITO-RECORRIDO-CONSEJOS-EXPRES-FOTOS-CLASIFICACION-HORARIOS-DORSAL-1.jpg?fit=1200%2C675&ssl=1&resize=1050%2C600 3x"},"classes":[]},{"id":76075,"url":"https:\/\/blogmaldito.com\/ca\/2023\/09\/01\/consells-expres-cursa-festa-major-de-sabadell\/","url_meta":{"origin":94606,"position":1},"title":"Gu\u00eda Cursa Festa Major de Sabadell","author":"David Blogmaldito","date":"setembre 1, 2023","format":false,"excerpt":"Setembre comen\u00e7a amb la trista sorpresa que aquest any no es faria la Mitja de Sabadell (i ja veurem si en el futur continua, que jo tinc dubtes perqu\u00e8 era caf\u00e9 para muy cafeteros -triple volta, calor i tornant de vacances-), per\u00f2 ens queda, per sort, la possibilitat de c\u00f3rrer\u2026","rel":"","context":"A &quot;Gu\u00edas de carreras&quot;","block_context":{"text":"Gu\u00edas de carreras","link":"https:\/\/blogmaldito.com\/ca\/category\/consejos-expres\/"},"img":{"alt_text":"","src":"https:\/\/i0.wp.com\/blogmaldito.com\/wp-content\/uploads\/2023\/09\/00-CURSA-FESTA-MAJOR-SABADELL-CONSEJOS-EXPRES-GUIA-ANALISIS-CIRCUITO.jpg?fit=1200%2C628&ssl=1&resize=350%2C200","width":350,"height":200,"srcset":"https:\/\/i0.wp.com\/blogmaldito.com\/wp-content\/uploads\/2023\/09\/00-CURSA-FESTA-MAJOR-SABADELL-CONSEJOS-EXPRES-GUIA-ANALISIS-CIRCUITO.jpg?fit=1200%2C628&ssl=1&resize=350%2C200 1x, https:\/\/i0.wp.com\/blogmaldito.com\/wp-content\/uploads\/2023\/09\/00-CURSA-FESTA-MAJOR-SABADELL-CONSEJOS-EXPRES-GUIA-ANALISIS-CIRCUITO.jpg?fit=1200%2C628&ssl=1&resize=525%2C300 1.5x, https:\/\/i0.wp.com\/blogmaldito.com\/wp-content\/uploads\/2023\/09\/00-CURSA-FESTA-MAJOR-SABADELL-CONSEJOS-EXPRES-GUIA-ANALISIS-CIRCUITO.jpg?fit=1200%2C628&ssl=1&resize=700%2C400 2x, https:\/\/i0.wp.com\/blogmaldito.com\/wp-content\/uploads\/2023\/09\/00-CURSA-FESTA-MAJOR-SABADELL-CONSEJOS-EXPRES-GUIA-ANALISIS-CIRCUITO.jpg?fit=1200%2C628&ssl=1&resize=1050%2C600 3x"},"classes":[]},{"id":85178,"url":"https:\/\/blogmaldito.com\/ca\/2024\/09\/06\/guia-cursa-festa-major-sabadell-analisis-recorrido-recorregut-circuit-consejos-expres\/","url_meta":{"origin":94606,"position":2},"title":"Gu\u00eda Cursa Festa Major de Sabadell","author":"David Blogmaldito","date":"setembre 6, 2024","format":false,"excerpt":"Com cada inici de setembre tenim cita amb les curses populars a una de les cocapitals del vall\u00e8s Occidental. Ja, definitivament, sense l'opci\u00f3 de fer la Mitja Marat\u00f3 (una ll\u00e0stima, per\u00f2 era cert que era caf\u00e9 para muy cafeteros -triple volta, calor i tornant de vacances- que nom\u00e9s es sostenia\u2026","rel":"","context":"A &quot;Gu\u00edas de carreras&quot;","block_context":{"text":"Gu\u00edas de carreras","link":"https:\/\/blogmaldito.com\/ca\/category\/consejos-expres\/"},"img":{"alt_text":"","src":"https:\/\/i0.wp.com\/blogmaldito.com\/wp-content\/uploads\/2024\/09\/00-GUIA-CURSA-FESTA-MAJOR-SABADELL-CONSEJOS-EXPRES-ANALISIS-RECORREGUT-RECORRIDO-CIRCUIT.jpg?fit=1200%2C628&ssl=1&resize=350%2C200","width":350,"height":200,"srcset":"https:\/\/i0.wp.com\/blogmaldito.com\/wp-content\/uploads\/2024\/09\/00-GUIA-CURSA-FESTA-MAJOR-SABADELL-CONSEJOS-EXPRES-ANALISIS-RECORREGUT-RECORRIDO-CIRCUIT.jpg?fit=1200%2C628&ssl=1&resize=350%2C200 1x, https:\/\/i0.wp.com\/blogmaldito.com\/wp-content\/uploads\/2024\/09\/00-GUIA-CURSA-FESTA-MAJOR-SABADELL-CONSEJOS-EXPRES-ANALISIS-RECORREGUT-RECORRIDO-CIRCUIT.jpg?fit=1200%2C628&ssl=1&resize=525%2C300 1.5x, https:\/\/i0.wp.com\/blogmaldito.com\/wp-content\/uploads\/2024\/09\/00-GUIA-CURSA-FESTA-MAJOR-SABADELL-CONSEJOS-EXPRES-ANALISIS-RECORREGUT-RECORRIDO-CIRCUIT.jpg?fit=1200%2C628&ssl=1&resize=700%2C400 2x, https:\/\/i0.wp.com\/blogmaldito.com\/wp-content\/uploads\/2024\/09\/00-GUIA-CURSA-FESTA-MAJOR-SABADELL-CONSEJOS-EXPRES-ANALISIS-RECORREGUT-RECORRIDO-CIRCUIT.jpg?fit=1200%2C628&ssl=1&resize=1050%2C600 3x"},"classes":[]},{"id":106274,"url":"https:\/\/blogmaldito.com\/ca\/2026\/06\/30\/guia-cursa-festa-major-terrassa-consejos\/","url_meta":{"origin":94606,"position":3},"title":"Gu\u00eda Cursa Festa Major Terrassa: an\u00e1lisis recorrido, consejos y todo lo que debes saber","author":"David Blogmaldito","date":"juny 30, 2026","format":false,"excerpt":"Otro a\u00f1o m\u00e1s llega la muy popular Cursa Festa Major Terrassa, una prueba que este a\u00f1o se centra en un recorrido de 6 km con los t\u00edpicos exigentes pero divertidos subes y bajas de la cocapital del Vall\u00e8s Occidental. Aqu\u00ed tienes una guia completa del Cursa Festa Major Terrassa\u00a0con un\u2026","rel":"","context":"A &quot;Gu\u00edas de carreras&quot;","block_context":{"text":"Gu\u00edas de carreras","link":"https:\/\/blogmaldito.com\/ca\/category\/consejos-expres\/"},"img":{"alt_text":"guia-cursa-festa-major-terrassa-recorrido-consejos","src":"https:\/\/i0.wp.com\/blogmaldito.com\/wp-content\/uploads\/2026\/06\/00-CURSA-FESTA-MAJOR-TERRASSA-GUIA-CORREDOR-ANALISIS-CIRCUITO-RECORRIDO-CONSEJOS-EXPRES-FOTOS-CLASIFICACION-HORARIOS-DORSAL.jpg?fit=1200%2C675&ssl=1&resize=350%2C200","width":350,"height":200,"srcset":"https:\/\/i0.wp.com\/blogmaldito.com\/wp-content\/uploads\/2026\/06\/00-CURSA-FESTA-MAJOR-TERRASSA-GUIA-CORREDOR-ANALISIS-CIRCUITO-RECORRIDO-CONSEJOS-EXPRES-FOTOS-CLASIFICACION-HORARIOS-DORSAL.jpg?fit=1200%2C675&ssl=1&resize=350%2C200 1x, https:\/\/i0.wp.com\/blogmaldito.com\/wp-content\/uploads\/2026\/06\/00-CURSA-FESTA-MAJOR-TERRASSA-GUIA-CORREDOR-ANALISIS-CIRCUITO-RECORRIDO-CONSEJOS-EXPRES-FOTOS-CLASIFICACION-HORARIOS-DORSAL.jpg?fit=1200%2C675&ssl=1&resize=525%2C300 1.5x, https:\/\/i0.wp.com\/blogmaldito.com\/wp-content\/uploads\/2026\/06\/00-CURSA-FESTA-MAJOR-TERRASSA-GUIA-CORREDOR-ANALISIS-CIRCUITO-RECORRIDO-CONSEJOS-EXPRES-FOTOS-CLASIFICACION-HORARIOS-DORSAL.jpg?fit=1200%2C675&ssl=1&resize=700%2C400 2x, https:\/\/i0.wp.com\/blogmaldito.com\/wp-content\/uploads\/2026\/06\/00-CURSA-FESTA-MAJOR-TERRASSA-GUIA-CORREDOR-ANALISIS-CIRCUITO-RECORRIDO-CONSEJOS-EXPRES-FOTOS-CLASIFICACION-HORARIOS-DORSAL.jpg?fit=1200%2C675&ssl=1&resize=1050%2C600 3x"},"classes":[]},{"id":107257,"url":"https:\/\/blogmaldito.com\/ca\/2026\/08\/14\/guia-cursa-festa-major-sants-consejos\/","url_meta":{"origin":94606,"position":4},"title":"Gu\u00eda Cursa Festa Major Sants: Recorrido explicado y consejos para correrla","author":"David Blogmaldito","date":"agost 14, 2026","format":false,"excerpt":"La Cursa Festa Major Sants (anteriormente conocida como Els 2.000 de Sants) es otra de esas pruebas de barri que sirven de tastet\u00a0 y disfrute antes de entrar a fondo en la temporada de oto\u00f1o e invierno de las carreras populares. Un ida y vuelta por el carrer Creu Coberta\u2026","rel":"","context":"A &quot;Gu\u00edas de carreras&quot;","block_context":{"text":"Gu\u00edas de carreras","link":"https:\/\/blogmaldito.com\/ca\/category\/consejos-expres\/"},"img":{"alt_text":"guia-cursa-festa-major-sants-recorrido-consejos","src":"https:\/\/i0.wp.com\/blogmaldito.com\/wp-content\/uploads\/2026\/08\/00-CURSA-FESTA-MAJOR-SANTS-2000-GUIA-CORREDOR-ANALISIS-CIRCUITO-RECORRIDO-CONSEJOS-EXPRES-FOTOS-CLASIFICACION-HORARIOS-DORSAL.jpg?fit=1200%2C675&ssl=1&resize=350%2C200","width":350,"height":200,"srcset":"https:\/\/i0.wp.com\/blogmaldito.com\/wp-content\/uploads\/2026\/08\/00-CURSA-FESTA-MAJOR-SANTS-2000-GUIA-CORREDOR-ANALISIS-CIRCUITO-RECORRIDO-CONSEJOS-EXPRES-FOTOS-CLASIFICACION-HORARIOS-DORSAL.jpg?fit=1200%2C675&ssl=1&resize=350%2C200 1x, https:\/\/i0.wp.com\/blogmaldito.com\/wp-content\/uploads\/2026\/08\/00-CURSA-FESTA-MAJOR-SANTS-2000-GUIA-CORREDOR-ANALISIS-CIRCUITO-RECORRIDO-CONSEJOS-EXPRES-FOTOS-CLASIFICACION-HORARIOS-DORSAL.jpg?fit=1200%2C675&ssl=1&resize=525%2C300 1.5x, https:\/\/i0.wp.com\/blogmaldito.com\/wp-content\/uploads\/2026\/08\/00-CURSA-FESTA-MAJOR-SANTS-2000-GUIA-CORREDOR-ANALISIS-CIRCUITO-RECORRIDO-CONSEJOS-EXPRES-FOTOS-CLASIFICACION-HORARIOS-DORSAL.jpg?fit=1200%2C675&ssl=1&resize=700%2C400 2x, https:\/\/i0.wp.com\/blogmaldito.com\/wp-content\/uploads\/2026\/08\/00-CURSA-FESTA-MAJOR-SANTS-2000-GUIA-CORREDOR-ANALISIS-CIRCUITO-RECORRIDO-CONSEJOS-EXPRES-FOTOS-CLASIFICACION-HORARIOS-DORSAL.jpg?fit=1200%2C675&ssl=1&resize=1050%2C600 3x"},"classes":[]},{"id":96842,"url":"https:\/\/blogmaldito.com\/ca\/2025\/11\/14\/guia-cursa-cn-sabadell-recorregut-consells-que-saber\/","url_meta":{"origin":94606,"position":5},"title":"Guia Cursa CN Sabadell: an\u00e0lisis del recorregut, consells i tot el que has de saber","author":"David Blogmaldito","date":"novembre 14, 2025","format":false,"excerpt":"En un cap de setmana petat de proves atl\u00e8tiques populars no podia faltar una de cl\u00e0ssica que organitza un dels m\u00e9s grans clubs de nataci\u00f3 de Catalunya a la cocapital del Vall\u00e8s Occidental: la\u00a0Cursa CN Sabadel\u00a0. Una prova, que els \u00faltims anys, quasi sempre per causes de for\u00e7a major, ha\u2026","rel":"","context":"A &quot;Gu\u00edas de carreras&quot;","block_context":{"text":"Gu\u00edas de carreras","link":"https:\/\/blogmaldito.com\/ca\/category\/consejos-expres\/"},"img":{"alt_text":"","src":"https:\/\/i0.wp.com\/blogmaldito.com\/wp-content\/uploads\/2025\/11\/00-CURSA-CN-SABADELL-GUIA-CORREDOR-ANALISIS-CIRCUITO-RECORRIDO-CONSEJOS-EXPRES-FOTOS-CLASIFICACION-HORARIOS-DORSAL-v2.jpg?fit=1200%2C675&ssl=1&resize=350%2C200","width":350,"height":200,"srcset":"https:\/\/i0.wp.com\/blogmaldito.com\/wp-content\/uploads\/2025\/11\/00-CURSA-CN-SABADELL-GUIA-CORREDOR-ANALISIS-CIRCUITO-RECORRIDO-CONSEJOS-EXPRES-FOTOS-CLASIFICACION-HORARIOS-DORSAL-v2.jpg?fit=1200%2C675&ssl=1&resize=350%2C200 1x, https:\/\/i0.wp.com\/blogmaldito.com\/wp-content\/uploads\/2025\/11\/00-CURSA-CN-SABADELL-GUIA-CORREDOR-ANALISIS-CIRCUITO-RECORRIDO-CONSEJOS-EXPRES-FOTOS-CLASIFICACION-HORARIOS-DORSAL-v2.jpg?fit=1200%2C675&ssl=1&resize=525%2C300 1.5x, https:\/\/i0.wp.com\/blogmaldito.com\/wp-content\/uploads\/2025\/11\/00-CURSA-CN-SABADELL-GUIA-CORREDOR-ANALISIS-CIRCUITO-RECORRIDO-CONSEJOS-EXPRES-FOTOS-CLASIFICACION-HORARIOS-DORSAL-v2.jpg?fit=1200%2C675&ssl=1&resize=700%2C400 2x, https:\/\/i0.wp.com\/blogmaldito.com\/wp-content\/uploads\/2025\/11\/00-CURSA-CN-SABADELL-GUIA-CORREDOR-ANALISIS-CIRCUITO-RECORRIDO-CONSEJOS-EXPRES-FOTOS-CLASIFICACION-HORARIOS-DORSAL-v2.jpg?fit=1200%2C675&ssl=1&resize=1050%2C600 3x"},"classes":[]}],"jetpack_featured_media_url":"https:\/\/i0.wp.com\/blogmaldito.com\/wp-content\/uploads\/2025\/09\/00-CURSA-FESTA-MAJOR-SABADELL-GUIA-CORREDOR-ANALISIS-CIRCUITO-RECORRIDO-CONSEJOS-EXPRES-FOTOS-CLASIFICACION-HORARIOS-DORSAL.jpg?fit=3413%2C1920&ssl=1","rttpg_featured_image_url":{"full":["https:\/\/i0.wp.com\/blogmaldito.com\/wp-content\/uploads\/2025\/09\/00-CURSA-FESTA-MAJOR-SABADELL-GUIA-CORREDOR-ANALISIS-CIRCUITO-RECORRIDO-CONSEJOS-EXPRES-FOTOS-CLASIFICACION-HORARIOS-DORSAL.jpg?fit=3413%2C1920&ssl=1",3413,1920,false],"landscape":["https:\/\/blogmaldito.com\/wp-content\/uploads\/2025\/09\/00-CURSA-FESTA-MAJOR-SABADELL-GUIA-CORREDOR-ANALISIS-CIRCUITO-RECORRIDO-CONSEJOS-EXPRES-FOTOS-CLASIFICACION-HORARIOS-DORSAL.jpg",3413,1920,false],"portraits":["https:\/\/blogmaldito.com\/wp-content\/uploads\/2025\/09\/00-CURSA-FESTA-MAJOR-SABADELL-GUIA-CORREDOR-ANALISIS-CIRCUITO-RECORRIDO-CONSEJOS-EXPRES-FOTOS-CLASIFICACION-HORARIOS-DORSAL.jpg",3413,1920,false],"thumbnail":["https:\/\/i0.wp.com\/blogmaldito.com\/wp-content\/uploads\/2025\/09\/00-CURSA-FESTA-MAJOR-SABADELL-GUIA-CORREDOR-ANALISIS-CIRCUITO-RECORRIDO-CONSEJOS-EXPRES-FOTOS-CLASIFICACION-HORARIOS-DORSAL.jpg?fit=150%2C84&ssl=1",150,84,true],"medium":["https:\/\/i0.wp.com\/blogmaldito.com\/wp-content\/uploads\/2025\/09\/00-CURSA-FESTA-MAJOR-SABADELL-GUIA-CORREDOR-ANALISIS-CIRCUITO-RECORRIDO-CONSEJOS-EXPRES-FOTOS-CLASIFICACION-HORARIOS-DORSAL.jpg?fit=300%2C169&ssl=1",300,169,true],"large":["https:\/\/i0.wp.com\/blogmaldito.com\/wp-content\/uploads\/2025\/09\/00-CURSA-FESTA-MAJOR-SABADELL-GUIA-CORREDOR-ANALISIS-CIRCUITO-RECORRIDO-CONSEJOS-EXPRES-FOTOS-CLASIFICACION-HORARIOS-DORSAL.jpg?fit=676%2C380&ssl=1",676,380,true],"1536x1536":["https:\/\/i0.wp.com\/blogmaldito.com\/wp-content\/uploads\/2025\/09\/00-CURSA-FESTA-MAJOR-SABADELL-GUIA-CORREDOR-ANALISIS-CIRCUITO-RECORRIDO-CONSEJOS-EXPRES-FOTOS-CLASIFICACION-HORARIOS-DORSAL.jpg?fit=1536%2C864&ssl=1",1536,864,true],"2048x2048":["https:\/\/i0.wp.com\/blogmaldito.com\/wp-content\/uploads\/2025\/09\/00-CURSA-FESTA-MAJOR-SABADELL-GUIA-CORREDOR-ANALISIS-CIRCUITO-RECORRIDO-CONSEJOS-EXPRES-FOTOS-CLASIFICACION-HORARIOS-DORSAL.jpg?fit=2048%2C1152&ssl=1",2048,1152,true],"trp-custom-language-flag":["https:\/\/i0.wp.com\/blogmaldito.com\/wp-content\/uploads\/2025\/09\/00-CURSA-FESTA-MAJOR-SABADELL-GUIA-CORREDOR-ANALISIS-CIRCUITO-RECORRIDO-CONSEJOS-EXPRES-FOTOS-CLASIFICACION-HORARIOS-DORSAL.jpg?fit=18%2C10&ssl=1",18,10,true],"smart-post-landscape":["https:\/\/i0.wp.com\/blogmaldito.com\/wp-content\/uploads\/2025\/09\/00-CURSA-FESTA-MAJOR-SABADELL-GUIA-CORREDOR-ANALISIS-CIRCUITO-RECORRIDO-CONSEJOS-EXPRES-FOTOS-CLASIFICACION-HORARIOS-DORSAL.jpg?resize=870%2C570&ssl=1",870,570,true],"smart-post-portrait":["https:\/\/i0.wp.com\/blogmaldito.com\/wp-content\/uploads\/2025\/09\/00-CURSA-FESTA-MAJOR-SABADELL-GUIA-CORREDOR-ANALISIS-CIRCUITO-RECORRIDO-CONSEJOS-EXPRES-FOTOS-CLASIFICACION-HORARIOS-DORSAL.jpg?resize=600%2C900&ssl=1",600,900,true],"newspack-article-block-landscape-large":["https:\/\/i0.wp.com\/blogmaldito.com\/wp-content\/uploads\/2025\/09\/00-CURSA-FESTA-MAJOR-SABADELL-GUIA-CORREDOR-ANALISIS-CIRCUITO-RECORRIDO-CONSEJOS-EXPRES-FOTOS-CLASIFICACION-HORARIOS-DORSAL.jpg?resize=1200%2C900&ssl=1",1200,900,true],"newspack-article-block-portrait-large":["https:\/\/i0.wp.com\/blogmaldito.com\/wp-content\/uploads\/2025\/09\/00-CURSA-FESTA-MAJOR-SABADELL-GUIA-CORREDOR-ANALISIS-CIRCUITO-RECORRIDO-CONSEJOS-EXPRES-FOTOS-CLASIFICACION-HORARIOS-DORSAL.jpg?resize=900%2C1200&ssl=1",900,1200,true],"newspack-article-block-square-large":["https:\/\/i0.wp.com\/blogmaldito.com\/wp-content\/uploads\/2025\/09\/00-CURSA-FESTA-MAJOR-SABADELL-GUIA-CORREDOR-ANALISIS-CIRCUITO-RECORRIDO-CONSEJOS-EXPRES-FOTOS-CLASIFICACION-HORARIOS-DORSAL.jpg?resize=1200%2C1200&ssl=1",1200,1200,true],"newspack-article-block-landscape-medium":["https:\/\/i0.wp.com\/blogmaldito.com\/wp-content\/uploads\/2025\/09\/00-CURSA-FESTA-MAJOR-SABADELL-GUIA-CORREDOR-ANALISIS-CIRCUITO-RECORRIDO-CONSEJOS-EXPRES-FOTOS-CLASIFICACION-HORARIOS-DORSAL.jpg?resize=800%2C600&ssl=1",800,600,true],"newspack-article-block-portrait-medium":["https:\/\/i0.wp.com\/blogmaldito.com\/wp-content\/uploads\/2025\/09\/00-CURSA-FESTA-MAJOR-SABADELL-GUIA-CORREDOR-ANALISIS-CIRCUITO-RECORRIDO-CONSEJOS-EXPRES-FOTOS-CLASIFICACION-HORARIOS-DORSAL.jpg?resize=600%2C800&ssl=1",600,800,true],"newspack-article-block-square-medium":["https:\/\/i0.wp.com\/blogmaldito.com\/wp-content\/uploads\/2025\/09\/00-CURSA-FESTA-MAJOR-SABADELL-GUIA-CORREDOR-ANALISIS-CIRCUITO-RECORRIDO-CONSEJOS-EXPRES-FOTOS-CLASIFICACION-HORARIOS-DORSAL.jpg?resize=800%2C800&ssl=1",800,800,true],"newspack-article-block-landscape-intermediate":["https:\/\/i0.wp.com\/blogmaldito.com\/wp-content\/uploads\/2025\/09\/00-CURSA-FESTA-MAJOR-SABADELL-GUIA-CORREDOR-ANALISIS-CIRCUITO-RECORRIDO-CONSEJOS-EXPRES-FOTOS-CLASIFICACION-HORARIOS-DORSAL.jpg?resize=600%2C450&ssl=1",600,450,true],"newspack-article-block-portrait-intermediate":["https:\/\/i0.wp.com\/blogmaldito.com\/wp-content\/uploads\/2025\/09\/00-CURSA-FESTA-MAJOR-SABADELL-GUIA-CORREDOR-ANALISIS-CIRCUITO-RECORRIDO-CONSEJOS-EXPRES-FOTOS-CLASIFICACION-HORARIOS-DORSAL.jpg?resize=450%2C600&ssl=1",450,600,true],"newspack-article-block-square-intermediate":["https:\/\/i0.wp.com\/blogmaldito.com\/wp-content\/uploads\/2025\/09\/00-CURSA-FESTA-MAJOR-SABADELL-GUIA-CORREDOR-ANALISIS-CIRCUITO-RECORRIDO-CONSEJOS-EXPRES-FOTOS-CLASIFICACION-HORARIOS-DORSAL.jpg?resize=600%2C600&ssl=1",600,600,true],"newspack-article-block-landscape-small":["https:\/\/i0.wp.com\/blogmaldito.com\/wp-content\/uploads\/2025\/09\/00-CURSA-FESTA-MAJOR-SABADELL-GUIA-CORREDOR-ANALISIS-CIRCUITO-RECORRIDO-CONSEJOS-EXPRES-FOTOS-CLASIFICACION-HORARIOS-DORSAL.jpg?resize=400%2C300&ssl=1",400,300,true],"newspack-article-block-portrait-small":["https:\/\/i0.wp.com\/blogmaldito.com\/wp-content\/uploads\/2025\/09\/00-CURSA-FESTA-MAJOR-SABADELL-GUIA-CORREDOR-ANALISIS-CIRCUITO-RECORRIDO-CONSEJOS-EXPRES-FOTOS-CLASIFICACION-HORARIOS-DORSAL.jpg?resize=300%2C400&ssl=1",300,400,true],"newspack-article-block-square-small":["https:\/\/i0.wp.com\/blogmaldito.com\/wp-content\/uploads\/2025\/09\/00-CURSA-FESTA-MAJOR-SABADELL-GUIA-CORREDOR-ANALISIS-CIRCUITO-RECORRIDO-CONSEJOS-EXPRES-FOTOS-CLASIFICACION-HORARIOS-DORSAL.jpg?resize=400%2C400&ssl=1",400,400,true],"newspack-article-block-landscape-tiny":["https:\/\/i0.wp.com\/blogmaldito.com\/wp-content\/uploads\/2025\/09\/00-CURSA-FESTA-MAJOR-SABADELL-GUIA-CORREDOR-ANALISIS-CIRCUITO-RECORRIDO-CONSEJOS-EXPRES-FOTOS-CLASIFICACION-HORARIOS-DORSAL.jpg?resize=200%2C150&ssl=1",200,150,true],"newspack-article-block-portrait-tiny":["https:\/\/i0.wp.com\/blogmaldito.com\/wp-content\/uploads\/2025\/09\/00-CURSA-FESTA-MAJOR-SABADELL-GUIA-CORREDOR-ANALISIS-CIRCUITO-RECORRIDO-CONSEJOS-EXPRES-FOTOS-CLASIFICACION-HORARIOS-DORSAL.jpg?resize=150%2C200&ssl=1",150,200,true],"newspack-article-block-square-tiny":["https:\/\/i0.wp.com\/blogmaldito.com\/wp-content\/uploads\/2025\/09\/00-CURSA-FESTA-MAJOR-SABADELL-GUIA-CORREDOR-ANALISIS-CIRCUITO-RECORRIDO-CONSEJOS-EXPRES-FOTOS-CLASIFICACION-HORARIOS-DORSAL.jpg?resize=200%2C200&ssl=1",200,200,true],"newspack-article-block-uncropped":["https:\/\/i0.wp.com\/blogmaldito.com\/wp-content\/uploads\/2025\/09\/00-CURSA-FESTA-MAJOR-SABADELL-GUIA-CORREDOR-ANALISIS-CIRCUITO-RECORRIDO-CONSEJOS-EXPRES-FOTOS-CLASIFICACION-HORARIOS-DORSAL.jpg?fit=1200%2C675&ssl=1",1200,675,true],"hemingway-rewritten-featured":["https:\/\/i0.wp.com\/blogmaldito.com\/wp-content\/uploads\/2025\/09\/00-CURSA-FESTA-MAJOR-SABADELL-GUIA-CORREDOR-ANALISIS-CIRCUITO-RECORRIDO-CONSEJOS-EXPRES-FOTOS-CLASIFICACION-HORARIOS-DORSAL.jpg?fit=676%2C380&ssl=1",676,380,true],"hemingway-rewritten-header":["https:\/\/i0.wp.com\/blogmaldito.com\/wp-content\/uploads\/2025\/09\/00-CURSA-FESTA-MAJOR-SABADELL-GUIA-CORREDOR-ANALISIS-CIRCUITO-RECORRIDO-CONSEJOS-EXPRES-FOTOS-CLASIFICACION-HORARIOS-DORSAL.jpg?resize=1280%2C416&ssl=1",1280,416,true]},"rttpg_author":{"display_name":"David Blogmaldito","author_link":"https:\/\/blogmaldito.com\/ca\/author\/dabit\/"},"rttpg_comment":2,"rttpg_category":"<a href=\"https:\/\/blogmaldito.com\/ca\/category\/consejos-expres\/\" rel=\"category tag\">Gu\u00edas de carreras<\/a>","rttpg_excerpt":"Com cada inici de setembre tenim cita amb les curses populars a una de les cocapitals del Vall\u00e8s Occidental amb la Cursa Festa Major Sabadell que mant\u00e9 intacte l&#8217;ess\u00e8ncia de c\u00f3rrer pel centre de la ciutat mantenint-se com a gratu\u00efta i, des de fa uns anys amb la possibilitat d&#8217;escollir entre 5 i 10 km.&hellip;","_links":{"self":[{"href":"https:\/\/blogmaldito.com\/ca\/wp-json\/wp\/v2\/posts\/94606","targetHints":{"allow":["GET"]}}],"collection":[{"href":"https:\/\/blogmaldito.com\/ca\/wp-json\/wp\/v2\/posts"}],"about":[{"href":"https:\/\/blogmaldito.com\/ca\/wp-json\/wp\/v2\/types\/post"}],"author":[{"embeddable":true,"href":"https:\/\/blogmaldito.com\/ca\/wp-json\/wp\/v2\/users\/5492619"}],"replies":[{"embeddable":true,"href":"https:\/\/blogmaldito.com\/ca\/wp-json\/wp\/v2\/comments?post=94606"}],"version-history":[{"count":20,"href":"https:\/\/blogmaldito.com\/ca\/wp-json\/wp\/v2\/posts\/94606\/revisions"}],"predecessor-version":[{"id":94620,"href":"https:\/\/blogmaldito.com\/ca\/wp-json\/wp\/v2\/posts\/94606\/revisions\/94620"}],"wp:featuredmedia":[{"embeddable":true,"href":"https:\/\/blogmaldito.com\/ca\/wp-json\/wp\/v2\/media\/94613"}],"wp:attachment":[{"href":"https:\/\/blogmaldito.com\/ca\/wp-json\/wp\/v2\/media?parent=94606"}],"wp:term":[{"taxonomy":"category","embeddable":true,"href":"https:\/\/blogmaldito.com\/ca\/wp-json\/wp\/v2\/categories?post=94606"},{"taxonomy":"post_tag","embeddable":true,"href":"https:\/\/blogmaldito.com\/ca\/wp-json\/wp\/v2\/tags?post=94606"}],"curies":[{"name":"wp","href":"https:\/\/api.w.org\/{rel}","templated":true}]}}