{"id":61765,"date":"2021-07-31T13:06:18","date_gmt":"2021-07-31T13:06:18","guid":{"rendered":"https:\/\/blogmaldito.com\/?p=61765"},"modified":"2021-07-31T13:36:43","modified_gmt":"2021-07-31T13:36:43","slug":"fotos-de-la-cursa-poblats-iberics-2","status":"publish","type":"post","link":"https:\/\/blogmaldito.com\/ca\/2021\/07\/31\/fotos-de-la-cursa-poblats-iberics-2\/","title":{"rendered":"Fotos de la Cursa Poblats Ib\u00e8rics"},"content":{"rendered":"<p><a href=\"https:\/\/blogmaldito.com\/ca\/2021\/07\/31\/fotos-de-la-cursa-poblats-iberics-2\/fotos-clasificaciones-resultados-cursa-poblats-iberics\/\" rel=\"attachment wp-att-61786\"><img data-recalc-dims=\"1\" loading=\"lazy\" decoding=\"async\" data-attachment-id=\"61786\" data-permalink=\"https:\/\/blogmaldito.com\/ca\/2021\/07\/31\/fotos-de-la-cursa-poblats-iberics-2\/fotos-clasificaciones-resultados-cursa-poblats-iberics\/\" data-orig-file=\"https:\/\/i0.wp.com\/blogmaldito.com\/wp-content\/uploads\/2021\/07\/fotos-clasificaciones-resultados-cursa-poblats-iberics.jpg?fit=1800%2C942&amp;ssl=1\" data-orig-size=\"1800,942\" data-comments-opened=\"1\" data-image-meta=\"{&quot;aperture&quot;:&quot;0&quot;,&quot;credit&quot;:&quot;&quot;,&quot;camera&quot;:&quot;&quot;,&quot;caption&quot;:&quot;&quot;,&quot;created_timestamp&quot;:&quot;0&quot;,&quot;copyright&quot;:&quot;&quot;,&quot;focal_length&quot;:&quot;0&quot;,&quot;iso&quot;:&quot;0&quot;,&quot;shutter_speed&quot;:&quot;0&quot;,&quot;title&quot;:&quot;&quot;,&quot;orientation&quot;:&quot;1&quot;}\" data-image-title=\"FOTOS CLASIFICACIONES RESULTADOS CURSA POBLATS IBERICS\" data-image-description=\"\" data-image-caption=\"\" data-large-file=\"https:\/\/i0.wp.com\/blogmaldito.com\/wp-content\/uploads\/2021\/07\/fotos-clasificaciones-resultados-cursa-poblats-iberics.jpg?fit=676%2C354&amp;ssl=1\" class=\"aligncenter size-full wp-image-61786\" src=\"https:\/\/i0.wp.com\/blogmaldito.com\/wp-content\/uploads\/2021\/07\/fotos-clasificaciones-resultados-cursa-poblats-iberics.jpg?resize=500%2C262&#038;ssl=1\" alt=\"\" width=\"500\" height=\"262\" title=\"\"><\/a><\/p>\n<p>Hab\u00eda ganas de volver a competir por Collserola tras un par\u00e9ntesis de a\u00f1o y medio. Y este s\u00e1bado era el d\u00eda para la primera que ha tomado el testigo la\u00a0 retante y la mar de entretenida <b><a href=\"http:\/\/www.cursapoblatsiberics.cat\/?fbclid=IwAR3cZ9fIt3yzSaLjbrzdsvMxkfYJ5V0v_oEAnzEo1-gA0Vdmw6yca3q994k\" target=\"_blank\" rel=\"noopener\">Cursa Poblats Ib\u00e8rics<\/a><\/b>. Una prueba que este a\u00f1o, por desgracia, ha estado condicionada por algunas carencias en la se\u00f1alizaci\u00f3n que han comportado que bastantes corredores tomasen caminos equivocados e hiciesen km de m\u00e1s y de menos (creo que ha faltado algo de personal y\/o se\u00f1alizaci\u00f3n m\u00e1s clarificadora en algunos puntos cr\u00edticos). Por lo dem\u00e1s, una carrera con un circuito que es bastante ca\u00f1ero y corriolero para ser Collserola y eso siempre es genial y a la que siempre hay que aplaudir esa mentalidad de verano (por lo de poner tantos avituallamientos a disposici\u00f3n de los corredores) y la disposici\u00f3n de llevarla adelante en tiempos tan complicados.<\/p>\n<p>Aqu\u00ed ten\u00e9is el reportaje que he hecho (unas 3.000 fotos en total) intentando pillar a todos los corredores en los alrededores del torrent de Can Coll. Como siempre, son todas vuestras. Y, como tambi\u00e9n siempre me repito, tendr\u00e9is todos las fotos de \u00e9sta y otras carreras recopiladas el <a href=\"https:\/\/www.facebook.com\/groups\/grupodevideosyfotosdecursaspopularesenbarcelona\/?source_id=243008319555306\" target=\"_blank\" rel=\"noopener\">grupo de Facebook<\/a> que el gran Pako Pota se curra d\u00eda a d\u00eda.<\/p>\n<p><span style=\"color:#000000;\"><strong><span style=\"color:#ff6600;\">FOTOS<\/span> DE BLOGMALDITO<\/strong><\/span><\/p>\n<p style=\"padding-left:40px;\"><a href=\"https:\/\/photos.app.goo.gl\/Wpn5K97dLnEhkThU9\" target=\"_blank\" rel=\"noopener\"><span style=\"color:#000000;\"><strong><span style=\"color:#ff6600;\">\u00c1lbum 1<\/span>: Km 3 (Llarga)<\/strong><\/span><\/a><br \/>\n<a href=\"https:\/\/photos.app.goo.gl\/tU16wbZYRT8dmgYV9\" target=\"_blank\" rel=\"noopener\"><span style=\"color:#000000;\"><strong><span style=\"color:#000000;\"><span style=\"color:#ff6600;\">\u00c1lbum 2<\/span>: Km 3 (Curta)<\/span><\/strong><\/span><\/a><br \/>\n<a href=\"https:\/\/photos.app.goo.gl\/x7enPfmtAzU9oxGs8\" target=\"_blank\" rel=\"noopener\"><span style=\"color:#000000;\"><strong><span style=\"color:#ff6600;\">\u00c1lbum 3<\/span>: Km 7 y 13 (Curta y Llarga)<\/strong><\/span><\/a><br \/>\n<a href=\"https:\/\/photos.app.goo.gl\/gWSpTLdiu9S8XqJ57\" target=\"_blank\" rel=\"noopener\"><span style=\"color:#000000;\"><strong><span style=\"color:#ff6600;\">\u00c1lbum 2<\/span>: Km 7 y 13 (Curta y Llarga)<\/strong><\/span><\/a><\/p>\n<h3><!--more--><\/h3>\n<p><a href=\"http:\/\/blogmaldito.com\/ca\/2016\/04\/05\/elige-tu-propia-aventura-calendario-de-carreras-populares-5-y-10k\/separador-3-2\/\" rel=\"attachment wp-att-17374\"><img data-recalc-dims=\"1\" loading=\"lazy\" decoding=\"async\" data-attachment-id=\"17374\" data-permalink=\"https:\/\/blogmaldito.com\/ca\/2016\/04\/05\/elige-tu-propia-aventura-calendario-de-carreras-populares-5-y-10k\/separador-3-2\/\" data-orig-file=\"https:\/\/i0.wp.com\/blogmaldito.com\/wp-content\/uploads\/2016\/03\/separador-3.jpg?fit=800%2C9&amp;ssl=1\" data-orig-size=\"800,9\" data-comments-opened=\"1\" data-image-meta=\"{&quot;aperture&quot;:&quot;0&quot;,&quot;credit&quot;:&quot;&quot;,&quot;camera&quot;:&quot;&quot;,&quot;caption&quot;:&quot;&quot;,&quot;created_timestamp&quot;:&quot;0&quot;,&quot;copyright&quot;:&quot;&quot;,&quot;focal_length&quot;:&quot;0&quot;,&quot;iso&quot;:&quot;0&quot;,&quot;shutter_speed&quot;:&quot;0&quot;,&quot;title&quot;:&quot;&quot;,&quot;orientation&quot;:&quot;1&quot;}\" data-image-title=\"separador-3\" data-image-description=\"\" data-image-caption=\"\" data-large-file=\"https:\/\/i0.wp.com\/blogmaldito.com\/wp-content\/uploads\/2016\/03\/separador-3.jpg?fit=676%2C8&amp;ssl=1\" class=\"aligncenter size-full wp-image-17374\" src=\"https:\/\/i0.wp.com\/blogmaldito.com\/wp-content\/uploads\/2016\/03\/separador-3.jpg?resize=500%2C6&#038;ssl=1\" alt=\"\" width=\"500\" height=\"6\" title=\"\"><\/a><\/p>\n<ul>\n<li><span style=\"color:#000000;\"><b>Lugar<\/b><\/span>: Cerdanyola del Vall\u00e8s \/ Montflorit<\/li>\n<li><span style=\"color:#000000;\"><b>Hora<\/b><\/span>: S\u00e1bado, 31 de julio\n<ul>\n<li>CURSA LLARGA: 8.30<\/li>\n<li>CURSA CURTA: 9.00<\/li>\n<\/ul>\n<\/li>\n<li><span style=\"color:#000000;\"><b>Distancia<\/b><\/span>:\n<ul>\n<li>LLARGA: 16,4 km (D+540)<\/li>\n<li>CURTA: 10,5 km (D+360)<\/li>\n<\/ul>\n<\/li>\n<li><span style=\"color:#000000;\"><b>Terreno<\/b><\/span><span style=\"color:#444444;\">: <\/span>\n<ul>\n<li><span style=\"color:#444444;\">LLARGA: 25% pista \/ 70% sendero \/ 5% asfalto<\/span><\/li>\n<li><span style=\"color:#444444;\">CURTA: 40% pista \/ 55% sendero \/ 5% asfalto<\/span><\/li>\n<\/ul>\n<\/li>\n<li><span style=\"color:#000000;\"><b>Recorridos<\/b><\/span>\n<ul>\n<li><a href=\"https:\/\/es.wikiloc.com\/rutas-carrera-por-montana\/xi-cursa-poblats-iberics-cerdanyola-circuit-llarg-18470722\" target=\"_blank\" rel=\"noopener\">LLARGA (16k)<\/a><\/li>\n<li><a href=\"https:\/\/es.wikiloc.com\/rutas-carrera-por-montana\/xi-cursa-poblats-iberics-circuit-curt-18471325\" target=\"_blank\" rel=\"noopener\">CURTA (10k)<\/a><\/li>\n<\/ul>\n<\/li>\n<li><span style=\"color:#000000;\"><b>Avituallamiento<\/b><\/span>:\n<ul>\n<li>LLARGA: 5 en carrera y meta<\/li>\n<li>CURTA: 3 en carrera\u00a0 y meta<\/li>\n<\/ul>\n<\/li>\n<\/ul>\n<ul>\n<li><span style=\"color:#000000;\"><b>Extras<\/b><\/span>: Duchas, vestuarios y piscina; carreras infantiles.<\/li>\n<li><span style=\"color:#000000;\"><strong>RESULTADOS<\/strong><\/span><\/li>\n<\/ul>\n<h2><span style=\"color:#000000;\"><span style=\"color:#ff6600;\">FOTOS<\/span> (BLOGMALDITO)<\/span><\/h2>\n<p style=\"text-align:center;\"><a href=\"https:\/\/photos.app.goo.gl\/Wpn5K97dLnEhkThU9\" rel=\"attachment wp-att-61779 noopener\" target=\"_blank\"><img data-recalc-dims=\"1\" loading=\"lazy\" decoding=\"async\" data-attachment-id=\"61779\" data-permalink=\"https:\/\/blogmaldito.com\/ca\/2021\/07\/31\/fotos-de-la-cursa-poblats-iberics-2\/cursa-poblats-iberics-2021-584\/\" data-orig-file=\"https:\/\/i0.wp.com\/blogmaldito.com\/wp-content\/uploads\/2021\/07\/cursa-poblats-iberics-2021-584.jpg?fit=1920%2C1280&amp;ssl=1\" data-orig-size=\"1920,1280\" data-comments-opened=\"1\" data-image-meta=\"{&quot;aperture&quot;:&quot;4.5&quot;,&quot;credit&quot;:&quot;&quot;,&quot;camera&quot;:&quot;Canon EOS REBEL SL1&quot;,&quot;caption&quot;:&quot;&quot;,&quot;created_timestamp&quot;:&quot;1627714787&quot;,&quot;copyright&quot;:&quot;&quot;,&quot;focal_length&quot;:&quot;31&quot;,&quot;iso&quot;:&quot;400&quot;,&quot;shutter_speed&quot;:&quot;0.0025&quot;,&quot;title&quot;:&quot;&quot;,&quot;orientation&quot;:&quot;1&quot;}\" data-image-title=\"Cursa Poblats Ib\u00e8rics 2021 (584)\" data-image-description=\"\" data-image-caption=\"\" data-large-file=\"https:\/\/i0.wp.com\/blogmaldito.com\/wp-content\/uploads\/2021\/07\/cursa-poblats-iberics-2021-584.jpg?fit=676%2C451&amp;ssl=1\" class=\"aligncenter size-full wp-image-61779\" src=\"https:\/\/i0.wp.com\/blogmaldito.com\/wp-content\/uploads\/2021\/07\/cursa-poblats-iberics-2021-584.jpg?resize=500%2C333&#038;ssl=1\" alt=\"\" width=\"500\" height=\"333\" title=\"\"><\/a><\/p>\n<h4 style=\"text-align:center;\"><a href=\"https:\/\/photos.app.goo.gl\/Wpn5K97dLnEhkThU9\" target=\"_blank\" rel=\"noopener\"><span style=\"color:#000000;\"><strong><span style=\"color:#ff6600;\">\u00c1lbum 1<\/span>: Km 3 (Llarga)<\/strong><\/span><\/a><\/h4>\n<p style=\"text-align:center;\"><a href=\"https:\/\/photos.app.goo.gl\/tU16wbZYRT8dmgYV9\" rel=\"attachment wp-att-61780 noopener\" target=\"_blank\"><img data-recalc-dims=\"1\" loading=\"lazy\" decoding=\"async\" data-attachment-id=\"61780\" data-permalink=\"https:\/\/blogmaldito.com\/ca\/2021\/07\/31\/fotos-de-la-cursa-poblats-iberics-2\/cursa-poblats-iberics-2021-1125\/\" data-orig-file=\"https:\/\/i0.wp.com\/blogmaldito.com\/wp-content\/uploads\/2021\/07\/cursa-poblats-iberics-2021-1125.jpg?fit=1920%2C1280&amp;ssl=1\" data-orig-size=\"1920,1280\" data-comments-opened=\"1\" data-image-meta=\"{&quot;aperture&quot;:&quot;4&quot;,&quot;credit&quot;:&quot;&quot;,&quot;camera&quot;:&quot;Canon EOS REBEL SL1&quot;,&quot;caption&quot;:&quot;&quot;,&quot;created_timestamp&quot;:&quot;1627716468&quot;,&quot;copyright&quot;:&quot;&quot;,&quot;focal_length&quot;:&quot;30&quot;,&quot;iso&quot;:&quot;200&quot;,&quot;shutter_speed&quot;:&quot;0.0025&quot;,&quot;title&quot;:&quot;&quot;,&quot;orientation&quot;:&quot;1&quot;}\" data-image-title=\"Cursa Poblats Ib\u00e8rics 2021 (1125)\" data-image-description=\"\" data-image-caption=\"\" data-large-file=\"https:\/\/i0.wp.com\/blogmaldito.com\/wp-content\/uploads\/2021\/07\/cursa-poblats-iberics-2021-1125.jpg?fit=676%2C451&amp;ssl=1\" class=\"aligncenter size-full wp-image-61780\" src=\"https:\/\/i0.wp.com\/blogmaldito.com\/wp-content\/uploads\/2021\/07\/cursa-poblats-iberics-2021-1125.jpg?resize=500%2C333&#038;ssl=1\" alt=\"\" width=\"500\" height=\"333\" title=\"\"><\/a><\/p>\n<h4 style=\"text-align:center;\"><a href=\"https:\/\/photos.app.goo.gl\/tU16wbZYRT8dmgYV9\" target=\"_blank\" rel=\"noopener\"><span style=\"color:#000000;\"><strong><span style=\"color:#ff6600;\">\u00c1lbum 2<\/span>: Km 3 (Curta)<\/strong><\/span><\/a><\/h4>\n<p><a href=\"https:\/\/photos.app.goo.gl\/x7enPfmtAzU9oxGs8\" rel=\"attachment wp-att-61781 noopener\" target=\"_blank\"><img data-recalc-dims=\"1\" loading=\"lazy\" decoding=\"async\" data-attachment-id=\"61781\" data-permalink=\"https:\/\/blogmaldito.com\/ca\/2021\/07\/31\/fotos-de-la-cursa-poblats-iberics-2\/cursa-poblats-iberics-2021-1834\/\" data-orig-file=\"https:\/\/i0.wp.com\/blogmaldito.com\/wp-content\/uploads\/2021\/07\/cursa-poblats-iberics-2021-1834.jpg?fit=1920%2C1280&amp;ssl=1\" data-orig-size=\"1920,1280\" data-comments-opened=\"1\" data-image-meta=\"{&quot;aperture&quot;:&quot;5.6&quot;,&quot;credit&quot;:&quot;&quot;,&quot;camera&quot;:&quot;Canon EOS REBEL SL1&quot;,&quot;caption&quot;:&quot;&quot;,&quot;created_timestamp&quot;:&quot;1627717864&quot;,&quot;copyright&quot;:&quot;&quot;,&quot;focal_length&quot;:&quot;45&quot;,&quot;iso&quot;:&quot;800&quot;,&quot;shutter_speed&quot;:&quot;0.0015625&quot;,&quot;title&quot;:&quot;&quot;,&quot;orientation&quot;:&quot;1&quot;}\" data-image-title=\"Cursa Poblats Ib\u00e8rics 2021 (1834)\" data-image-description=\"\" data-image-caption=\"\" data-large-file=\"https:\/\/i0.wp.com\/blogmaldito.com\/wp-content\/uploads\/2021\/07\/cursa-poblats-iberics-2021-1834.jpg?fit=676%2C451&amp;ssl=1\" class=\"aligncenter size-full wp-image-61781\" src=\"https:\/\/i0.wp.com\/blogmaldito.com\/wp-content\/uploads\/2021\/07\/cursa-poblats-iberics-2021-1834.jpg?resize=500%2C333&#038;ssl=1\" alt=\"\" width=\"500\" height=\"333\" title=\"\"><\/a><\/p>\n<h4 style=\"text-align:center;\"><a href=\"https:\/\/photos.app.goo.gl\/x7enPfmtAzU9oxGs8\" target=\"_blank\" rel=\"noopener\"><span style=\"color:#000000;\"><strong><span style=\"color:#ff6600;\">\u00c1lbum 3<\/span>: Km 7 y 13 (Curta y Llarga)<\/strong><\/span><\/a><\/h4>\n<p><a href=\"https:\/\/photos.app.goo.gl\/gWSpTLdiu9S8XqJ57\" rel=\"attachment wp-att-61782 noopener\" target=\"_blank\"><img data-recalc-dims=\"1\" loading=\"lazy\" decoding=\"async\" data-attachment-id=\"61782\" data-permalink=\"https:\/\/blogmaldito.com\/ca\/2021\/07\/31\/fotos-de-la-cursa-poblats-iberics-2\/cursa-poblats-iberics-2021-2389\/\" data-orig-file=\"https:\/\/i0.wp.com\/blogmaldito.com\/wp-content\/uploads\/2021\/07\/cursa-poblats-iberics-2021-2389.jpg?fit=1920%2C1280&amp;ssl=1\" data-orig-size=\"1920,1280\" data-comments-opened=\"1\" data-image-meta=\"{&quot;aperture&quot;:&quot;5&quot;,&quot;credit&quot;:&quot;&quot;,&quot;camera&quot;:&quot;Canon EOS REBEL SL1&quot;,&quot;caption&quot;:&quot;&quot;,&quot;created_timestamp&quot;:&quot;1627718542&quot;,&quot;copyright&quot;:&quot;&quot;,&quot;focal_length&quot;:&quot;34&quot;,&quot;iso&quot;:&quot;800&quot;,&quot;shutter_speed&quot;:&quot;0.002&quot;,&quot;title&quot;:&quot;&quot;,&quot;orientation&quot;:&quot;1&quot;}\" data-image-title=\"Cursa Poblats Ib\u00e8rics 2021 (2389)\" data-image-description=\"\" data-image-caption=\"\" data-large-file=\"https:\/\/i0.wp.com\/blogmaldito.com\/wp-content\/uploads\/2021\/07\/cursa-poblats-iberics-2021-2389.jpg?fit=676%2C451&amp;ssl=1\" class=\"aligncenter size-full wp-image-61782\" src=\"https:\/\/i0.wp.com\/blogmaldito.com\/wp-content\/uploads\/2021\/07\/cursa-poblats-iberics-2021-2389.jpg?resize=500%2C333&#038;ssl=1\" alt=\"\" width=\"500\" height=\"333\" title=\"\"><\/a><\/p>\n<h4 style=\"text-align:center;\"><a href=\"https:\/\/photos.app.goo.gl\/gWSpTLdiu9S8XqJ57\" target=\"_blank\" rel=\"noopener\"><span style=\"color:#000000;\"><strong><span style=\"color:#ff6600;\">\u00c1lbum 2<\/span>: Km 7 y 13 (Curta y Llarga)<\/strong><\/span><\/a><\/h4>\n<p>__<\/p>\n<h2><span style=\"color:#000000;\">Si me quieres seguir en <span style=\"color:#3366ff;\">Facebook<\/span><\/span><\/h2>\n<div class=\"fb-post\" data-href=\"https:\/\/www.facebook.com\/Blogmaldito\/posts\/4449131455124795\" data-width=\"552\" style=\"background-color: #fff; display: inline-block;\"><\/div>\n<p style=\"padding-left:30px;\">","protected":false},"excerpt":{"rendered":"<p>Hab\u00eda ganas de volver a competir por Collserola tras un par\u00e9ntesis de a\u00f1o y medio. Y este s\u00e1bado era el d\u00eda para la primera que ha tomado el testigo la\u00a0 retante y la mar de entretenida Cursa Poblats Ib\u00e8rics. Una prueba que este a\u00f1o, por desgracia, ha estado condicionada por algunas carencias en la se\u00f1alizaci\u00f3n &hellip; <a href=\"https:\/\/blogmaldito.com\/ca\/2021\/07\/31\/fotos-de-la-cursa-poblats-iberics-2\/\" class=\"more-link\">Continua la lectura de <span class=\"screen-reader-text\">Fotos de la Cursa Poblats Ib\u00e8rics<\/span><\/a><\/p>","protected":false},"author":5492619,"featured_media":61786,"comment_status":"open","ping_status":"open","sticky":false,"template":"","format":"standard","meta":{"_jetpack_newsletter_access":"","_jetpack_dont_email_post_to_subs":false,"_jetpack_newsletter_tier_id":0,"_jetpack_memberships_contains_paywalled_content":false,"_wpcom_ai_launchpad_first_post":false,"_jetpack_feature_clip_id":0,"_jetpack_memberships_contains_paid_content":false,"footnotes":"","jetpack_publicize_message":"Fotos de la Cursa Poblats Ib\u00e8rics.\r\n\r\n3.000 fotos del primer trail que se celebra en Collserola desde 2019. Como siempre, todas vuestras.","jetpack_publicize_feature_enabled":true,"jetpack_social_post_already_shared":false,"jetpack_social_options":{"image_generator_settings":{"template":"highway","default_image_id":0,"font":"","enabled":false},"version":2},"jetpack_post_was_ever_published":false},"categories":[772],"tags":[101903723,683249288,749965535],"class_list":["post-61765","post","type-post","status-publish","format-standard","has-post-thumbnail","hentry","category-fotos","tag-cursa-poblats-iberics","tag-fotos-cursa-poblats-iberics","tag-trail","fallback-thumbnail"],"jetpack_publicize_connections":[],"jetpack_likes_enabled":false,"jetpack_sharing_enabled":true,"jetpack_shortlink":"https:\/\/wp.me\/pNuBu-g4d","jetpack-related-posts":[{"id":47093,"url":"https:\/\/blogmaldito.com\/ca\/2019\/07\/14\/fotos-de-la-cursa-poblats-iberics\/","url_meta":{"origin":61765,"position":0},"title":"Fotos de la Cursa Poblats Ib\u00e8rics 2019","author":"David Blogmaldito","date":"juliol 14, 2019","format":false,"excerpt":"Bien montada, se\u00f1alizada, avituallada y adem\u00e1s con un circuito retante y bonito... y piscina para darte el chapuz\u00f3n tras cruzar meta. poco m\u00e1s se le puede pedir al \u00faltimo trail de la temporada en Collserola antes del par\u00f3n veraniego: la Cursa Poblats Ib\u00e8rics. Aqu\u00ed ten\u00e9is el reportaje que he hecho\u2026","rel":"","context":"A &quot;Fotos&quot;","block_context":{"text":"Fotos","link":"https:\/\/blogmaldito.com\/ca\/category\/fotos\/"},"img":{"alt_text":"","src":"https:\/\/i0.wp.com\/blogmaldito.com\/wp-content\/uploads\/2019\/07\/fotos-cursa-poblats-iberics.jpg?fit=799%2C416&ssl=1&resize=350%2C200","width":350,"height":200,"srcset":"https:\/\/i0.wp.com\/blogmaldito.com\/wp-content\/uploads\/2019\/07\/fotos-cursa-poblats-iberics.jpg?fit=799%2C416&ssl=1&resize=350%2C200 1x, https:\/\/i0.wp.com\/blogmaldito.com\/wp-content\/uploads\/2019\/07\/fotos-cursa-poblats-iberics.jpg?fit=799%2C416&ssl=1&resize=525%2C300 1.5x, https:\/\/i0.wp.com\/blogmaldito.com\/wp-content\/uploads\/2019\/07\/fotos-cursa-poblats-iberics.jpg?fit=799%2C416&ssl=1&resize=700%2C400 2x"},"classes":[]},{"id":94762,"url":"https:\/\/blogmaldito.com\/ca\/2025\/09\/10\/guia-cursa-poblats-iberics-analisis-recorrido-estrategia-y-lo-que-has-de-saber\/","url_meta":{"origin":61765,"position":1},"title":"Gu\u00eda Cursa Poblats Ib\u00e8rics: an\u00e1lisis del recorrido, estrategia y lo que has de saber","author":"David Blogmaldito","date":"setembre 10, 2025","format":false,"excerpt":"Ya tenemos de vuelta la Cursa Poblats Ib\u00e8rics es , una de las cl\u00e1sicas de Collserola que antes se celebraba en julio, pero que desde 2022 ha pasado a septiembre para esquivar el peligro de la lacra de los incendios (ese a\u00f1o se tuvo que suspender a pocos d\u00edas por\u2026","rel":"","context":"A &quot;Gu\u00edas de carreras&quot;","block_context":{"text":"Gu\u00edas de carreras","link":"https:\/\/blogmaldito.com\/ca\/category\/consejos-expres\/"},"img":{"alt_text":"","src":"https:\/\/i0.wp.com\/blogmaldito.com\/wp-content\/uploads\/2025\/09\/00-CURSA-POBLATS-IBERICS-GUIA-CORREDOR-ANALISIS-CIRCUITO-RECORRIDO-CONSEJOS-EXPRES-FOTOS-CLASIFICACION-HORARIOS-DORSAL.jpg?fit=1200%2C675&ssl=1&resize=350%2C200","width":350,"height":200,"srcset":"https:\/\/i0.wp.com\/blogmaldito.com\/wp-content\/uploads\/2025\/09\/00-CURSA-POBLATS-IBERICS-GUIA-CORREDOR-ANALISIS-CIRCUITO-RECORRIDO-CONSEJOS-EXPRES-FOTOS-CLASIFICACION-HORARIOS-DORSAL.jpg?fit=1200%2C675&ssl=1&resize=350%2C200 1x, https:\/\/i0.wp.com\/blogmaldito.com\/wp-content\/uploads\/2025\/09\/00-CURSA-POBLATS-IBERICS-GUIA-CORREDOR-ANALISIS-CIRCUITO-RECORRIDO-CONSEJOS-EXPRES-FOTOS-CLASIFICACION-HORARIOS-DORSAL.jpg?fit=1200%2C675&ssl=1&resize=525%2C300 1.5x, https:\/\/i0.wp.com\/blogmaldito.com\/wp-content\/uploads\/2025\/09\/00-CURSA-POBLATS-IBERICS-GUIA-CORREDOR-ANALISIS-CIRCUITO-RECORRIDO-CONSEJOS-EXPRES-FOTOS-CLASIFICACION-HORARIOS-DORSAL.jpg?fit=1200%2C675&ssl=1&resize=700%2C400 2x, https:\/\/i0.wp.com\/blogmaldito.com\/wp-content\/uploads\/2025\/09\/00-CURSA-POBLATS-IBERICS-GUIA-CORREDOR-ANALISIS-CIRCUITO-RECORRIDO-CONSEJOS-EXPRES-FOTOS-CLASIFICACION-HORARIOS-DORSAL.jpg?fit=1200%2C675&ssl=1&resize=1050%2C600 3x"},"classes":[]},{"id":47083,"url":"https:\/\/blogmaldito.com\/ca\/2019\/07\/11\/consejos-expres-cursa-poblats-iberics-2\/","url_meta":{"origin":61765,"position":2},"title":"Consejos expr\u00e9s: Cursa Poblats Ib\u00e8rics 2019","author":"David Blogmaldito","date":"juliol 11, 2019","format":false,"excerpt":"En Cerdanyola hay dos trails que son como el huevo y la casta\u00f1a: uno muy pistero, disfrutable y rapid\u00edsmo (ideal si quieres darle a la zapa o para los que comienzan a tocar el monte) y la bien exigente, calurosa y corriolera\u00a0Cursa Poblats Ib\u00e8rics. En \u00e9sta \u00faltima vamos a centrarnos\u2026","rel":"","context":"A &quot;Gu\u00edas de carreras&quot;","block_context":{"text":"Gu\u00edas de carreras","link":"https:\/\/blogmaldito.com\/ca\/category\/consejos-expres\/"},"img":{"alt_text":"","src":"https:\/\/i0.wp.com\/blogmaldito.com\/wp-content\/uploads\/2018\/07\/recorrido-consejos-expres-cursa-poblats-iberics.jpg?fit=799%2C416&ssl=1&resize=350%2C200","width":350,"height":200,"srcset":"https:\/\/i0.wp.com\/blogmaldito.com\/wp-content\/uploads\/2018\/07\/recorrido-consejos-expres-cursa-poblats-iberics.jpg?fit=799%2C416&ssl=1&resize=350%2C200 1x, https:\/\/i0.wp.com\/blogmaldito.com\/wp-content\/uploads\/2018\/07\/recorrido-consejos-expres-cursa-poblats-iberics.jpg?fit=799%2C416&ssl=1&resize=525%2C300 1.5x, https:\/\/i0.wp.com\/blogmaldito.com\/wp-content\/uploads\/2018\/07\/recorrido-consejos-expres-cursa-poblats-iberics.jpg?fit=799%2C416&ssl=1&resize=700%2C400 2x"},"classes":[]},{"id":61696,"url":"https:\/\/blogmaldito.com\/ca\/2021\/07\/29\/consejos-expres-cursa-poblats-iberics-3\/","url_meta":{"origin":61765,"position":3},"title":"Consejos expr\u00e9s: Cursa Poblats Ib\u00e8rics","author":"David Blogmaldito","date":"juliol 29, 2021","format":false,"excerpt":"Estamos de enhorabuena porque desde, ojo, diciembre de 2019 que no catamos un trail en Collserola (puta pandemia). Y ya era hora de calzarse las bambas de trail para hacer un poco el cabra con el dorsal puesto, \u00bfno?. Y qu\u00e9 mejor que la que de el pistoletazo de salida\u2026","rel":"","context":"A &quot;Gu\u00edas de carreras&quot;","block_context":{"text":"Gu\u00edas de carreras","link":"https:\/\/blogmaldito.com\/ca\/category\/consejos-expres\/"},"img":{"alt_text":"","src":"https:\/\/i0.wp.com\/blogmaldito.com\/wp-content\/uploads\/2021\/07\/recorrido-circuito-consejos-expres-cursa-poblats-iberics-2021-1.jpg?fit=1200%2C628&ssl=1&resize=350%2C200","width":350,"height":200,"srcset":"https:\/\/i0.wp.com\/blogmaldito.com\/wp-content\/uploads\/2021\/07\/recorrido-circuito-consejos-expres-cursa-poblats-iberics-2021-1.jpg?fit=1200%2C628&ssl=1&resize=350%2C200 1x, https:\/\/i0.wp.com\/blogmaldito.com\/wp-content\/uploads\/2021\/07\/recorrido-circuito-consejos-expres-cursa-poblats-iberics-2021-1.jpg?fit=1200%2C628&ssl=1&resize=525%2C300 1.5x, https:\/\/i0.wp.com\/blogmaldito.com\/wp-content\/uploads\/2021\/07\/recorrido-circuito-consejos-expres-cursa-poblats-iberics-2021-1.jpg?fit=1200%2C628&ssl=1&resize=700%2C400 2x, https:\/\/i0.wp.com\/blogmaldito.com\/wp-content\/uploads\/2021\/07\/recorrido-circuito-consejos-expres-cursa-poblats-iberics-2021-1.jpg?fit=1200%2C628&ssl=1&resize=1050%2C600 3x"},"classes":[]},{"id":70442,"url":"https:\/\/blogmaldito.com\/ca\/2023\/08\/30\/consejos-expres-guia-recorrido-cursa-poblats-iberics\/","url_meta":{"origin":61765,"position":4},"title":"Consejos expr\u00e9s: Cursa Poblats Ib\u00e8rics","author":"David Blogmaldito","date":"agost 30, 2023","format":false,"excerpt":"Una de las cl\u00e1sicas de julio en Collserola... que desde 2022 se celebra en septiembre por la lacra de los incendios (se tuvo que suspender a pocos d\u00edas por las limitaciones impuestas en los parques naturales de Catalu\u00f1a) y los efectos del cambio clim\u00e1tico. Pero, a\u00fan que toca esperar unos\u2026","rel":"","context":"A &quot;Gu\u00edas de carreras&quot;","block_context":{"text":"Gu\u00edas de carreras","link":"https:\/\/blogmaldito.com\/ca\/category\/consejos-expres\/"},"img":{"alt_text":"","src":"https:\/\/i0.wp.com\/blogmaldito.com\/wp-content\/uploads\/2022\/08\/00-BASE-CONSEJOS-EXPRES-GUIA-RECORRIDO-CURSA-POBLATS-IBERICS.jpg?fit=1200%2C628&ssl=1&resize=350%2C200","width":350,"height":200,"srcset":"https:\/\/i0.wp.com\/blogmaldito.com\/wp-content\/uploads\/2022\/08\/00-BASE-CONSEJOS-EXPRES-GUIA-RECORRIDO-CURSA-POBLATS-IBERICS.jpg?fit=1200%2C628&ssl=1&resize=350%2C200 1x, https:\/\/i0.wp.com\/blogmaldito.com\/wp-content\/uploads\/2022\/08\/00-BASE-CONSEJOS-EXPRES-GUIA-RECORRIDO-CURSA-POBLATS-IBERICS.jpg?fit=1200%2C628&ssl=1&resize=525%2C300 1.5x, https:\/\/i0.wp.com\/blogmaldito.com\/wp-content\/uploads\/2022\/08\/00-BASE-CONSEJOS-EXPRES-GUIA-RECORRIDO-CURSA-POBLATS-IBERICS.jpg?fit=1200%2C628&ssl=1&resize=700%2C400 2x, https:\/\/i0.wp.com\/blogmaldito.com\/wp-content\/uploads\/2022\/08\/00-BASE-CONSEJOS-EXPRES-GUIA-RECORRIDO-CURSA-POBLATS-IBERICS.jpg?fit=1200%2C628&ssl=1&resize=1050%2C600 3x"},"classes":[]},{"id":40185,"url":"https:\/\/blogmaldito.com\/ca\/2018\/07\/13\/consejos-expres-cursa-poblats-iberics\/","url_meta":{"origin":61765,"position":5},"title":"Consejos expr\u00e9s: Cursa Poblats Ib\u00e8rics 2018","author":"David Blogmaldito","date":"juliol 13, 2018","format":false,"excerpt":"En Cerdanyola hay dos trails que son como el huevo y la casta\u00f1a: uno muy pistero, disfrutable y rapid\u00edsmo (ideal si quieres darle a la zapa o para los que comienzan a tocar el monte) y la bien exigente, calurosa y corriolera\u00a0Cursa Poblats Ib\u00e8rics. En \u00e9sta \u00faltima vamos a centrarnos\u2026","rel":"","context":"A &quot;Gu\u00edas de carreras&quot;","block_context":{"text":"Gu\u00edas de carreras","link":"https:\/\/blogmaldito.com\/ca\/category\/consejos-expres\/"},"img":{"alt_text":"","src":"https:\/\/i0.wp.com\/blogmaldito.com\/wp-content\/uploads\/2018\/07\/recorrido-consejos-expres-cursa-poblats-iberics.jpg?fit=799%2C416&ssl=1&resize=350%2C200","width":350,"height":200,"srcset":"https:\/\/i0.wp.com\/blogmaldito.com\/wp-content\/uploads\/2018\/07\/recorrido-consejos-expres-cursa-poblats-iberics.jpg?fit=799%2C416&ssl=1&resize=350%2C200 1x, https:\/\/i0.wp.com\/blogmaldito.com\/wp-content\/uploads\/2018\/07\/recorrido-consejos-expres-cursa-poblats-iberics.jpg?fit=799%2C416&ssl=1&resize=525%2C300 1.5x, https:\/\/i0.wp.com\/blogmaldito.com\/wp-content\/uploads\/2018\/07\/recorrido-consejos-expres-cursa-poblats-iberics.jpg?fit=799%2C416&ssl=1&resize=700%2C400 2x"},"classes":[]}],"jetpack_featured_media_url":"https:\/\/i0.wp.com\/blogmaldito.com\/wp-content\/uploads\/2021\/07\/fotos-clasificaciones-resultados-cursa-poblats-iberics.jpg?fit=1800%2C942&ssl=1","rttpg_featured_image_url":{"full":["https:\/\/i0.wp.com\/blogmaldito.com\/wp-content\/uploads\/2021\/07\/fotos-clasificaciones-resultados-cursa-poblats-iberics.jpg?fit=1800%2C942&ssl=1",1800,942,false],"landscape":["https:\/\/blogmaldito.com\/wp-content\/uploads\/2021\/07\/fotos-clasificaciones-resultados-cursa-poblats-iberics.jpg",1800,942,false],"portraits":["https:\/\/blogmaldito.com\/wp-content\/uploads\/2021\/07\/fotos-clasificaciones-resultados-cursa-poblats-iberics.jpg",1800,942,false],"thumbnail":["https:\/\/i0.wp.com\/blogmaldito.com\/wp-content\/uploads\/2021\/07\/fotos-clasificaciones-resultados-cursa-poblats-iberics.jpg?fit=150%2C79&ssl=1",150,79,true],"medium":["https:\/\/i0.wp.com\/blogmaldito.com\/wp-content\/uploads\/2021\/07\/fotos-clasificaciones-resultados-cursa-poblats-iberics.jpg?fit=300%2C157&ssl=1",300,157,true],"large":["https:\/\/i0.wp.com\/blogmaldito.com\/wp-content\/uploads\/2021\/07\/fotos-clasificaciones-resultados-cursa-poblats-iberics.jpg?fit=676%2C354&ssl=1",676,354,true],"1536x1536":["https:\/\/i0.wp.com\/blogmaldito.com\/wp-content\/uploads\/2021\/07\/fotos-clasificaciones-resultados-cursa-poblats-iberics.jpg?fit=1536%2C804&ssl=1",1536,804,true],"2048x2048":["https:\/\/i0.wp.com\/blogmaldito.com\/wp-content\/uploads\/2021\/07\/fotos-clasificaciones-resultados-cursa-poblats-iberics.jpg?fit=1800%2C942&ssl=1",1800,942,true],"trp-custom-language-flag":["https:\/\/i0.wp.com\/blogmaldito.com\/wp-content\/uploads\/2021\/07\/fotos-clasificaciones-resultados-cursa-poblats-iberics.jpg?fit=18%2C9&ssl=1",18,9,true],"smart-post-landscape":["https:\/\/i0.wp.com\/blogmaldito.com\/wp-content\/uploads\/2021\/07\/fotos-clasificaciones-resultados-cursa-poblats-iberics.jpg?resize=870%2C570&ssl=1",870,570,true],"smart-post-portrait":["https:\/\/i0.wp.com\/blogmaldito.com\/wp-content\/uploads\/2021\/07\/fotos-clasificaciones-resultados-cursa-poblats-iberics.jpg?resize=600%2C900&ssl=1",600,900,true],"newspack-article-block-landscape-large":["https:\/\/i0.wp.com\/blogmaldito.com\/wp-content\/uploads\/2021\/07\/fotos-clasificaciones-resultados-cursa-poblats-iberics.jpg?resize=1200%2C900&ssl=1",1200,900,true],"newspack-article-block-portrait-large":["https:\/\/i0.wp.com\/blogmaldito.com\/wp-content\/uploads\/2021\/07\/fotos-clasificaciones-resultados-cursa-poblats-iberics.jpg?resize=900%2C942&ssl=1",900,942,true],"newspack-article-block-square-large":["https:\/\/i0.wp.com\/blogmaldito.com\/wp-content\/uploads\/2021\/07\/fotos-clasificaciones-resultados-cursa-poblats-iberics.jpg?resize=1200%2C942&ssl=1",1200,942,true],"newspack-article-block-landscape-medium":["https:\/\/i0.wp.com\/blogmaldito.com\/wp-content\/uploads\/2021\/07\/fotos-clasificaciones-resultados-cursa-poblats-iberics.jpg?resize=800%2C600&ssl=1",800,600,true],"newspack-article-block-portrait-medium":["https:\/\/i0.wp.com\/blogmaldito.com\/wp-content\/uploads\/2021\/07\/fotos-clasificaciones-resultados-cursa-poblats-iberics.jpg?resize=600%2C800&ssl=1",600,800,true],"newspack-article-block-square-medium":["https:\/\/i0.wp.com\/blogmaldito.com\/wp-content\/uploads\/2021\/07\/fotos-clasificaciones-resultados-cursa-poblats-iberics.jpg?resize=800%2C800&ssl=1",800,800,true],"newspack-article-block-landscape-intermediate":["https:\/\/i0.wp.com\/blogmaldito.com\/wp-content\/uploads\/2021\/07\/fotos-clasificaciones-resultados-cursa-poblats-iberics.jpg?resize=600%2C450&ssl=1",600,450,true],"newspack-article-block-portrait-intermediate":["https:\/\/i0.wp.com\/blogmaldito.com\/wp-content\/uploads\/2021\/07\/fotos-clasificaciones-resultados-cursa-poblats-iberics.jpg?resize=450%2C600&ssl=1",450,600,true],"newspack-article-block-square-intermediate":["https:\/\/i0.wp.com\/blogmaldito.com\/wp-content\/uploads\/2021\/07\/fotos-clasificaciones-resultados-cursa-poblats-iberics.jpg?resize=600%2C600&ssl=1",600,600,true],"newspack-article-block-landscape-small":["https:\/\/i0.wp.com\/blogmaldito.com\/wp-content\/uploads\/2021\/07\/fotos-clasificaciones-resultados-cursa-poblats-iberics.jpg?resize=400%2C300&ssl=1",400,300,true],"newspack-article-block-portrait-small":["https:\/\/i0.wp.com\/blogmaldito.com\/wp-content\/uploads\/2021\/07\/fotos-clasificaciones-resultados-cursa-poblats-iberics.jpg?resize=300%2C400&ssl=1",300,400,true],"newspack-article-block-square-small":["https:\/\/i0.wp.com\/blogmaldito.com\/wp-content\/uploads\/2021\/07\/fotos-clasificaciones-resultados-cursa-poblats-iberics.jpg?resize=400%2C400&ssl=1",400,400,true],"newspack-article-block-landscape-tiny":["https:\/\/i0.wp.com\/blogmaldito.com\/wp-content\/uploads\/2021\/07\/fotos-clasificaciones-resultados-cursa-poblats-iberics.jpg?resize=200%2C150&ssl=1",200,150,true],"newspack-article-block-portrait-tiny":["https:\/\/i0.wp.com\/blogmaldito.com\/wp-content\/uploads\/2021\/07\/fotos-clasificaciones-resultados-cursa-poblats-iberics.jpg?resize=150%2C200&ssl=1",150,200,true],"newspack-article-block-square-tiny":["https:\/\/i0.wp.com\/blogmaldito.com\/wp-content\/uploads\/2021\/07\/fotos-clasificaciones-resultados-cursa-poblats-iberics.jpg?resize=200%2C200&ssl=1",200,200,true],"newspack-article-block-uncropped":["https:\/\/i0.wp.com\/blogmaldito.com\/wp-content\/uploads\/2021\/07\/fotos-clasificaciones-resultados-cursa-poblats-iberics.jpg?fit=1200%2C628&ssl=1",1200,628,true],"hemingway-rewritten-featured":["https:\/\/i0.wp.com\/blogmaldito.com\/wp-content\/uploads\/2021\/07\/fotos-clasificaciones-resultados-cursa-poblats-iberics.jpg?fit=676%2C354&ssl=1",676,354,true],"hemingway-rewritten-header":["https:\/\/i0.wp.com\/blogmaldito.com\/wp-content\/uploads\/2021\/07\/fotos-clasificaciones-resultados-cursa-poblats-iberics.jpg?resize=1280%2C416&ssl=1",1280,416,true]},"rttpg_author":{"display_name":"David Blogmaldito","author_link":"https:\/\/blogmaldito.com\/ca\/author\/dabit\/"},"rttpg_comment":4,"rttpg_category":"<a href=\"https:\/\/blogmaldito.com\/ca\/category\/fotos\/\" rel=\"category tag\">Fotos<\/a>","rttpg_excerpt":"Hab\u00eda ganas de volver a competir por Collserola tras un par\u00e9ntesis de a\u00f1o y medio. Y este s\u00e1bado era el d\u00eda para la primera que ha tomado el testigo la\u00a0 retante y la mar de entretenida Cursa Poblats Ib\u00e8rics. Una prueba que este a\u00f1o, por desgracia, ha estado condicionada por algunas carencias en la se\u00f1alizaci\u00f3n&hellip;","_links":{"self":[{"href":"https:\/\/blogmaldito.com\/ca\/wp-json\/wp\/v2\/posts\/61765","targetHints":{"allow":["GET"]}}],"collection":[{"href":"https:\/\/blogmaldito.com\/ca\/wp-json\/wp\/v2\/posts"}],"about":[{"href":"https:\/\/blogmaldito.com\/ca\/wp-json\/wp\/v2\/types\/post"}],"author":[{"embeddable":true,"href":"https:\/\/blogmaldito.com\/ca\/wp-json\/wp\/v2\/users\/5492619"}],"replies":[{"embeddable":true,"href":"https:\/\/blogmaldito.com\/ca\/wp-json\/wp\/v2\/comments?post=61765"}],"version-history":[{"count":14,"href":"https:\/\/blogmaldito.com\/ca\/wp-json\/wp\/v2\/posts\/61765\/revisions"}],"predecessor-version":[{"id":61791,"href":"https:\/\/blogmaldito.com\/ca\/wp-json\/wp\/v2\/posts\/61765\/revisions\/61791"}],"wp:featuredmedia":[{"embeddable":true,"href":"https:\/\/blogmaldito.com\/ca\/wp-json\/wp\/v2\/media\/61786"}],"wp:attachment":[{"href":"https:\/\/blogmaldito.com\/ca\/wp-json\/wp\/v2\/media?parent=61765"}],"wp:term":[{"taxonomy":"category","embeddable":true,"href":"https:\/\/blogmaldito.com\/ca\/wp-json\/wp\/v2\/categories?post=61765"},{"taxonomy":"post_tag","embeddable":true,"href":"https:\/\/blogmaldito.com\/ca\/wp-json\/wp\/v2\/tags?post=61765"}],"curies":[{"name":"wp","href":"https:\/\/api.w.org\/{rel}","templated":true}]}}