{"id":49448,"date":"2019-11-16T18:47:49","date_gmt":"2019-11-16T18:47:49","guid":{"rendered":"http:\/\/blogmaldito.com\/?p=49448"},"modified":"2019-11-16T18:47:49","modified_gmt":"2019-11-16T18:47:49","slug":"fotos-punk-trail-molins","status":"publish","type":"post","link":"https:\/\/blogmaldito.com\/ca\/2019\/11\/16\/fotos-punk-trail-molins\/","title":{"rendered":"Fotos: Punk Trail Molins"},"content":{"rendered":"<p><a href=\"http:\/\/blogmaldito.com\/ca\/2019\/11\/16\/fotos-punk-trail-molins\/fotos-punk-trail-molins\/\" rel=\"attachment wp-att-49459\"><img data-recalc-dims=\"1\" loading=\"lazy\" decoding=\"async\" data-attachment-id=\"49459\" data-permalink=\"https:\/\/blogmaldito.com\/ca\/2019\/11\/16\/fotos-punk-trail-molins\/fotos-punk-trail-molins\/\" data-orig-file=\"https:\/\/i0.wp.com\/blogmaldito.com\/wp-content\/uploads\/2019\/11\/fotos-punk-trail-molins.jpg?fit=799%2C454&amp;ssl=1\" data-orig-size=\"799,454\" data-comments-opened=\"1\" data-image-meta=\"{&quot;aperture&quot;:&quot;0&quot;,&quot;credit&quot;:&quot;&quot;,&quot;camera&quot;:&quot;&quot;,&quot;caption&quot;:&quot;&quot;,&quot;created_timestamp&quot;:&quot;0&quot;,&quot;copyright&quot;:&quot;&quot;,&quot;focal_length&quot;:&quot;0&quot;,&quot;iso&quot;:&quot;0&quot;,&quot;shutter_speed&quot;:&quot;0&quot;,&quot;title&quot;:&quot;&quot;,&quot;orientation&quot;:&quot;1&quot;}\" data-image-title=\"FOTOS Punk Trail Molins\" data-image-description=\"\" data-image-caption=\"\" data-large-file=\"https:\/\/i0.wp.com\/blogmaldito.com\/wp-content\/uploads\/2019\/11\/fotos-punk-trail-molins.jpg?fit=676%2C384&amp;ssl=1\" class=\"aligncenter size-full wp-image-49459\" src=\"https:\/\/i0.wp.com\/blogmaldito.com\/wp-content\/uploads\/2019\/11\/fotos-punk-trail-molins.jpg?resize=500%2C284&#038;ssl=1\" alt=\"\" width=\"500\" height=\"284\" title=\"\"><\/a><\/p>\n<p>Yo, que estoy a caballo del Bages (origen del <a href=\"https:\/\/blogmaldito.com\/ca\/2013\/05\/07\/25-cosas-que-debes-saber-sobre-una-punk-trail\/\">fen\u00f3meno punk trail<\/a>), del Barcelon\u00e8s (donde vivo, curro es solo inercia)y del Baix Llobregat (all\u00ed hice el cole) sab\u00eda que hab\u00eda una cuenta pendiente y un deseo a consumar que hoy, por fin, se ha realizado: traer esta filosof\u00eda a Collserola.<\/p>\n<p>Y de ah\u00ed que toque alegrarse mucho de esta <a href=\"https:\/\/www.facebook.com\/punks.molins.5\" target=\"_blank\" rel=\"noopener\"><span style=\"color:#000000;\"><strong>Punk Trail Molins<\/strong><\/span><\/a> que ha mantenido intacta la esencia: disfrute monta\u00f1ero, solidaridad como eje y birras de colegueo. As\u00ed es como mola correr.<\/p>\n<p>Aqu\u00ed os dejo las fotos que he hecho esta ma\u00f1ana mientras os lo pasabais en grande por nuestra maravillosa Collserola. No tendr\u00e1 las subidas m\u00e1s empinadas ni las cotas m\u00e1s altas, pero es una delicia corretear por sus corriols. Salud!<\/p>\n<p><span style=\"color:#000000;\"><strong><span style=\"color:#ff6600;\">Fotos\u00a0<\/span>Blogmaldito<br \/>\n<\/strong><\/span><\/p>\n<p style=\"padding-left:40px;\"><span style=\"color:#000000;\"><a style=\"color:#000000;\" href=\"https:\/\/photos.app.goo.gl\/H6XM7BLUG7aCU9hL8\" target=\"_blank\" rel=\"noopener\">\u00c1lbum 1<\/a><br \/>\n<a style=\"color:#000000;\" href=\"https:\/\/photos.app.goo.gl\/PbrkDx6GyXaXd16CA\" target=\"_blank\" rel=\"noopener\">\u00c1lbum 2<\/a><br \/>\n<\/span><\/p>\n<p><span style=\"color:#000000;\"><strong><a style=\"color:#000000;\" href=\"https:\/\/www.facebook.com\/groups\/grupodevideosyfotosdecursaspopularesenbarcelona\/?source_id=243008319555306\" target=\"_blank\" rel=\"noreferrer noopener\">FOTOS Y V\u00cdDEOS EN EL GRUPO DE FACEBOOK<\/a><\/strong><\/span><\/p>\n<p><!--more--><\/p>\n<ul>\n<li><span style=\"color:#000000;\"><strong>Lugar<\/strong><\/span>: Molins de Rei (Collserola)<\/li>\n<li><span style=\"color:#000000;\"><strong>Horario<\/strong><\/span>: S\u00e1bado, 16 de noviembre (8.30)<\/li>\n<li><span style=\"color:#000000;\"><strong>Distancia<\/strong><\/span>: La que les sale a ellos del&#8230; pero 15 (curta) y 20 (llarga).<\/li>\n<li><span style=\"color:#000000;\"><strong>Inscripci\u00f3n<\/strong><\/span>: de pago voluntario (a cambio de camiseta) + traer comida para el Banc dels Aliments.<\/li>\n<li><span style=\"color:#000000;\"><strong>RESULTADOS: <\/strong><\/span>jajaja, me peto (no competitiva)<\/li>\n<\/ul>\n<p>_<\/p>\n<h2><strong><span style=\"color:#ff6600;\">Fotos<span style=\"color:#000000;\"> Blogmaldito<br \/>\n<\/span><\/span><\/strong><\/h2>\n<p><a href=\"https:\/\/photos.app.goo.gl\/H6XM7BLUG7aCU9hL8\" rel=\"attachment wp-att-49461 noopener\" target=\"_blank\"><img data-recalc-dims=\"1\" loading=\"lazy\" decoding=\"async\" data-attachment-id=\"49461\" data-permalink=\"https:\/\/blogmaldito.com\/ca\/2019\/11\/16\/fotos-punk-trail-molins\/punk-trail-molins-2019-306\/\" data-orig-file=\"https:\/\/i0.wp.com\/blogmaldito.com\/wp-content\/uploads\/2019\/11\/punk-trail-molins-2019-306.jpg?fit=885%2C590&amp;ssl=1\" data-orig-size=\"885,590\" data-comments-opened=\"1\" data-image-meta=\"{&quot;aperture&quot;:&quot;0&quot;,&quot;credit&quot;:&quot;&quot;,&quot;camera&quot;:&quot;&quot;,&quot;caption&quot;:&quot;&quot;,&quot;created_timestamp&quot;:&quot;0&quot;,&quot;copyright&quot;:&quot;&quot;,&quot;focal_length&quot;:&quot;0&quot;,&quot;iso&quot;:&quot;0&quot;,&quot;shutter_speed&quot;:&quot;0&quot;,&quot;title&quot;:&quot;&quot;,&quot;orientation&quot;:&quot;0&quot;}\" data-image-title=\"Punk Trail Molins 2019 (306)\" data-image-description=\"\" data-image-caption=\"\" data-large-file=\"https:\/\/i0.wp.com\/blogmaldito.com\/wp-content\/uploads\/2019\/11\/punk-trail-molins-2019-306.jpg?fit=676%2C451&amp;ssl=1\" class=\"aligncenter size-full wp-image-49461\" src=\"https:\/\/i0.wp.com\/blogmaldito.com\/wp-content\/uploads\/2019\/11\/punk-trail-molins-2019-306.jpg?resize=500%2C333&#038;ssl=1\" alt=\"\" width=\"500\" height=\"333\" title=\"\"><\/a><\/p>\n<h3><span style=\"color:#000000;\"><a style=\"color:#000000;\" href=\"https:\/\/photos.app.goo.gl\/H6XM7BLUG7aCU9hL8\" target=\"_blank\" rel=\"noopener\">\u00c1lbum 1<\/a><\/span><\/h3>\n<p><a href=\"https:\/\/photos.app.goo.gl\/PbrkDx6GyXaXd16CA\" rel=\"attachment wp-att-49460 noopener\" target=\"_blank\"><img data-recalc-dims=\"1\" loading=\"lazy\" decoding=\"async\" data-attachment-id=\"49460\" data-permalink=\"https:\/\/blogmaldito.com\/ca\/2019\/11\/16\/fotos-punk-trail-molins\/punk-trail-molins-2019-1357\/\" data-orig-file=\"https:\/\/i0.wp.com\/blogmaldito.com\/wp-content\/uploads\/2019\/11\/punk-trail-molins-2019-1357.jpg?fit=885%2C590&amp;ssl=1\" data-orig-size=\"885,590\" data-comments-opened=\"1\" data-image-meta=\"{&quot;aperture&quot;:&quot;0&quot;,&quot;credit&quot;:&quot;&quot;,&quot;camera&quot;:&quot;&quot;,&quot;caption&quot;:&quot;&quot;,&quot;created_timestamp&quot;:&quot;0&quot;,&quot;copyright&quot;:&quot;&quot;,&quot;focal_length&quot;:&quot;0&quot;,&quot;iso&quot;:&quot;0&quot;,&quot;shutter_speed&quot;:&quot;0&quot;,&quot;title&quot;:&quot;&quot;,&quot;orientation&quot;:&quot;0&quot;}\" data-image-title=\"Punk Trail Molins 2019 (1357)\" data-image-description=\"\" data-image-caption=\"\" data-large-file=\"https:\/\/i0.wp.com\/blogmaldito.com\/wp-content\/uploads\/2019\/11\/punk-trail-molins-2019-1357.jpg?fit=676%2C451&amp;ssl=1\" class=\"aligncenter size-full wp-image-49460\" src=\"https:\/\/i0.wp.com\/blogmaldito.com\/wp-content\/uploads\/2019\/11\/punk-trail-molins-2019-1357.jpg?resize=500%2C333&#038;ssl=1\" alt=\"\" width=\"500\" height=\"333\" title=\"\"><\/a><\/p>\n<h3><span style=\"color:#000000;\"><a style=\"color:#000000;\" href=\"https:\/\/photos.app.goo.gl\/PbrkDx6GyXaXd16CA\" target=\"_blank\" rel=\"noopener\">\u00c1lbum 2<\/a><\/span><\/h3>\n<h3><\/h3>","protected":false},"excerpt":{"rendered":"<p>Yo, que estoy a caballo del Bages (origen del fen\u00f3meno punk trail), del Barcelon\u00e8s (donde vivo, curro es solo inercia)y del Baix Llobregat (all\u00ed hice el cole) sab\u00eda que hab\u00eda una cuenta pendiente y un deseo a consumar que hoy, por fin, se ha realizado: traer esta filosof\u00eda a Collserola. Y de ah\u00ed que toque &hellip; <a href=\"https:\/\/blogmaldito.com\/ca\/2019\/11\/16\/fotos-punk-trail-molins\/\" class=\"more-link\">Continua la lectura de <span class=\"screen-reader-text\">Fotos: Punk Trail Molins<\/span><\/a><\/p>","protected":false},"author":5492619,"featured_media":49459,"comment_status":"open","ping_status":"open","sticky":false,"template":"","format":"standard","meta":{"_jetpack_newsletter_access":"","_jetpack_dont_email_post_to_subs":false,"_jetpack_newsletter_tier_id":0,"_jetpack_memberships_contains_paywalled_content":false,"_wpcom_ai_launchpad_first_post":false,"_jetpack_feature_clip_id":0,"_jetpack_memberships_contains_paid_content":false,"footnotes":"","jetpack_publicize_message":"Fotos: Punk Trail Molins\r\n\r\n1.400 fotos de los punkis desafiando el fr\u00edo siberiano y disfrutando de Collserola. #RunningIsaPunkAttitude","jetpack_publicize_feature_enabled":true,"jetpack_social_post_already_shared":false,"jetpack_social_options":{"image_generator_settings":{"template":"highway","default_image_id":0,"font":"","enabled":false},"version":2},"jetpack_post_was_ever_published":false},"categories":[772],"tags":[689915838,93551355,689915837],"class_list":["post-49448","post","type-post","status-publish","format-standard","has-post-thumbnail","hentry","category-fotos","tag-fotos-punk-trail-molins","tag-punk-trail","tag-punk-trail-molins","fallback-thumbnail"],"jetpack_publicize_connections":[],"jetpack_likes_enabled":false,"jetpack_sharing_enabled":true,"jetpack_shortlink":"https:\/\/wp.me\/pNuBu-cRy","jetpack-related-posts":[{"id":3133,"url":"https:\/\/blogmaldito.com\/ca\/2013\/06\/02\/a-examen-cursa-ecologica-de-muntaya-a-molins-de-rei\/","url_meta":{"origin":49448,"position":0},"title":"A examen: Cursa ecol\u00f2gica de muntanya a Molins de Rei","author":"David Blogmaldito","date":"juny 2, 2013","format":false,"excerpt":"La monta\u00f1a no queda tan lejos para los barceloneses. Los hay que compensan el mono retozando en Montju\u00efc (vale, no me tir\u00e9is piedras) y los que les da por escalar\u00a0a Collserola. Pero \u00bfcarreras d\u00f3nde chulear de zapas ortop\u00e9dicas, mallas compresoras\/ahogadoras y una colocaci\u00f3n estilosa e inigualable del tubular? Pues, aunque\u2026","rel":"","context":"A &quot;Running&quot;","block_context":{"text":"Running","link":"https:\/\/blogmaldito.com\/ca\/category\/running\/"},"img":{"alt_text":"Logo Cursa Molins de Rei","src":"https:\/\/i0.wp.com\/blogmaldito.com\/wp-content\/uploads\/2013\/06\/logo-cursa-molins-de-rei.jpg?resize=350%2C200","width":350,"height":200},"classes":[]},{"id":5656,"url":"https:\/\/blogmaldito.com\/ca\/2014\/02\/16\/a-examen-punk-trail-castellbell-i-el-vilar\/","url_meta":{"origin":49448,"position":1},"title":"A examen: Punk Trail Castellbell i el Vilar","author":"David Blogmaldito","date":"febrer 16, 2014","format":false,"excerpt":"Hab\u00eda muchas ganas de Punk Trail, tanto que en poco m\u00e1s de 24 horas se agotaron los dorsales, y, a tenor del resultado, no era para menos. La debutante Punk Trail Castellbell i el Vilar\u00a0ha sido \u00a0la encargada de estrenar el calendario 2014 manteniendo y elevando el list\u00f3n de una\u2026","rel":"","context":"A &quot;Running&quot;","block_context":{"text":"Running","link":"https:\/\/blogmaldito.com\/ca\/category\/running\/"},"img":{"alt_text":"Logo Punk Trail Castellbell i el Vilar","src":"https:\/\/i0.wp.com\/blogmaldito.com\/wp-content\/uploads\/2014\/02\/logo-punk-trail-castellbell-i-el-vilar.jpg?resize=350%2C200","width":350,"height":200},"classes":[]},{"id":4289,"url":"https:\/\/blogmaldito.com\/ca\/2013\/10\/12\/a-examen-punk-trail-pot-vilomara\/","url_meta":{"origin":49448,"position":2},"title":"A examen: Punk Trail Pont de Vilomara","author":"David Blogmaldito","date":"octubre 12, 2013","format":false,"excerpt":"Tras un breve pero provechoso paso por la comarca de l'Anoia (y la a\u00fan latente Alta Segarra) el fen\u00f3meno Punk Trail vuelve a recaer en el Bages situando localizaci\u00f3n y fiesta en\u00a0la\u00a0Punk Trail Vilomara. El resultado ya no deber\u00eda conllevar ning\u00fan tipo de sorpresa: m\u00e1s, mejor y sin perder ni\u2026","rel":"","context":"A &quot;Running&quot;","block_context":{"text":"Running","link":"https:\/\/blogmaldito.com\/ca\/category\/running\/"},"img":{"alt_text":"LOGO PUNK TRAIL VILOMARA","src":"https:\/\/i0.wp.com\/blogmaldito.com\/wp-content\/uploads\/2013\/10\/logo-punk-trail-vilomara1.jpg?resize=350%2C200","width":350,"height":200},"classes":[]},{"id":4568,"url":"https:\/\/blogmaldito.com\/ca\/2013\/11\/10\/a-examen-punk-trail-manresa\/","url_meta":{"origin":49448,"position":3},"title":"A examen: Punk Trail Manresa","author":"David Blogmaldito","date":"novembre 10, 2013","format":false,"excerpt":"2013 era el a\u00f1o clave para saber si esa idea en un principio ut\u00f3pica, reivindicativa y cargada de buenas intenciones nacida del eco por el hast\u00edo de que todo lo relacionado con correr estuviera cada vez m\u00e1s asociado a t\u00e9rminos como competencia, crono o negocio\u00a0y menos a compa\u00f1erismo, disfrute y\u2026","rel":"","context":"A &quot;Running&quot;","block_context":{"text":"Running","link":"https:\/\/blogmaldito.com\/ca\/category\/running\/"},"img":{"alt_text":"LOGO PUNK TRAIL MANRESA","src":"https:\/\/i0.wp.com\/blogmaldito.com\/wp-content\/uploads\/2013\/11\/logo-punk-trail-manresa.jpg?resize=350%2C200","width":350,"height":200},"classes":[]},{"id":3959,"url":"https:\/\/blogmaldito.com\/ca\/2013\/09\/08\/a-examen-punk-trail-calaf\/","url_meta":{"origin":49448,"position":4},"title":"A examen: Punk Trail Calaf","author":"David Blogmaldito","date":"setembre 8, 2013","format":false,"excerpt":"El cor de Catalunya\u00a0contin\u00faa con su suma y sigue en pos de una reivindicaci\u00f3n de correr como un actividad festiva, liberadora y al margen del negocio. En esta ocasi\u00f3n toca trasladarse a la comarca de la Anoia para disputar disfrutar de la Punk Trail Calaf, que cumple su segunda edici\u00f3n\u2026","rel":"","context":"A &quot;Running&quot;","block_context":{"text":"Running","link":"https:\/\/blogmaldito.com\/ca\/category\/running\/"},"img":{"alt_text":"PUNK TRAIL CALAF LOGO","src":"https:\/\/i0.wp.com\/blogmaldito.com\/wp-content\/uploads\/2013\/09\/punk-trail-calaf-logo.jpg?resize=350%2C200","width":350,"height":200},"classes":[]},{"id":35077,"url":"https:\/\/blogmaldito.com\/ca\/2018\/01\/01\/fotos-de-la-punk-silvestre-la-navarclina-y-cursa-dels-nassos\/","url_meta":{"origin":49448,"position":5},"title":"Fotos de la Punk Silvestre, La Navarclina y Cursa dels Nassos","author":"David Blogmaldito","date":"gener 1, 2018","format":false,"excerpt":"Finde intenso de San Silvestres y echar fotos. Aqu\u00ed ten\u00e9is las de la Punk Silvestre Fonollosa, La Navarclina y la Cursa dels Nassos. Aviso, han salido fatal las de las dos \u00faltimas (en Navarcles por programar mal la c\u00e1mara, enNassos porque sin luz... es imposible). EP! Esta tarde publico el\u2026","rel":"","context":"A &quot;Running&quot;","block_context":{"text":"Running","link":"https:\/\/blogmaldito.com\/ca\/category\/running\/"},"img":{"alt_text":"","src":"https:\/\/i0.wp.com\/blogmaldito.com\/wp-content\/uploads\/2018\/01\/fotos-nassos-2017-la-navarclina-punk-silvestre-fonollosa.jpg?fit=799%2C378&ssl=1&resize=350%2C200","width":350,"height":200,"srcset":"https:\/\/i0.wp.com\/blogmaldito.com\/wp-content\/uploads\/2018\/01\/fotos-nassos-2017-la-navarclina-punk-silvestre-fonollosa.jpg?fit=799%2C378&ssl=1&resize=350%2C200 1x, https:\/\/i0.wp.com\/blogmaldito.com\/wp-content\/uploads\/2018\/01\/fotos-nassos-2017-la-navarclina-punk-silvestre-fonollosa.jpg?fit=799%2C378&ssl=1&resize=525%2C300 1.5x, https:\/\/i0.wp.com\/blogmaldito.com\/wp-content\/uploads\/2018\/01\/fotos-nassos-2017-la-navarclina-punk-silvestre-fonollosa.jpg?fit=799%2C378&ssl=1&resize=700%2C400 2x"},"classes":[]}],"jetpack_featured_media_url":"https:\/\/i0.wp.com\/blogmaldito.com\/wp-content\/uploads\/2019\/11\/fotos-punk-trail-molins.jpg?fit=799%2C454&ssl=1","rttpg_featured_image_url":{"full":["https:\/\/i0.wp.com\/blogmaldito.com\/wp-content\/uploads\/2019\/11\/fotos-punk-trail-molins.jpg?fit=799%2C454&ssl=1",799,454,false],"landscape":["https:\/\/blogmaldito.com\/wp-content\/uploads\/2019\/11\/fotos-punk-trail-molins.jpg",799,454,false],"portraits":["https:\/\/blogmaldito.com\/wp-content\/uploads\/2019\/11\/fotos-punk-trail-molins.jpg",799,454,false],"thumbnail":["https:\/\/i0.wp.com\/blogmaldito.com\/wp-content\/uploads\/2019\/11\/fotos-punk-trail-molins.jpg?fit=150%2C85&ssl=1",150,85,true],"medium":["https:\/\/i0.wp.com\/blogmaldito.com\/wp-content\/uploads\/2019\/11\/fotos-punk-trail-molins.jpg?fit=300%2C170&ssl=1",300,170,true],"large":["https:\/\/i0.wp.com\/blogmaldito.com\/wp-content\/uploads\/2019\/11\/fotos-punk-trail-molins.jpg?fit=676%2C384&ssl=1",676,384,true],"1536x1536":["https:\/\/i0.wp.com\/blogmaldito.com\/wp-content\/uploads\/2019\/11\/fotos-punk-trail-molins.jpg?fit=799%2C454&ssl=1",799,454,true],"2048x2048":["https:\/\/i0.wp.com\/blogmaldito.com\/wp-content\/uploads\/2019\/11\/fotos-punk-trail-molins.jpg?fit=799%2C454&ssl=1",799,454,true],"trp-custom-language-flag":["https:\/\/i0.wp.com\/blogmaldito.com\/wp-content\/uploads\/2019\/11\/fotos-punk-trail-molins.jpg?fit=18%2C10&ssl=1",18,10,true],"smart-post-landscape":["https:\/\/i0.wp.com\/blogmaldito.com\/wp-content\/uploads\/2019\/11\/fotos-punk-trail-molins.jpg?resize=799%2C454&ssl=1",799,454,true],"smart-post-portrait":["https:\/\/i0.wp.com\/blogmaldito.com\/wp-content\/uploads\/2019\/11\/fotos-punk-trail-molins.jpg?resize=600%2C454&ssl=1",600,454,true],"newspack-article-block-landscape-large":["https:\/\/i0.wp.com\/blogmaldito.com\/wp-content\/uploads\/2019\/11\/fotos-punk-trail-molins.jpg?resize=799%2C454&ssl=1",799,454,true],"newspack-article-block-portrait-large":["https:\/\/i0.wp.com\/blogmaldito.com\/wp-content\/uploads\/2019\/11\/fotos-punk-trail-molins.jpg?resize=799%2C454&ssl=1",799,454,true],"newspack-article-block-square-large":["https:\/\/i0.wp.com\/blogmaldito.com\/wp-content\/uploads\/2019\/11\/fotos-punk-trail-molins.jpg?resize=799%2C454&ssl=1",799,454,true],"newspack-article-block-landscape-medium":["https:\/\/i0.wp.com\/blogmaldito.com\/wp-content\/uploads\/2019\/11\/fotos-punk-trail-molins.jpg?resize=799%2C454&ssl=1",799,454,true],"newspack-article-block-portrait-medium":["https:\/\/i0.wp.com\/blogmaldito.com\/wp-content\/uploads\/2019\/11\/fotos-punk-trail-molins.jpg?resize=600%2C454&ssl=1",600,454,true],"newspack-article-block-square-medium":["https:\/\/i0.wp.com\/blogmaldito.com\/wp-content\/uploads\/2019\/11\/fotos-punk-trail-molins.jpg?resize=799%2C454&ssl=1",799,454,true],"newspack-article-block-landscape-intermediate":["https:\/\/i0.wp.com\/blogmaldito.com\/wp-content\/uploads\/2019\/11\/fotos-punk-trail-molins.jpg?resize=600%2C450&ssl=1",600,450,true],"newspack-article-block-portrait-intermediate":["https:\/\/i0.wp.com\/blogmaldito.com\/wp-content\/uploads\/2019\/11\/fotos-punk-trail-molins.jpg?resize=450%2C454&ssl=1",450,454,true],"newspack-article-block-square-intermediate":["https:\/\/i0.wp.com\/blogmaldito.com\/wp-content\/uploads\/2019\/11\/fotos-punk-trail-molins.jpg?resize=600%2C454&ssl=1",600,454,true],"newspack-article-block-landscape-small":["https:\/\/i0.wp.com\/blogmaldito.com\/wp-content\/uploads\/2019\/11\/fotos-punk-trail-molins.jpg?resize=400%2C300&ssl=1",400,300,true],"newspack-article-block-portrait-small":["https:\/\/i0.wp.com\/blogmaldito.com\/wp-content\/uploads\/2019\/11\/fotos-punk-trail-molins.jpg?resize=300%2C400&ssl=1",300,400,true],"newspack-article-block-square-small":["https:\/\/i0.wp.com\/blogmaldito.com\/wp-content\/uploads\/2019\/11\/fotos-punk-trail-molins.jpg?resize=400%2C400&ssl=1",400,400,true],"newspack-article-block-landscape-tiny":["https:\/\/i0.wp.com\/blogmaldito.com\/wp-content\/uploads\/2019\/11\/fotos-punk-trail-molins.jpg?resize=200%2C150&ssl=1",200,150,true],"newspack-article-block-portrait-tiny":["https:\/\/i0.wp.com\/blogmaldito.com\/wp-content\/uploads\/2019\/11\/fotos-punk-trail-molins.jpg?resize=150%2C200&ssl=1",150,200,true],"newspack-article-block-square-tiny":["https:\/\/i0.wp.com\/blogmaldito.com\/wp-content\/uploads\/2019\/11\/fotos-punk-trail-molins.jpg?resize=200%2C200&ssl=1",200,200,true],"newspack-article-block-uncropped":["https:\/\/i0.wp.com\/blogmaldito.com\/wp-content\/uploads\/2019\/11\/fotos-punk-trail-molins.jpg?fit=799%2C454&ssl=1",799,454,true],"hemingway-rewritten-featured":["https:\/\/i0.wp.com\/blogmaldito.com\/wp-content\/uploads\/2019\/11\/fotos-punk-trail-molins.jpg?fit=676%2C384&ssl=1",676,384,true],"hemingway-rewritten-header":["https:\/\/i0.wp.com\/blogmaldito.com\/wp-content\/uploads\/2019\/11\/fotos-punk-trail-molins.jpg?resize=799%2C416&ssl=1",799,416,true]},"rttpg_author":{"display_name":"David Blogmaldito","author_link":"https:\/\/blogmaldito.com\/ca\/author\/dabit\/"},"rttpg_comment":3,"rttpg_category":"<a href=\"https:\/\/blogmaldito.com\/ca\/category\/fotos\/\" rel=\"category tag\">Fotos<\/a>","rttpg_excerpt":"Yo, que estoy a caballo del Bages (origen del fen\u00f3meno punk trail), del Barcelon\u00e8s (donde vivo, curro es solo inercia)y del Baix Llobregat (all\u00ed hice el cole) sab\u00eda que hab\u00eda una cuenta pendiente y un deseo a consumar que hoy, por fin, se ha realizado: traer esta filosof\u00eda a Collserola. Y de ah\u00ed que toque&hellip;","_links":{"self":[{"href":"https:\/\/blogmaldito.com\/ca\/wp-json\/wp\/v2\/posts\/49448","targetHints":{"allow":["GET"]}}],"collection":[{"href":"https:\/\/blogmaldito.com\/ca\/wp-json\/wp\/v2\/posts"}],"about":[{"href":"https:\/\/blogmaldito.com\/ca\/wp-json\/wp\/v2\/types\/post"}],"author":[{"embeddable":true,"href":"https:\/\/blogmaldito.com\/ca\/wp-json\/wp\/v2\/users\/5492619"}],"replies":[{"embeddable":true,"href":"https:\/\/blogmaldito.com\/ca\/wp-json\/wp\/v2\/comments?post=49448"}],"version-history":[{"count":10,"href":"https:\/\/blogmaldito.com\/ca\/wp-json\/wp\/v2\/posts\/49448\/revisions"}],"predecessor-version":[{"id":49464,"href":"https:\/\/blogmaldito.com\/ca\/wp-json\/wp\/v2\/posts\/49448\/revisions\/49464"}],"wp:featuredmedia":[{"embeddable":true,"href":"https:\/\/blogmaldito.com\/ca\/wp-json\/wp\/v2\/media\/49459"}],"wp:attachment":[{"href":"https:\/\/blogmaldito.com\/ca\/wp-json\/wp\/v2\/media?parent=49448"}],"wp:term":[{"taxonomy":"category","embeddable":true,"href":"https:\/\/blogmaldito.com\/ca\/wp-json\/wp\/v2\/categories?post=49448"},{"taxonomy":"post_tag","embeddable":true,"href":"https:\/\/blogmaldito.com\/ca\/wp-json\/wp\/v2\/tags?post=49448"}],"curies":[{"name":"wp","href":"https:\/\/api.w.org\/{rel}","templated":true}]}}