{"id":108701,"date":"2026-09-05T10:35:09","date_gmt":"2026-09-05T08:35:09","guid":{"rendered":"https:\/\/blogmaldito.com\/?p=108701"},"modified":"2026-09-05T22:27:59","modified_gmt":"2026-09-05T20:27:59","slug":"fotos-cursa-festa-major-santa-coloma-3","status":"publish","type":"post","link":"https:\/\/blogmaldito.com\/ca\/2026\/09\/05\/fotos-cursa-festa-major-santa-coloma-3\/","title":{"rendered":"Fotos Cursa Festa Major Santa Coloma"},"content":{"rendered":"<p><a href=\"https:\/\/blogmaldito.com\/ca\/2026\/09\/05\/fotos-cursa-festa-major-santa-coloma-3\/00-cursa-festa-major-santa-coloma-guia-corredor-analisis-circuito-recorrido-consejos-expres-fotos-clasificacion-horarios-dorsal-2\/\" rel=\"attachment wp-att-108760\"><img data-recalc-dims=\"1\" loading=\"lazy\" decoding=\"async\" data-attachment-id=\"108760\" data-permalink=\"https:\/\/blogmaldito.com\/ca\/2026\/09\/05\/fotos-cursa-festa-major-santa-coloma-3\/00-cursa-festa-major-santa-coloma-guia-corredor-analisis-circuito-recorrido-consejos-expres-fotos-clasificacion-horarios-dorsal-2\/\" data-orig-file=\"https:\/\/i0.wp.com\/blogmaldito.com\/wp-content\/uploads\/2026\/09\/00-CURSA-FESTA-MAJOR-SANTA-COLOMA-GUIA-CORREDOR-ANALISIS-CIRCUITO-RECORRIDO-CONSEJOS-EXPRES-FOTOS-CLASIFICACION-HORARIOS-DORSAL.jpg?fit=3413%2C1920&amp;ssl=1\" data-orig-size=\"3413,1920\" data-comments-opened=\"1\" data-image-meta=\"{&quot;aperture&quot;:&quot;0&quot;,&quot;credit&quot;:&quot;&quot;,&quot;camera&quot;:&quot;&quot;,&quot;caption&quot;:&quot;&quot;,&quot;created_timestamp&quot;:&quot;0&quot;,&quot;copyright&quot;:&quot;&quot;,&quot;focal_length&quot;:&quot;0&quot;,&quot;iso&quot;:&quot;0&quot;,&quot;shutter_speed&quot;:&quot;0&quot;,&quot;title&quot;:&quot;&quot;,&quot;orientation&quot;:&quot;0&quot;,&quot;alt&quot;:&quot;&quot;}\" data-image-title=\"00 CURSA FESTA MAJOR SANTA COLOMA GUIA CORREDOR ANALISIS CIRCUITO RECORRIDO CONSEJOS EXPRES FOTOS CLASIFICACION HORARIOS DORSAL\" data-image-description=\"\" data-image-caption=\"\" data-large-file=\"https:\/\/i0.wp.com\/blogmaldito.com\/wp-content\/uploads\/2026\/09\/00-CURSA-FESTA-MAJOR-SANTA-COLOMA-GUIA-CORREDOR-ANALISIS-CIRCUITO-RECORRIDO-CONSEJOS-EXPRES-FOTOS-CLASIFICACION-HORARIOS-DORSAL.jpg?fit=676%2C380&amp;ssl=1\" class=\"aligncenter size-full wp-image-108760\" src=\"https:\/\/i0.wp.com\/blogmaldito.com\/wp-content\/uploads\/2026\/09\/00-CURSA-FESTA-MAJOR-SANTA-COLOMA-GUIA-CORREDOR-ANALISIS-CIRCUITO-RECORRIDO-CONSEJOS-EXPRES-FOTOS-CLASIFICACION-HORARIOS-DORSAL.jpg?resize=676%2C380&#038;ssl=1\" alt=\"fotos-cursa-festa-major-santa-coloma-2026\" width=\"676\" height=\"380\" title=\"\" srcset=\"https:\/\/i0.wp.com\/blogmaldito.com\/wp-content\/uploads\/2026\/09\/00-CURSA-FESTA-MAJOR-SANTA-COLOMA-GUIA-CORREDOR-ANALISIS-CIRCUITO-RECORRIDO-CONSEJOS-EXPRES-FOTOS-CLASIFICACION-HORARIOS-DORSAL.jpg?w=3413&amp;ssl=1 3413w, https:\/\/i0.wp.com\/blogmaldito.com\/wp-content\/uploads\/2026\/09\/00-CURSA-FESTA-MAJOR-SANTA-COLOMA-GUIA-CORREDOR-ANALISIS-CIRCUITO-RECORRIDO-CONSEJOS-EXPRES-FOTOS-CLASIFICACION-HORARIOS-DORSAL.jpg?resize=300%2C169&amp;ssl=1 300w, https:\/\/i0.wp.com\/blogmaldito.com\/wp-content\/uploads\/2026\/09\/00-CURSA-FESTA-MAJOR-SANTA-COLOMA-GUIA-CORREDOR-ANALISIS-CIRCUITO-RECORRIDO-CONSEJOS-EXPRES-FOTOS-CLASIFICACION-HORARIOS-DORSAL.jpg?resize=1024%2C576&amp;ssl=1 1024w, https:\/\/i0.wp.com\/blogmaldito.com\/wp-content\/uploads\/2026\/09\/00-CURSA-FESTA-MAJOR-SANTA-COLOMA-GUIA-CORREDOR-ANALISIS-CIRCUITO-RECORRIDO-CONSEJOS-EXPRES-FOTOS-CLASIFICACION-HORARIOS-DORSAL.jpg?resize=150%2C84&amp;ssl=1 150w, https:\/\/i0.wp.com\/blogmaldito.com\/wp-content\/uploads\/2026\/09\/00-CURSA-FESTA-MAJOR-SANTA-COLOMA-GUIA-CORREDOR-ANALISIS-CIRCUITO-RECORRIDO-CONSEJOS-EXPRES-FOTOS-CLASIFICACION-HORARIOS-DORSAL.jpg?resize=768%2C432&amp;ssl=1 768w, https:\/\/i0.wp.com\/blogmaldito.com\/wp-content\/uploads\/2026\/09\/00-CURSA-FESTA-MAJOR-SANTA-COLOMA-GUIA-CORREDOR-ANALISIS-CIRCUITO-RECORRIDO-CONSEJOS-EXPRES-FOTOS-CLASIFICACION-HORARIOS-DORSAL.jpg?resize=1536%2C864&amp;ssl=1 1536w, https:\/\/i0.wp.com\/blogmaldito.com\/wp-content\/uploads\/2026\/09\/00-CURSA-FESTA-MAJOR-SANTA-COLOMA-GUIA-CORREDOR-ANALISIS-CIRCUITO-RECORRIDO-CONSEJOS-EXPRES-FOTOS-CLASIFICACION-HORARIOS-DORSAL.jpg?resize=2048%2C1152&amp;ssl=1 2048w, https:\/\/i0.wp.com\/blogmaldito.com\/wp-content\/uploads\/2026\/09\/00-CURSA-FESTA-MAJOR-SANTA-COLOMA-GUIA-CORREDOR-ANALISIS-CIRCUITO-RECORRIDO-CONSEJOS-EXPRES-FOTOS-CLASIFICACION-HORARIOS-DORSAL.jpg?resize=18%2C10&amp;ssl=1 18w, https:\/\/i0.wp.com\/blogmaldito.com\/wp-content\/uploads\/2026\/09\/00-CURSA-FESTA-MAJOR-SANTA-COLOMA-GUIA-CORREDOR-ANALISIS-CIRCUITO-RECORRIDO-CONSEJOS-EXPRES-FOTOS-CLASIFICACION-HORARIOS-DORSAL.jpg?resize=676%2C380&amp;ssl=1 676w, https:\/\/i0.wp.com\/blogmaldito.com\/wp-content\/uploads\/2026\/09\/00-CURSA-FESTA-MAJOR-SANTA-COLOMA-GUIA-CORREDOR-ANALISIS-CIRCUITO-RECORRIDO-CONSEJOS-EXPRES-FOTOS-CLASIFICACION-HORARIOS-DORSAL.jpg?w=1352&amp;ssl=1 1352w\" sizes=\"auto, (max-width: 676px) 100vw, 676px\" \/><\/a><\/p>\n<p>Comienza septiembre y con \u00e9l toca fichar en la\u00a0 <a href=\"https:\/\/esportsgramenet.cat\/cursafestamajor\" target=\"_blank\" rel=\"noopener\"><strong>Cursa Festa Major Santa Coloma d&#8217;Estiu<\/strong><\/a>\u00a0<strong>&#8216;Clemente Hern\u00e1ndez&#8217;<\/strong>) que, como cada a\u00f1o, es una fiesta popular en la que darnos la bienvenida a otra nueva temporada de carreras en pleno fin de semana de actos y conciertos en la localidad.<\/p>\n<p>Una carrera no competitiva y de distancia aproximada (suele salir varios metros m\u00e1s de 5 kil\u00f3metros), pero es que la filosof\u00eda esm\u00e1s de pasarlo bien poniendo las piernas a punto que batallar contra el crono. Por cierto, como cada a\u00f1o, un encato todos sus voluntarios.<\/p>\n<p>Os dejo las <span style=\"color: #000000;\"><strong>fotos<\/strong> <\/span>que he hecho de la <a href=\"https:\/\/esportsgramenet.cat\/cursafestamajor\" target=\"_blank\" rel=\"noopener\"><strong>Cursa Festa Major Santa Coloma <\/strong><\/a>(son unas 4.600 repartidas en 6 \u00e1lbumes) y tambi\u00e9n ir\u00e9 enlazando las de los colegas que se han acercado a sacaros con la mejor pose posible. <!--more--><\/p>\n<p style=\"text-align: center;\"><span style=\"color: #ff6600;\"><strong>Y por si te quieres suscribir a la newsletter de blogmaldito \ud83d\ude42<\/strong><\/span><\/p>\n<p style=\"text-align: center;\"><iframe loading=\"lazy\" style=\"border: 1px solid #EEE; background: white;\" src=\"https:\/\/blogmaldito.substack.com\/embed?minimal=true\" width=\"480\" height=\"150\" frameborder=\"0\" scrolling=\"no\" data-mce-fragment=\"1\"><\/iframe><\/p>\n<p><a href=\"https:\/\/blogmaldito.com\/ca\/2015\/03\/16\/mini-historias-de-la-marato-de-barcelona-2015\/tira-separadora-blogmaldito\/\" rel=\"attachment wp-att-10534\"><img data-recalc-dims=\"1\" loading=\"lazy\" decoding=\"async\" data-attachment-id=\"10534\" data-permalink=\"https:\/\/blogmaldito.com\/ca\/2015\/03\/16\/mini-historias-de-la-marato-de-barcelona-2015\/tira-separadora-blogmaldito\/\" data-orig-file=\"https:\/\/i0.wp.com\/blogmaldito.com\/wp-content\/uploads\/2015\/03\/tira-separadora-blogmaldito.jpg?fit=500%2C5&amp;ssl=1\" data-orig-size=\"500,5\" data-comments-opened=\"1\" data-image-meta=\"{&quot;aperture&quot;:&quot;0&quot;,&quot;credit&quot;:&quot;&quot;,&quot;camera&quot;:&quot;&quot;,&quot;caption&quot;:&quot;&quot;,&quot;created_timestamp&quot;:&quot;0&quot;,&quot;copyright&quot;:&quot;&quot;,&quot;focal_length&quot;:&quot;0&quot;,&quot;iso&quot;:&quot;0&quot;,&quot;shutter_speed&quot;:&quot;0&quot;,&quot;title&quot;:&quot;&quot;,&quot;orientation&quot;:&quot;1&quot;}\" data-image-title=\"TIRA SEPARADORA BLOGMALDITO\" data-image-description=\"\" data-image-caption=\"\" data-large-file=\"https:\/\/i0.wp.com\/blogmaldito.com\/wp-content\/uploads\/2015\/03\/tira-separadora-blogmaldito.jpg?fit=500%2C5&amp;ssl=1\" class=\"aligncenter size-full wp-image-10534\" src=\"https:\/\/i0.wp.com\/blogmaldito.com\/wp-content\/uploads\/2015\/03\/tira-separadora-blogmaldito.jpg?resize=500%2C5&#038;ssl=1\" alt=\"\" width=\"500\" height=\"5\" title=\"\"><\/a><\/p>\n<blockquote style=\"background-color: #f9f9f9; border-left: 8px solid #000000; padding: 15px; border-radius: 2px;\">\n<p style=\"margin-bottom: 10px; text-align: center;\"><span style=\"font-size: 18px; color: #000000;\"><b>Calendario y mapa de carreras<\/b><\/span><\/p>\n<p><span style=\"font-size: 8pt;\"><span style=\"color: #000000; font-size: 10pt;\"><strong>\u25fc\ufe0f\u200b<\/strong><\/span><span style=\"font-size: 10pt;\"><a href=\"https:\/\/blogmaldito.com\/ca\/calendario-carreras-barcelona-cataluna-5k-10k-21k-42k\/\"><strong><span style=\"color: #000000;\">Calendario carreras Catalunya<\/span><\/strong><\/a><\/span><\/span><br \/>\n<span style=\"font-size: 10pt;\"><strong><span style=\"color: #000000;\"><span style=\"color: #000000;\">\u25fc\ufe0f\u200b<\/span>Calendario carreras Barcelona<br \/>\n<\/span><\/strong><span style=\"color: #000000;\"><strong>\u25fc\ufe0f\u200b<\/strong><\/span><a href=\"https:\/\/blogmaldito.com\/ca\/21k-media-maraton\/\"><strong><span style=\"color: #000000;\">Calendario Medio Marat\u00f3n 21k Catalunya<\/span><\/strong><\/a><\/span><br \/>\n<span style=\"font-size: 10pt;\"><span style=\"color: #000000;\"><strong>\u25fc\ufe0f\u200b<\/strong><\/span><a href=\"https:\/\/wp.me\/pNuBu-qEk\" target=\"_blank\" rel=\"noopener\"><strong><span style=\"color: #000000;\">Calendario Medio Marat\u00f3n 21k Espa\u00f1a<\/span><\/strong><\/a><\/span><\/p><\/blockquote>\n<p><img data-recalc-dims=\"1\" loading=\"lazy\" decoding=\"async\" data-attachment-id=\"10534\" data-permalink=\"https:\/\/blogmaldito.com\/ca\/2015\/03\/16\/mini-historias-de-la-marato-de-barcelona-2015\/tira-separadora-blogmaldito\/\" data-orig-file=\"https:\/\/i0.wp.com\/blogmaldito.com\/wp-content\/uploads\/2015\/03\/tira-separadora-blogmaldito.jpg?fit=500%2C5&amp;ssl=1\" data-orig-size=\"500,5\" data-comments-opened=\"1\" data-image-meta=\"{&quot;aperture&quot;:&quot;0&quot;,&quot;credit&quot;:&quot;&quot;,&quot;camera&quot;:&quot;&quot;,&quot;caption&quot;:&quot;&quot;,&quot;created_timestamp&quot;:&quot;0&quot;,&quot;copyright&quot;:&quot;&quot;,&quot;focal_length&quot;:&quot;0&quot;,&quot;iso&quot;:&quot;0&quot;,&quot;shutter_speed&quot;:&quot;0&quot;,&quot;title&quot;:&quot;&quot;,&quot;orientation&quot;:&quot;1&quot;}\" data-image-title=\"TIRA SEPARADORA BLOGMALDITO\" data-image-description=\"\" data-image-caption=\"\" data-large-file=\"https:\/\/i0.wp.com\/blogmaldito.com\/wp-content\/uploads\/2015\/03\/tira-separadora-blogmaldito.jpg?fit=500%2C5&amp;ssl=1\" class=\"aligncenter size-full wp-image-10534\" src=\"https:\/\/i0.wp.com\/blogmaldito.com\/wp-content\/uploads\/2015\/03\/tira-separadora-blogmaldito.jpg?resize=500%2C5&#038;ssl=1\" alt=\"\" width=\"500\" height=\"5\" title=\"\"><\/p>\n<h2><span style=\"color: #000000;\"><strong><span style=\"color: #ff6600;\">Fotos<\/span><\/strong><\/span><span style=\"color: #000000;\"><strong>\u00a0Cursa Festa Major Santa Coloma<\/strong><\/span><\/h2>\n<ul>\n<li><span style=\"color: #000000; font-size: 16px;\"><strong><span style=\"color: #ff6600;\">FOTOS <\/span>BLOGMALDITO<\/strong><\/span>\n<ul>\n<li><a href=\"https:\/\/photos.app.goo.gl\/pWVx9w1s8guAQecr6\" target=\"_blank\" rel=\"noopener\"><span style=\"color: #000000; font-size: 16px;\">\u00c1lbum 1: km 1 (parc Fluvial)<\/span><\/a><\/li>\n<li><a href=\"https:\/\/photos.app.goo.gl\/LNa1ai3Qy94SodxQ9\" target=\"_blank\" rel=\"noopener\"><span style=\"color: #000000; font-size: 16px;\">\u00c1lbum 2: km 1 (parc Fluvial)<\/span><\/a><\/li>\n<li><a href=\"https:\/\/photos.app.goo.gl\/pn8BhMLbkUSTv2YD6\" target=\"_blank\" rel=\"noopener\"><span style=\"color: #000000; font-size: 16px;\">\u00c1lbum 3: km 3-4<\/span><\/a><\/li>\n<li><a href=\"https:\/\/photos.app.goo.gl\/cLrhpyDAmbouPnrg9\" target=\"_blank\" rel=\"noopener\"><span style=\"color: #000000; font-size: 16px;\">\u00c1lbum 4: km 3<\/span><\/a><\/li>\n<li><a href=\"https:\/\/photos.app.goo.gl\/SNLj1zxyLLNoSa4w7\" target=\"_blank\" rel=\"noopener\"><span style=\"color: #000000; font-size: 16px;\">\u00c1lbum 5: km 3<\/span><\/a><\/li>\n<li><a href=\"https:\/\/photos.app.goo.gl\/FBAY17RhCVpX7j4y7\" target=\"_blank\" rel=\"noopener\"><span style=\"color: #000000; font-size: 16px;\">\u00c1lbum 6: km 3<\/span><\/a><\/li>\n<\/ul>\n<\/li>\n<\/ul>\n<ul>\n<li><span style=\"color: #000000; font-size: 16px;\"><a style=\"color: #000000;\" href=\"https:\/\/www.patreon.com\/PakoBeer\/posts\" target=\"_blank\" rel=\"noopener\"><strong>*<span style=\"color: #ff6600;\">FOTOS<\/span> Y <span style=\"color: #ff6600;\">V\u00cdDEOS<\/span><\/strong><\/a><a style=\"color: #000000;\" href=\"https:\/\/www.patreon.com\/PakoBeer\/posts\" target=\"_blank\" rel=\"noopener\"><strong> PAKO BEER*<\/strong><\/a><\/span>\n<ul>\n<li><span style=\"color: #000000; font-size: 16px;\"><a href=\"https:\/\/www.patreon.com\/PakoBeer\" target=\"_blank\" rel=\"noopener\">\u00c1lbum de fotos: previa, salida y km 5<\/a><\/span><\/li>\n<li><span style=\"font-size: 16px;\"><a href=\"https:\/\/www.patreon.com\/PakoBeer\" target=\"_blank\" rel=\"noopener\">V\u00eddeo tr\u00edpode, y recorrido<\/a><\/span><\/li>\n<li><span style=\"font-size: 16px;\">*<em>V\u00eda Patreon durante la 1\u00b0 semana aprox<\/em>.<\/span><\/li>\n<\/ul>\n<\/li>\n<\/ul>\n<ul>\n<li><span style=\"font-size: 16px;\"><a href=\"https:\/\/www.instagram.com\/carlos.sanchez.sanchez\/\" target=\"_blank\" rel=\"noopener\"><span style=\"color: #000000;\"><strong><span style=\"color: #ff6600;\">FOTOS<\/span> \u00a0<\/strong><strong>CARLOS S\u00c1NCHEZ<\/strong><\/span><\/a><\/span>\n<ul>\n<li><a href=\"https:\/\/lm.facebook.com\/l.php?u=https%3A%2F%2Fphotos.app.goo.gl%2F5KC9WyBvoY4egeif8%3Ffbclid%3DIwdGRjcAUI3J1wZG9mBWV4dG4DYWVtAjExAHNydGMGYXBwX2lkDDM1MDY4NTUzMTcyOAABHi0WLPE1bGjkw78ncG4nmg38HU4ZGx9XQm6MrSGqQgZlVcahgQOoNFYcVz_9_aem_M11ILrX012hH88hjWYdtNw&amp;h=AUC1lcFWEWfvuEBPh9t2su_Jo7OnpIeAp1NRwsEz3-D4IDBVocX3obNGATNNqLRvAW-ubcl_-gInde5hb_NeF3o3V2nVn4tIXK7qclOnoGuP7g4t1cXBDtcPx3UrB9g36DxCyFnH_R8oDA\" target=\"_blank\" rel=\"noopener\"><span style=\"font-size: 16px;\"><span style=\"color: #000000;\">\u00c1lbum de fotos<\/span><\/span><\/a><\/li>\n<\/ul>\n<\/li>\n<\/ul>\n<p><a href=\"http:\/\/blogmaldito.com\/ca\/2020\/09\/02\/asi-estan-las-carreras-populares-de-barcelona-con-el-covid-2\/attachment\/53604\/\" rel=\"attachment wp-att-53604\"><img data-recalc-dims=\"1\" loading=\"lazy\" decoding=\"async\" data-attachment-id=\"53604\" data-permalink=\"https:\/\/blogmaldito.com\/ca\/?attachment_id=53604\" data-orig-file=\"https:\/\/i0.wp.com\/blogmaldito.com\/wp-content\/uploads\/2020\/09\/separador-3-4.jpg?fit=300%2C3&amp;ssl=1\" data-orig-size=\"300,3\" data-comments-opened=\"1\" data-image-meta=\"{&quot;aperture&quot;:&quot;0&quot;,&quot;credit&quot;:&quot;&quot;,&quot;camera&quot;:&quot;&quot;,&quot;caption&quot;:&quot;&quot;,&quot;created_timestamp&quot;:&quot;0&quot;,&quot;copyright&quot;:&quot;&quot;,&quot;focal_length&quot;:&quot;0&quot;,&quot;iso&quot;:&quot;0&quot;,&quot;shutter_speed&quot;:&quot;0&quot;,&quot;title&quot;:&quot;&quot;,&quot;orientation&quot;:&quot;1&quot;}\" data-image-title=\"\" data-image-description=\"\" data-image-caption=\"\" data-large-file=\"https:\/\/i0.wp.com\/blogmaldito.com\/wp-content\/uploads\/2020\/09\/separador-3-4.jpg?fit=300%2C3&amp;ssl=1\" class=\"aligncenter wp-image-53604\" src=\"https:\/\/i0.wp.com\/blogmaldito.com\/wp-content\/uploads\/2020\/09\/separador-3-4.jpg?resize=500%2C5&#038;ssl=1\" alt=\"\" width=\"500\" height=\"5\" title=\"\"><\/a><\/p>\n<h3><span style=\"color: #000000;\"><strong><span style=\"color: #ff6600;\">Fotos<\/span><\/strong><\/span><span style=\"color: #000000;\"><strong>\u00a0Cursa Festa Major Santa Coloma<\/strong><\/span><\/h3>\n<h4><span style=\"color: #000000;\">Fotos <span style=\"color: #ff6600;\">Blogmaldito<\/span><\/span><\/h4>\n<p><a href=\"https:\/\/photos.app.goo.gl\/pWVx9w1s8guAQecr6\" rel=\"attachment wp-att-108748 noopener\" target=\"_blank\"><img data-recalc-dims=\"1\" loading=\"lazy\" decoding=\"async\" data-attachment-id=\"108748\" data-permalink=\"https:\/\/blogmaldito.com\/ca\/2026\/09\/05\/fotos-cursa-festa-major-santa-coloma-3\/cursa-festa-major-santa-coloma-2026-334\/\" data-orig-file=\"https:\/\/i0.wp.com\/blogmaldito.com\/wp-content\/uploads\/2026\/09\/Cursa-Festa-Major-Santa-Coloma-2026-334.jpg?fit=1379%2C919&amp;ssl=1\" data-orig-size=\"1379,919\" data-comments-opened=\"1\" data-image-meta=\"{&quot;aperture&quot;:&quot;0&quot;,&quot;credit&quot;:&quot;&quot;,&quot;camera&quot;:&quot;&quot;,&quot;caption&quot;:&quot;&quot;,&quot;created_timestamp&quot;:&quot;0&quot;,&quot;copyright&quot;:&quot;&quot;,&quot;focal_length&quot;:&quot;0&quot;,&quot;iso&quot;:&quot;0&quot;,&quot;shutter_speed&quot;:&quot;0&quot;,&quot;title&quot;:&quot;&quot;,&quot;orientation&quot;:&quot;0&quot;,&quot;alt&quot;:&quot;&quot;}\" data-image-title=\"Cursa Festa Major Santa Coloma 2026 (334)\" data-image-description=\"\" data-image-caption=\"\" data-large-file=\"https:\/\/i0.wp.com\/blogmaldito.com\/wp-content\/uploads\/2026\/09\/Cursa-Festa-Major-Santa-Coloma-2026-334.jpg?fit=676%2C450&amp;ssl=1\" class=\"aligncenter size-full wp-image-108748\" src=\"https:\/\/i0.wp.com\/blogmaldito.com\/wp-content\/uploads\/2026\/09\/Cursa-Festa-Major-Santa-Coloma-2026-334.jpg?resize=676%2C451&#038;ssl=1\" alt=\"fotos-cursa-festa-major-santa-coloma\" width=\"676\" height=\"451\" title=\"\" srcset=\"https:\/\/i0.wp.com\/blogmaldito.com\/wp-content\/uploads\/2026\/09\/Cursa-Festa-Major-Santa-Coloma-2026-334.jpg?w=1379&amp;ssl=1 1379w, https:\/\/i0.wp.com\/blogmaldito.com\/wp-content\/uploads\/2026\/09\/Cursa-Festa-Major-Santa-Coloma-2026-334.jpg?resize=300%2C200&amp;ssl=1 300w, https:\/\/i0.wp.com\/blogmaldito.com\/wp-content\/uploads\/2026\/09\/Cursa-Festa-Major-Santa-Coloma-2026-334.jpg?resize=1024%2C682&amp;ssl=1 1024w, https:\/\/i0.wp.com\/blogmaldito.com\/wp-content\/uploads\/2026\/09\/Cursa-Festa-Major-Santa-Coloma-2026-334.jpg?resize=150%2C100&amp;ssl=1 150w, https:\/\/i0.wp.com\/blogmaldito.com\/wp-content\/uploads\/2026\/09\/Cursa-Festa-Major-Santa-Coloma-2026-334.jpg?resize=768%2C512&amp;ssl=1 768w, https:\/\/i0.wp.com\/blogmaldito.com\/wp-content\/uploads\/2026\/09\/Cursa-Festa-Major-Santa-Coloma-2026-334.jpg?resize=18%2C12&amp;ssl=1 18w, https:\/\/i0.wp.com\/blogmaldito.com\/wp-content\/uploads\/2026\/09\/Cursa-Festa-Major-Santa-Coloma-2026-334.jpg?resize=676%2C451&amp;ssl=1 676w\" sizes=\"auto, (max-width: 676px) 100vw, 676px\" \/><\/a><\/p>\n<p style=\"text-align: center;\"><strong><a href=\"https:\/\/photos.app.goo.gl\/pWVx9w1s8guAQecr6\" target=\"_blank\" rel=\"noopener\"><span style=\"color: #000000; font-size: 16px;\">\u00c1lbum 1: km 1 (parc Fluvial)<\/span><\/a><\/strong><\/p>\n<p><a href=\"https:\/\/photos.app.goo.gl\/LNa1ai3Qy94SodxQ9\" rel=\"attachment wp-att-108749 noopener\" target=\"_blank\"><img data-recalc-dims=\"1\" loading=\"lazy\" decoding=\"async\" data-attachment-id=\"108749\" data-permalink=\"https:\/\/blogmaldito.com\/ca\/2026\/09\/05\/fotos-cursa-festa-major-santa-coloma-3\/cursa-festa-major-santa-coloma-2026-915\/\" data-orig-file=\"https:\/\/i0.wp.com\/blogmaldito.com\/wp-content\/uploads\/2026\/09\/Cursa-Festa-Major-Santa-Coloma-2026-915.jpg?fit=1379%2C919&amp;ssl=1\" data-orig-size=\"1379,919\" data-comments-opened=\"1\" data-image-meta=\"{&quot;aperture&quot;:&quot;0&quot;,&quot;credit&quot;:&quot;&quot;,&quot;camera&quot;:&quot;&quot;,&quot;caption&quot;:&quot;&quot;,&quot;created_timestamp&quot;:&quot;0&quot;,&quot;copyright&quot;:&quot;&quot;,&quot;focal_length&quot;:&quot;0&quot;,&quot;iso&quot;:&quot;0&quot;,&quot;shutter_speed&quot;:&quot;0&quot;,&quot;title&quot;:&quot;&quot;,&quot;orientation&quot;:&quot;0&quot;,&quot;alt&quot;:&quot;&quot;}\" data-image-title=\"Cursa Festa Major Santa Coloma 2026 (915)\" data-image-description=\"\" data-image-caption=\"\" data-large-file=\"https:\/\/i0.wp.com\/blogmaldito.com\/wp-content\/uploads\/2026\/09\/Cursa-Festa-Major-Santa-Coloma-2026-915.jpg?fit=676%2C450&amp;ssl=1\" class=\"aligncenter size-full wp-image-108749\" src=\"https:\/\/i0.wp.com\/blogmaldito.com\/wp-content\/uploads\/2026\/09\/Cursa-Festa-Major-Santa-Coloma-2026-915.jpg?resize=676%2C451&#038;ssl=1\" alt=\"fotos-cursa-festa-major-santa-coloma-2026\" width=\"676\" height=\"451\" title=\"\" srcset=\"https:\/\/i0.wp.com\/blogmaldito.com\/wp-content\/uploads\/2026\/09\/Cursa-Festa-Major-Santa-Coloma-2026-915.jpg?w=1379&amp;ssl=1 1379w, https:\/\/i0.wp.com\/blogmaldito.com\/wp-content\/uploads\/2026\/09\/Cursa-Festa-Major-Santa-Coloma-2026-915.jpg?resize=300%2C200&amp;ssl=1 300w, https:\/\/i0.wp.com\/blogmaldito.com\/wp-content\/uploads\/2026\/09\/Cursa-Festa-Major-Santa-Coloma-2026-915.jpg?resize=1024%2C682&amp;ssl=1 1024w, https:\/\/i0.wp.com\/blogmaldito.com\/wp-content\/uploads\/2026\/09\/Cursa-Festa-Major-Santa-Coloma-2026-915.jpg?resize=150%2C100&amp;ssl=1 150w, https:\/\/i0.wp.com\/blogmaldito.com\/wp-content\/uploads\/2026\/09\/Cursa-Festa-Major-Santa-Coloma-2026-915.jpg?resize=768%2C512&amp;ssl=1 768w, https:\/\/i0.wp.com\/blogmaldito.com\/wp-content\/uploads\/2026\/09\/Cursa-Festa-Major-Santa-Coloma-2026-915.jpg?resize=18%2C12&amp;ssl=1 18w, https:\/\/i0.wp.com\/blogmaldito.com\/wp-content\/uploads\/2026\/09\/Cursa-Festa-Major-Santa-Coloma-2026-915.jpg?resize=676%2C451&amp;ssl=1 676w\" sizes=\"auto, (max-width: 676px) 100vw, 676px\" \/><\/a><\/p>\n<p style=\"text-align: center;\"><strong><a href=\"https:\/\/photos.app.goo.gl\/LNa1ai3Qy94SodxQ9\" target=\"_blank\" rel=\"noopener\"><span style=\"color: #000000; font-size: 16px;\">\u00c1lbum 2: km 1 (parc Fluvial)<\/span><\/a><\/strong><\/p>\n<p><a href=\"https:\/\/photos.app.goo.gl\/pn8BhMLbkUSTv2YD6\" rel=\"attachment wp-att-108751 noopener\" target=\"_blank\"><img data-recalc-dims=\"1\" loading=\"lazy\" decoding=\"async\" data-attachment-id=\"108751\" data-permalink=\"https:\/\/blogmaldito.com\/ca\/2026\/09\/05\/fotos-cursa-festa-major-santa-coloma-3\/cursa-festa-major-santa-coloma-2026-1543\/\" data-orig-file=\"https:\/\/i0.wp.com\/blogmaldito.com\/wp-content\/uploads\/2026\/09\/Cursa-Festa-Major-Santa-Coloma-2026-1543.jpg?fit=1379%2C919&amp;ssl=1\" data-orig-size=\"1379,919\" data-comments-opened=\"1\" data-image-meta=\"{&quot;aperture&quot;:&quot;0&quot;,&quot;credit&quot;:&quot;&quot;,&quot;camera&quot;:&quot;&quot;,&quot;caption&quot;:&quot;&quot;,&quot;created_timestamp&quot;:&quot;0&quot;,&quot;copyright&quot;:&quot;&quot;,&quot;focal_length&quot;:&quot;0&quot;,&quot;iso&quot;:&quot;0&quot;,&quot;shutter_speed&quot;:&quot;0&quot;,&quot;title&quot;:&quot;&quot;,&quot;orientation&quot;:&quot;0&quot;,&quot;alt&quot;:&quot;&quot;}\" data-image-title=\"Cursa Festa Major Santa Coloma 2026 (1543)\" data-image-description=\"\" data-image-caption=\"\" data-large-file=\"https:\/\/i0.wp.com\/blogmaldito.com\/wp-content\/uploads\/2026\/09\/Cursa-Festa-Major-Santa-Coloma-2026-1543.jpg?fit=676%2C450&amp;ssl=1\" class=\"aligncenter size-full wp-image-108751\" src=\"https:\/\/i0.wp.com\/blogmaldito.com\/wp-content\/uploads\/2026\/09\/Cursa-Festa-Major-Santa-Coloma-2026-1543.jpg?resize=676%2C451&#038;ssl=1\" alt=\"\" width=\"676\" height=\"451\" title=\"\" srcset=\"https:\/\/i0.wp.com\/blogmaldito.com\/wp-content\/uploads\/2026\/09\/Cursa-Festa-Major-Santa-Coloma-2026-1543.jpg?w=1379&amp;ssl=1 1379w, https:\/\/i0.wp.com\/blogmaldito.com\/wp-content\/uploads\/2026\/09\/Cursa-Festa-Major-Santa-Coloma-2026-1543.jpg?resize=300%2C200&amp;ssl=1 300w, https:\/\/i0.wp.com\/blogmaldito.com\/wp-content\/uploads\/2026\/09\/Cursa-Festa-Major-Santa-Coloma-2026-1543.jpg?resize=1024%2C682&amp;ssl=1 1024w, https:\/\/i0.wp.com\/blogmaldito.com\/wp-content\/uploads\/2026\/09\/Cursa-Festa-Major-Santa-Coloma-2026-1543.jpg?resize=150%2C100&amp;ssl=1 150w, https:\/\/i0.wp.com\/blogmaldito.com\/wp-content\/uploads\/2026\/09\/Cursa-Festa-Major-Santa-Coloma-2026-1543.jpg?resize=768%2C512&amp;ssl=1 768w, https:\/\/i0.wp.com\/blogmaldito.com\/wp-content\/uploads\/2026\/09\/Cursa-Festa-Major-Santa-Coloma-2026-1543.jpg?resize=18%2C12&amp;ssl=1 18w, https:\/\/i0.wp.com\/blogmaldito.com\/wp-content\/uploads\/2026\/09\/Cursa-Festa-Major-Santa-Coloma-2026-1543.jpg?resize=676%2C451&amp;ssl=1 676w\" sizes=\"auto, (max-width: 676px) 100vw, 676px\" \/><\/a><\/p>\n<p style=\"text-align: center;\"><strong><a href=\"https:\/\/photos.app.goo.gl\/pn8BhMLbkUSTv2YD6\" target=\"_blank\" rel=\"noopener\"><span style=\"color: #000000; font-size: 16px;\">\u00c1lbum 3: km 3-4<\/span><\/a><\/strong><\/p>\n<p><a href=\"https:\/\/photos.app.goo.gl\/cLrhpyDAmbouPnrg9\" rel=\"attachment wp-att-108753 noopener\" target=\"_blank\"><img data-recalc-dims=\"1\" loading=\"lazy\" decoding=\"async\" data-attachment-id=\"108753\" data-permalink=\"https:\/\/blogmaldito.com\/ca\/2026\/09\/05\/fotos-cursa-festa-major-santa-coloma-3\/cursa-festa-major-santa-coloma-2026-2012\/\" data-orig-file=\"https:\/\/i0.wp.com\/blogmaldito.com\/wp-content\/uploads\/2026\/09\/Cursa-Festa-Major-Santa-Coloma-2026-2012.jpg?fit=1379%2C919&amp;ssl=1\" data-orig-size=\"1379,919\" data-comments-opened=\"1\" data-image-meta=\"{&quot;aperture&quot;:&quot;0&quot;,&quot;credit&quot;:&quot;&quot;,&quot;camera&quot;:&quot;&quot;,&quot;caption&quot;:&quot;&quot;,&quot;created_timestamp&quot;:&quot;0&quot;,&quot;copyright&quot;:&quot;&quot;,&quot;focal_length&quot;:&quot;0&quot;,&quot;iso&quot;:&quot;0&quot;,&quot;shutter_speed&quot;:&quot;0&quot;,&quot;title&quot;:&quot;&quot;,&quot;orientation&quot;:&quot;0&quot;,&quot;alt&quot;:&quot;&quot;}\" data-image-title=\"Cursa Festa Major Santa Coloma 2026 (2012)\" data-image-description=\"\" data-image-caption=\"\" data-large-file=\"https:\/\/i0.wp.com\/blogmaldito.com\/wp-content\/uploads\/2026\/09\/Cursa-Festa-Major-Santa-Coloma-2026-2012.jpg?fit=676%2C450&amp;ssl=1\" class=\"aligncenter size-full wp-image-108753\" src=\"https:\/\/i0.wp.com\/blogmaldito.com\/wp-content\/uploads\/2026\/09\/Cursa-Festa-Major-Santa-Coloma-2026-2012.jpg?resize=676%2C451&#038;ssl=1\" alt=\"\" width=\"676\" height=\"451\" title=\"\" srcset=\"https:\/\/i0.wp.com\/blogmaldito.com\/wp-content\/uploads\/2026\/09\/Cursa-Festa-Major-Santa-Coloma-2026-2012.jpg?w=1379&amp;ssl=1 1379w, https:\/\/i0.wp.com\/blogmaldito.com\/wp-content\/uploads\/2026\/09\/Cursa-Festa-Major-Santa-Coloma-2026-2012.jpg?resize=300%2C200&amp;ssl=1 300w, https:\/\/i0.wp.com\/blogmaldito.com\/wp-content\/uploads\/2026\/09\/Cursa-Festa-Major-Santa-Coloma-2026-2012.jpg?resize=1024%2C682&amp;ssl=1 1024w, https:\/\/i0.wp.com\/blogmaldito.com\/wp-content\/uploads\/2026\/09\/Cursa-Festa-Major-Santa-Coloma-2026-2012.jpg?resize=150%2C100&amp;ssl=1 150w, https:\/\/i0.wp.com\/blogmaldito.com\/wp-content\/uploads\/2026\/09\/Cursa-Festa-Major-Santa-Coloma-2026-2012.jpg?resize=768%2C512&amp;ssl=1 768w, https:\/\/i0.wp.com\/blogmaldito.com\/wp-content\/uploads\/2026\/09\/Cursa-Festa-Major-Santa-Coloma-2026-2012.jpg?resize=18%2C12&amp;ssl=1 18w, https:\/\/i0.wp.com\/blogmaldito.com\/wp-content\/uploads\/2026\/09\/Cursa-Festa-Major-Santa-Coloma-2026-2012.jpg?resize=676%2C451&amp;ssl=1 676w\" sizes=\"auto, (max-width: 676px) 100vw, 676px\" \/><\/a><\/p>\n<p style=\"text-align: center;\"><strong><a href=\"https:\/\/photos.app.goo.gl\/cLrhpyDAmbouPnrg9\" target=\"_blank\" rel=\"noopener\"><span style=\"color: #000000; font-size: 16px;\">\u00c1lbum 4: km 3<\/span><\/a><\/strong><\/p>\n<p><a href=\"https:\/\/photos.app.goo.gl\/SNLj1zxyLLNoSa4w7\" rel=\"attachment wp-att-108755 noopener\" target=\"_blank\"><img data-recalc-dims=\"1\" loading=\"lazy\" decoding=\"async\" data-attachment-id=\"108755\" data-permalink=\"https:\/\/blogmaldito.com\/ca\/2026\/09\/05\/fotos-cursa-festa-major-santa-coloma-3\/cursa-festa-major-santa-coloma-2026-3667\/\" data-orig-file=\"https:\/\/i0.wp.com\/blogmaldito.com\/wp-content\/uploads\/2026\/09\/Cursa-Festa-Major-Santa-Coloma-2026-3667.jpg?fit=1379%2C919&amp;ssl=1\" data-orig-size=\"1379,919\" data-comments-opened=\"1\" data-image-meta=\"{&quot;aperture&quot;:&quot;0&quot;,&quot;credit&quot;:&quot;&quot;,&quot;camera&quot;:&quot;&quot;,&quot;caption&quot;:&quot;&quot;,&quot;created_timestamp&quot;:&quot;0&quot;,&quot;copyright&quot;:&quot;&quot;,&quot;focal_length&quot;:&quot;0&quot;,&quot;iso&quot;:&quot;0&quot;,&quot;shutter_speed&quot;:&quot;0&quot;,&quot;title&quot;:&quot;&quot;,&quot;orientation&quot;:&quot;0&quot;,&quot;alt&quot;:&quot;&quot;}\" data-image-title=\"Cursa Festa Major Santa Coloma 2026 (3667)\" data-image-description=\"\" data-image-caption=\"\" data-large-file=\"https:\/\/i0.wp.com\/blogmaldito.com\/wp-content\/uploads\/2026\/09\/Cursa-Festa-Major-Santa-Coloma-2026-3667.jpg?fit=676%2C450&amp;ssl=1\" class=\"aligncenter size-full wp-image-108755\" src=\"https:\/\/i0.wp.com\/blogmaldito.com\/wp-content\/uploads\/2026\/09\/Cursa-Festa-Major-Santa-Coloma-2026-3667.jpg?resize=676%2C451&#038;ssl=1\" alt=\"\" width=\"676\" height=\"451\" title=\"\" srcset=\"https:\/\/i0.wp.com\/blogmaldito.com\/wp-content\/uploads\/2026\/09\/Cursa-Festa-Major-Santa-Coloma-2026-3667.jpg?w=1379&amp;ssl=1 1379w, https:\/\/i0.wp.com\/blogmaldito.com\/wp-content\/uploads\/2026\/09\/Cursa-Festa-Major-Santa-Coloma-2026-3667.jpg?resize=300%2C200&amp;ssl=1 300w, https:\/\/i0.wp.com\/blogmaldito.com\/wp-content\/uploads\/2026\/09\/Cursa-Festa-Major-Santa-Coloma-2026-3667.jpg?resize=1024%2C682&amp;ssl=1 1024w, https:\/\/i0.wp.com\/blogmaldito.com\/wp-content\/uploads\/2026\/09\/Cursa-Festa-Major-Santa-Coloma-2026-3667.jpg?resize=150%2C100&amp;ssl=1 150w, https:\/\/i0.wp.com\/blogmaldito.com\/wp-content\/uploads\/2026\/09\/Cursa-Festa-Major-Santa-Coloma-2026-3667.jpg?resize=768%2C512&amp;ssl=1 768w, https:\/\/i0.wp.com\/blogmaldito.com\/wp-content\/uploads\/2026\/09\/Cursa-Festa-Major-Santa-Coloma-2026-3667.jpg?resize=18%2C12&amp;ssl=1 18w, https:\/\/i0.wp.com\/blogmaldito.com\/wp-content\/uploads\/2026\/09\/Cursa-Festa-Major-Santa-Coloma-2026-3667.jpg?resize=676%2C451&amp;ssl=1 676w\" sizes=\"auto, (max-width: 676px) 100vw, 676px\" \/><\/a><\/p>\n<p style=\"text-align: center;\"><strong><a href=\"https:\/\/photos.app.goo.gl\/SNLj1zxyLLNoSa4w7\" target=\"_blank\" rel=\"noopener\"><span style=\"color: #000000; font-size: 16px;\">\u00c1lbum 5: km 3<\/span><\/a><\/strong><\/p>\n<p><a href=\"https:\/\/photos.app.goo.gl\/FBAY17RhCVpX7j4y7\" rel=\"attachment wp-att-108758 noopener\" target=\"_blank\"><img data-recalc-dims=\"1\" loading=\"lazy\" decoding=\"async\" data-attachment-id=\"108758\" data-permalink=\"https:\/\/blogmaldito.com\/ca\/2026\/09\/05\/fotos-cursa-festa-major-santa-coloma-3\/cursa-festa-major-santa-coloma-2026-4193\/\" data-orig-file=\"https:\/\/i0.wp.com\/blogmaldito.com\/wp-content\/uploads\/2026\/09\/Cursa-Festa-Major-Santa-Coloma-2026-4193.jpg?fit=2592%2C1728&amp;ssl=1\" data-orig-size=\"2592,1728\" data-comments-opened=\"1\" data-image-meta=\"{&quot;aperture&quot;:&quot;4&quot;,&quot;credit&quot;:&quot;&quot;,&quot;camera&quot;:&quot;Canon EOS 700D&quot;,&quot;caption&quot;:&quot;&quot;,&quot;created_timestamp&quot;:&quot;1788600810&quot;,&quot;copyright&quot;:&quot;&quot;,&quot;focal_length&quot;:&quot;29&quot;,&quot;iso&quot;:&quot;800&quot;,&quot;shutter_speed&quot;:&quot;0.0025&quot;,&quot;title&quot;:&quot;&quot;,&quot;orientation&quot;:&quot;1&quot;,&quot;alt&quot;:&quot;&quot;}\" data-image-title=\"Cursa Festa Major Santa Coloma 2026 (4193)\" data-image-description=\"\" data-image-caption=\"\" data-large-file=\"https:\/\/i0.wp.com\/blogmaldito.com\/wp-content\/uploads\/2026\/09\/Cursa-Festa-Major-Santa-Coloma-2026-4193.jpg?fit=676%2C451&amp;ssl=1\" class=\"aligncenter size-full wp-image-108758\" src=\"https:\/\/i0.wp.com\/blogmaldito.com\/wp-content\/uploads\/2026\/09\/Cursa-Festa-Major-Santa-Coloma-2026-4193.jpg?resize=676%2C451&#038;ssl=1\" alt=\"\" width=\"676\" height=\"451\" title=\"\" srcset=\"https:\/\/i0.wp.com\/blogmaldito.com\/wp-content\/uploads\/2026\/09\/Cursa-Festa-Major-Santa-Coloma-2026-4193.jpg?w=2592&amp;ssl=1 2592w, https:\/\/i0.wp.com\/blogmaldito.com\/wp-content\/uploads\/2026\/09\/Cursa-Festa-Major-Santa-Coloma-2026-4193.jpg?resize=300%2C200&amp;ssl=1 300w, https:\/\/i0.wp.com\/blogmaldito.com\/wp-content\/uploads\/2026\/09\/Cursa-Festa-Major-Santa-Coloma-2026-4193.jpg?resize=1024%2C683&amp;ssl=1 1024w, https:\/\/i0.wp.com\/blogmaldito.com\/wp-content\/uploads\/2026\/09\/Cursa-Festa-Major-Santa-Coloma-2026-4193.jpg?resize=150%2C100&amp;ssl=1 150w, https:\/\/i0.wp.com\/blogmaldito.com\/wp-content\/uploads\/2026\/09\/Cursa-Festa-Major-Santa-Coloma-2026-4193.jpg?resize=768%2C512&amp;ssl=1 768w, https:\/\/i0.wp.com\/blogmaldito.com\/wp-content\/uploads\/2026\/09\/Cursa-Festa-Major-Santa-Coloma-2026-4193.jpg?resize=1536%2C1024&amp;ssl=1 1536w, https:\/\/i0.wp.com\/blogmaldito.com\/wp-content\/uploads\/2026\/09\/Cursa-Festa-Major-Santa-Coloma-2026-4193.jpg?resize=2048%2C1365&amp;ssl=1 2048w, https:\/\/i0.wp.com\/blogmaldito.com\/wp-content\/uploads\/2026\/09\/Cursa-Festa-Major-Santa-Coloma-2026-4193.jpg?resize=18%2C12&amp;ssl=1 18w, https:\/\/i0.wp.com\/blogmaldito.com\/wp-content\/uploads\/2026\/09\/Cursa-Festa-Major-Santa-Coloma-2026-4193.jpg?resize=676%2C451&amp;ssl=1 676w, https:\/\/i0.wp.com\/blogmaldito.com\/wp-content\/uploads\/2026\/09\/Cursa-Festa-Major-Santa-Coloma-2026-4193.jpg?w=1352&amp;ssl=1 1352w\" sizes=\"auto, (max-width: 676px) 100vw, 676px\" \/><\/a><\/p>\n<p style=\"text-align: center;\"><strong><a href=\"https:\/\/photos.app.goo.gl\/FBAY17RhCVpX7j4y7\" target=\"_blank\" rel=\"noopener\"><span style=\"color: #000000; font-size: 16px;\">\u00c1lbum 6: km 3<\/span><\/a><\/strong><\/p>\n<hr \/>\n<h3><a href=\"https:\/\/www.patreon.com\/PakoBeer\/posts\" target=\"_blank\" rel=\"noopener\"><span style=\"color: #000000;\">FOTOS \u00a0<span style=\"color: #ff6600;\">PAKO BEER<\/span><\/span><\/a><\/h3>\n<p><a href=\"https:\/\/www.patreon.com\/PakoBeer\/posts\" rel=\"attachment wp-att-108769 noopener\" target=\"_blank\"><img data-recalc-dims=\"1\" loading=\"lazy\" decoding=\"async\" data-attachment-id=\"108769\" data-permalink=\"https:\/\/blogmaldito.com\/ca\/2026\/09\/05\/fotos-cursa-festa-major-santa-coloma-3\/cursa-festa-major-santa-coloma\/\" data-orig-file=\"https:\/\/i0.wp.com\/blogmaldito.com\/wp-content\/uploads\/2026\/09\/Cursa-Festa-Major-Santa-Coloma.jpg?fit=1080%2C607&amp;ssl=1\" data-orig-size=\"1080,607\" data-comments-opened=\"1\" data-image-meta=\"{&quot;aperture&quot;:&quot;0&quot;,&quot;credit&quot;:&quot;Pako Beer&quot;,&quot;camera&quot;:&quot;&quot;,&quot;caption&quot;:&quot;&quot;,&quot;created_timestamp&quot;:&quot;0&quot;,&quot;copyright&quot;:&quot;pakobeer@gmail.com&quot;,&quot;focal_length&quot;:&quot;0&quot;,&quot;iso&quot;:&quot;0&quot;,&quot;shutter_speed&quot;:&quot;0&quot;,&quot;title&quot;:&quot;&quot;,&quot;orientation&quot;:&quot;0&quot;,&quot;alt&quot;:&quot;&quot;}\" data-image-title=\"Cursa Festa Major Santa Coloma\" data-image-description=\"\" data-image-caption=\"\" data-large-file=\"https:\/\/i0.wp.com\/blogmaldito.com\/wp-content\/uploads\/2026\/09\/Cursa-Festa-Major-Santa-Coloma.jpg?fit=676%2C380&amp;ssl=1\" class=\"aligncenter size-full wp-image-108769\" src=\"https:\/\/i0.wp.com\/blogmaldito.com\/wp-content\/uploads\/2026\/09\/Cursa-Festa-Major-Santa-Coloma.jpg?resize=676%2C380&#038;ssl=1\" alt=\"\" width=\"676\" height=\"380\" title=\"\" srcset=\"https:\/\/i0.wp.com\/blogmaldito.com\/wp-content\/uploads\/2026\/09\/Cursa-Festa-Major-Santa-Coloma.jpg?w=1080&amp;ssl=1 1080w, https:\/\/i0.wp.com\/blogmaldito.com\/wp-content\/uploads\/2026\/09\/Cursa-Festa-Major-Santa-Coloma.jpg?resize=300%2C169&amp;ssl=1 300w, https:\/\/i0.wp.com\/blogmaldito.com\/wp-content\/uploads\/2026\/09\/Cursa-Festa-Major-Santa-Coloma.jpg?resize=1024%2C576&amp;ssl=1 1024w, https:\/\/i0.wp.com\/blogmaldito.com\/wp-content\/uploads\/2026\/09\/Cursa-Festa-Major-Santa-Coloma.jpg?resize=150%2C84&amp;ssl=1 150w, https:\/\/i0.wp.com\/blogmaldito.com\/wp-content\/uploads\/2026\/09\/Cursa-Festa-Major-Santa-Coloma.jpg?resize=768%2C432&amp;ssl=1 768w, https:\/\/i0.wp.com\/blogmaldito.com\/wp-content\/uploads\/2026\/09\/Cursa-Festa-Major-Santa-Coloma.jpg?resize=18%2C10&amp;ssl=1 18w, https:\/\/i0.wp.com\/blogmaldito.com\/wp-content\/uploads\/2026\/09\/Cursa-Festa-Major-Santa-Coloma.jpg?resize=676%2C380&amp;ssl=1 676w\" sizes=\"auto, (max-width: 676px) 100vw, 676px\" \/><\/a><\/p>\n<ul>\n<li><span style=\"color: #000000; font-size: 16px;\"><a style=\"color: #000000;\" href=\"https:\/\/www.patreon.com\/PakoBeer\/posts\" target=\"_blank\" rel=\"noopener\"><strong>*<span style=\"color: #ff6600;\">FOTOS<\/span> Y <span style=\"color: #ff6600;\">V\u00cdDEOS<\/span><\/strong><\/a><a style=\"color: #000000;\" href=\"https:\/\/www.patreon.com\/PakoBeer\/posts\" target=\"_blank\" rel=\"noopener\"><strong> PAKO BEER*<\/strong><\/a><\/span>\n<ul>\n<li><span style=\"color: #000000; font-size: 16px;\"><a href=\"https:\/\/www.patreon.com\/PakoBeer\" target=\"_blank\" rel=\"noopener\">\u00c1lbum de fotos: previa, salida y km 5<\/a><\/span><\/li>\n<li><span style=\"font-size: 16px;\"><a href=\"https:\/\/www.patreon.com\/PakoBeer\" target=\"_blank\" rel=\"noopener\">V\u00eddeo tr\u00edpode, y recorrido<\/a><\/span><\/li>\n<li><span style=\"font-size: 16px;\">*<em>V\u00eda Patreon durante la 1\u00b0 semana aprox<\/em>.<\/span><\/li>\n<\/ul>\n<\/li>\n<\/ul>\n<hr \/>\n<h3><a href=\"https:\/\/www.instagram.com\/carlos.sanchez.sanchez\/\" target=\"_blank\" rel=\"noopener\"><span style=\"color: #000000;\">FOTOS \u00a0<span style=\"color: #ff6600;\">CARLOS S\u00c1NCHEZ<\/span><\/span><\/a><\/h3>\n<p><a href=\"https:\/\/lm.facebook.com\/l.php?u=https%3A%2F%2Fphotos.app.goo.gl%2F5KC9WyBvoY4egeif8%3Ffbclid%3DIwdGRjcAUI3J1wZG9mBWV4dG4DYWVtAjExAHNydGMGYXBwX2lkDDM1MDY4NTUzMTcyOAABHi0WLPE1bGjkw78ncG4nmg38HU4ZGx9XQm6MrSGqQgZlVcahgQOoNFYcVz_9_aem_M11ILrX012hH88hjWYdtNw&amp;h=AUC1lcFWEWfvuEBPh9t2su_Jo7OnpIeAp1NRwsEz3-D4IDBVocX3obNGATNNqLRvAW-ubcl_-gInde5hb_NeF3o3V2nVn4tIXK7qclOnoGuP7g4t1cXBDtcPx3UrB9g36DxCyFnH_R8oDA\" rel=\"attachment wp-att-108768 noopener\" target=\"_blank\"><img data-recalc-dims=\"1\" loading=\"lazy\" decoding=\"async\" data-attachment-id=\"108768\" data-permalink=\"https:\/\/blogmaldito.com\/ca\/2026\/09\/05\/fotos-cursa-festa-major-santa-coloma-3\/0794-cursa-santa-coloma\/\" data-orig-file=\"https:\/\/i0.wp.com\/blogmaldito.com\/wp-content\/uploads\/2026\/09\/0794-Cursa-Santa-Coloma.jpg?fit=1375%2C919&amp;ssl=1\" data-orig-size=\"1375,919\" data-comments-opened=\"1\" data-image-meta=\"{&quot;aperture&quot;:&quot;0&quot;,&quot;credit&quot;:&quot;&quot;,&quot;camera&quot;:&quot;&quot;,&quot;caption&quot;:&quot;&quot;,&quot;created_timestamp&quot;:&quot;0&quot;,&quot;copyright&quot;:&quot;&quot;,&quot;focal_length&quot;:&quot;0&quot;,&quot;iso&quot;:&quot;0&quot;,&quot;shutter_speed&quot;:&quot;0&quot;,&quot;title&quot;:&quot;&quot;,&quot;orientation&quot;:&quot;0&quot;,&quot;alt&quot;:&quot;&quot;}\" data-image-title=\"0794 Cursa Santa Coloma\" data-image-description=\"\" data-image-caption=\"\" data-large-file=\"https:\/\/i0.wp.com\/blogmaldito.com\/wp-content\/uploads\/2026\/09\/0794-Cursa-Santa-Coloma.jpg?fit=676%2C452&amp;ssl=1\" class=\"aligncenter size-full wp-image-108768\" src=\"https:\/\/i0.wp.com\/blogmaldito.com\/wp-content\/uploads\/2026\/09\/0794-Cursa-Santa-Coloma.jpg?resize=676%2C452&#038;ssl=1\" alt=\"\" width=\"676\" height=\"452\" title=\"\" srcset=\"https:\/\/i0.wp.com\/blogmaldito.com\/wp-content\/uploads\/2026\/09\/0794-Cursa-Santa-Coloma.jpg?w=1375&amp;ssl=1 1375w, https:\/\/i0.wp.com\/blogmaldito.com\/wp-content\/uploads\/2026\/09\/0794-Cursa-Santa-Coloma.jpg?resize=300%2C201&amp;ssl=1 300w, https:\/\/i0.wp.com\/blogmaldito.com\/wp-content\/uploads\/2026\/09\/0794-Cursa-Santa-Coloma.jpg?resize=1024%2C684&amp;ssl=1 1024w, https:\/\/i0.wp.com\/blogmaldito.com\/wp-content\/uploads\/2026\/09\/0794-Cursa-Santa-Coloma.jpg?resize=150%2C100&amp;ssl=1 150w, https:\/\/i0.wp.com\/blogmaldito.com\/wp-content\/uploads\/2026\/09\/0794-Cursa-Santa-Coloma.jpg?resize=768%2C513&amp;ssl=1 768w, https:\/\/i0.wp.com\/blogmaldito.com\/wp-content\/uploads\/2026\/09\/0794-Cursa-Santa-Coloma.jpg?resize=18%2C12&amp;ssl=1 18w, https:\/\/i0.wp.com\/blogmaldito.com\/wp-content\/uploads\/2026\/09\/0794-Cursa-Santa-Coloma.jpg?resize=676%2C452&amp;ssl=1 676w\" sizes=\"auto, (max-width: 676px) 100vw, 676px\" \/><\/a><\/p>\n<ul>\n<li><span style=\"font-size: 16px;\"><a href=\"https:\/\/www.instagram.com\/carlos.sanchez.sanchez\/\" target=\"_blank\" rel=\"noopener\"><span style=\"color: #000000;\"><strong><span style=\"color: #ff6600;\">FOTOS<\/span> \u00a0<\/strong><strong>CARLOS S\u00c1NCHEZ<\/strong><\/span><\/a><\/span>\n<ul>\n<li><a href=\"https:\/\/lm.facebook.com\/l.php?u=https%3A%2F%2Fphotos.app.goo.gl%2F5KC9WyBvoY4egeif8%3Ffbclid%3DIwdGRjcAUI3J1wZG9mBWV4dG4DYWVtAjExAHNydGMGYXBwX2lkDDM1MDY4NTUzMTcyOAABHi0WLPE1bGjkw78ncG4nmg38HU4ZGx9XQm6MrSGqQgZlVcahgQOoNFYcVz_9_aem_M11ILrX012hH88hjWYdtNw&amp;h=AUC1lcFWEWfvuEBPh9t2su_Jo7OnpIeAp1NRwsEz3-D4IDBVocX3obNGATNNqLRvAW-ubcl_-gInde5hb_NeF3o3V2nVn4tIXK7qclOnoGuP7g4t1cXBDtcPx3UrB9g36DxCyFnH_R8oDA\" target=\"_blank\" rel=\"noopener\"><span style=\"font-size: 16px;\"><span style=\"color: #000000;\">\u00c1lbum de fotos<\/span><\/span><\/a><\/li>\n<\/ul>\n<\/li>\n<\/ul>\n<p><a href=\"https:\/\/blogmaldito.com\/ca\/2015\/03\/16\/mini-historias-de-la-marato-de-barcelona-2015\/tira-separadora-blogmaldito\/\" rel=\"attachment wp-att-10534\"><img data-recalc-dims=\"1\" loading=\"lazy\" decoding=\"async\" data-attachment-id=\"10534\" data-permalink=\"https:\/\/blogmaldito.com\/ca\/2015\/03\/16\/mini-historias-de-la-marato-de-barcelona-2015\/tira-separadora-blogmaldito\/\" data-orig-file=\"https:\/\/i0.wp.com\/blogmaldito.com\/wp-content\/uploads\/2015\/03\/tira-separadora-blogmaldito.jpg?fit=500%2C5&amp;ssl=1\" data-orig-size=\"500,5\" data-comments-opened=\"1\" data-image-meta=\"{&quot;aperture&quot;:&quot;0&quot;,&quot;credit&quot;:&quot;&quot;,&quot;camera&quot;:&quot;&quot;,&quot;caption&quot;:&quot;&quot;,&quot;created_timestamp&quot;:&quot;0&quot;,&quot;copyright&quot;:&quot;&quot;,&quot;focal_length&quot;:&quot;0&quot;,&quot;iso&quot;:&quot;0&quot;,&quot;shutter_speed&quot;:&quot;0&quot;,&quot;title&quot;:&quot;&quot;,&quot;orientation&quot;:&quot;1&quot;}\" data-image-title=\"TIRA SEPARADORA BLOGMALDITO\" data-image-description=\"\" data-image-caption=\"\" data-large-file=\"https:\/\/i0.wp.com\/blogmaldito.com\/wp-content\/uploads\/2015\/03\/tira-separadora-blogmaldito.jpg?fit=500%2C5&amp;ssl=1\" class=\"aligncenter size-full wp-image-10534\" src=\"https:\/\/i0.wp.com\/blogmaldito.com\/wp-content\/uploads\/2015\/03\/tira-separadora-blogmaldito.jpg?resize=500%2C5&#038;ssl=1\" alt=\"\" width=\"500\" height=\"5\" title=\"\"><\/a><\/p>\n<blockquote><p><span style=\"color: #000000; font-size: 16px;\">Y si os gusta lo que hago y quer\u00e9is estar al d\u00eda de los an\u00e1lisis de <strong>recorridos<\/strong>, <strong>calendarios<\/strong> de carreras, <strong>fotos<\/strong>, <strong>consejos<\/strong>, notas de <strong>humor<\/strong>&#8230; Pues ya sab\u00e9is, ten\u00e9is la opci\u00f3n de comentar, suscribiros al blog y seguidme en las redes. <\/span><\/p>\n<p style=\"text-align: center;\"><iframe loading=\"lazy\" style=\"border: 1px solid #EEE; background: white;\" src=\"https:\/\/blogmaldito.substack.com\/embed?minimal=true\" width=\"480\" height=\"150\" frameborder=\"0\" scrolling=\"no\" data-mce-fragment=\"1\"><\/iframe><\/p>\n<p style=\"text-align: center;\"><span style=\"font-size: 14px;\"><span style=\"color: #e01955;\"><strong><a style=\"color: #e01955;\" href=\"https:\/\/www.instagram.com\/blogmaldito\/\" target=\"_blank\" rel=\"noopener\">INSTAGRAM<\/a><\/strong>\u00a0<\/span>\u00b7 \u00a0<span style=\"color: #000000;\"><strong><a style=\"color: #000000;\" href=\"https:\/\/www.facebook.com\/Blogmaldito\" target=\"_blank\" rel=\"noopener\"><span style=\"color: #3366ff;\">FACEBOOK<\/span><\/a><\/strong><\/span> \u00b7\u00a0<span style=\"color: #000080;\"><strong><a style=\"color: #000080;\" href=\"https:\/\/t.me\/blogmaldito\">TELEGRAM<\/a><\/strong><\/span> \u00b7\u00a0<span style=\"color: #339966;\"><strong><a style=\"color: #339966;\" href=\"https:\/\/whatsapp.com\/channel\/0029Va8QAEf8PgsGnMrupi1r\" target=\"_blank\" rel=\"noopener\">WHATSAPP<\/a><\/strong><\/span><span style=\"color: #339966;\"><strong><span style=\"color: #333333;\">\u00a0\u00b7 <\/span><a href=\"https:\/\/www.strava.com\/athletes\/13414582\" target=\"_blank\" rel=\"noopener\"><span style=\"color: #ff6600;\">STRAVA<\/span><\/a><\/strong><\/span>\u00a0<\/span><\/p>\n<\/blockquote>\n<hr \/>\n<p style=\"text-align: center;\"><span style=\"font-size: 14px;\"><em>Blogmaldito es un blog con filosof\u00eda \u2018Non Profit\u2019. \u00bfQu\u00e9 significa esto? Que tengo como principio que todos los contenidos son para disfrutarlos con la condici\u00f3n de que no hagas un uso comercial e interesado de ellos. Todo lo hago como hobby y desde una perspectiva de corredor popular para el resto de corredores y amigos que me encuentro en las carreras.<\/em><\/span><\/p>\n<p style=\"text-align: center;\"><span style=\"font-size: 14px;\"><em>Justo por eso, ni puedo ni quiero ganar dinero con esto de correr. No acepto invitaciones, ni regalos. No estoy en venta. Para m\u00ed ya es un regalo que alguien se moleste en sacar un poco de tiempo al leerme y hablar de esta locura de flipados haciendo el cabra por las calles y las monta\u00f1as.<\/em><\/span><\/p>\n<hr \/>\n<p style=\"text-align: center;\">","protected":false},"excerpt":{"rendered":"<p>Comienza septiembre y con \u00e9l toca fichar en la\u00a0 Cursa Festa Major Santa Coloma d&#8217;Estiu\u00a0&#8216;Clemente Hern\u00e1ndez&#8217;) que, como cada a\u00f1o, es una fiesta popular en la que darnos la bienvenida a otra nueva temporada de carreras en pleno fin de semana de actos y conciertos en la localidad. Una carrera no competitiva y de distancia &hellip; <a href=\"https:\/\/blogmaldito.com\/ca\/2026\/09\/05\/fotos-cursa-festa-major-santa-coloma-3\/\" class=\"more-link\">Continua la lectura de <span class=\"screen-reader-text\">Fotos Cursa Festa Major Santa Coloma<\/span><\/a><\/p>","protected":false},"author":5492619,"featured_media":108760,"comment_status":"open","ping_status":"open","sticky":true,"template":"","format":"standard","meta":{"_jetpack_newsletter_access":"","_jetpack_dont_email_post_to_subs":false,"_jetpack_newsletter_tier_id":0,"_jetpack_memberships_contains_paywalled_content":false,"_wpcom_ai_launchpad_first_post":false,"_jetpack_feature_clip_id":0,"_jetpack_memberships_contains_paid_content":false,"footnotes":"","jetpack_publicize_message":"","jetpack_publicize_feature_enabled":true,"jetpack_social_post_already_shared":true,"jetpack_social_options":{"image_generator_settings":{"template":"highway","default_image_id":0,"font":"","enabled":false},"version":2},"jetpack_post_was_ever_published":false},"categories":[772],"tags":[685630679,749965532],"class_list":["post-108701","post","type-post","status-publish","format-standard","has-post-thumbnail","hentry","category-fotos","tag-cursa-festa-major-santa-coloma","tag-fotos","fallback-thumbnail"],"jetpack_publicize_connections":[],"jetpack_likes_enabled":false,"jetpack_sharing_enabled":true,"jetpack_shortlink":"https:\/\/wp.me\/pNuBu-shf","jetpack-related-posts":[{"id":70943,"url":"https:\/\/blogmaldito.com\/ca\/2022\/09\/03\/fotos-cursa-festa-major-santa-coloma\/","url_meta":{"origin":108701,"position":0},"title":"Fotos Cursa Festa Major Santa Coloma","author":"David Blogmaldito","date":"setembre 3, 2022","format":false,"excerpt":"Totalmente gratuita, eminentemente popular y realmente festiva. As\u00ed se celebra cada a\u00f1o una Cursa Festa Major Santa Coloma que este a\u00f1o ha contado con 1.500 inscritos (seguramente, bastantes menos participando, es lo que tiene el coste cero que no todo el mundo le da el valor que se merece) y\u2026","rel":"","context":"A &quot;Fotos&quot;","block_context":{"text":"Fotos","link":"https:\/\/blogmaldito.com\/ca\/category\/fotos\/"},"img":{"alt_text":"","src":"https:\/\/i0.wp.com\/blogmaldito.com\/wp-content\/uploads\/2022\/09\/00-FOTOS-CURSA-SANTA-COLOMA.jpg?fit=1200%2C628&ssl=1&resize=350%2C200","width":350,"height":200,"srcset":"https:\/\/i0.wp.com\/blogmaldito.com\/wp-content\/uploads\/2022\/09\/00-FOTOS-CURSA-SANTA-COLOMA.jpg?fit=1200%2C628&ssl=1&resize=350%2C200 1x, https:\/\/i0.wp.com\/blogmaldito.com\/wp-content\/uploads\/2022\/09\/00-FOTOS-CURSA-SANTA-COLOMA.jpg?fit=1200%2C628&ssl=1&resize=525%2C300 1.5x, https:\/\/i0.wp.com\/blogmaldito.com\/wp-content\/uploads\/2022\/09\/00-FOTOS-CURSA-SANTA-COLOMA.jpg?fit=1200%2C628&ssl=1&resize=700%2C400 2x, https:\/\/i0.wp.com\/blogmaldito.com\/wp-content\/uploads\/2022\/09\/00-FOTOS-CURSA-SANTA-COLOMA.jpg?fit=1200%2C628&ssl=1&resize=1050%2C600 3x"},"classes":[]},{"id":76138,"url":"https:\/\/blogmaldito.com\/ca\/2023\/09\/02\/fotos-cursa-festa-major-santa-coloma-2\/","url_meta":{"origin":108701,"position":1},"title":"Fotos Cursa Festa Major Santa Coloma","author":"David Blogmaldito","date":"setembre 2, 2023","format":false,"excerpt":"Totalmente gratuita, eminentemente popular y realmente festiva. As\u00ed se celebra cada a\u00f1o una Cursa Festa Major Santa Coloma que este a\u00f1o se ha batido a si misma qued\u00e1ndose cerca del l\u00edmite de 2.500 inscritos y que se consolida como uno de los actos m\u00e1s multitudinarios de las fiestas de la\u2026","rel":"","context":"A &quot;Fotos&quot;","block_context":{"text":"Fotos","link":"https:\/\/blogmaldito.com\/ca\/category\/fotos\/"},"img":{"alt_text":"","src":"https:\/\/i0.wp.com\/blogmaldito.com\/wp-content\/uploads\/2023\/09\/00-BASE-CONSEJOS-EXPRES-GUIA-RECORRIDO-CURSA-SANTA-COLOMA.jpg?fit=1200%2C628&ssl=1&resize=350%2C200","width":350,"height":200,"srcset":"https:\/\/i0.wp.com\/blogmaldito.com\/wp-content\/uploads\/2023\/09\/00-BASE-CONSEJOS-EXPRES-GUIA-RECORRIDO-CURSA-SANTA-COLOMA.jpg?fit=1200%2C628&ssl=1&resize=350%2C200 1x, https:\/\/i0.wp.com\/blogmaldito.com\/wp-content\/uploads\/2023\/09\/00-BASE-CONSEJOS-EXPRES-GUIA-RECORRIDO-CURSA-SANTA-COLOMA.jpg?fit=1200%2C628&ssl=1&resize=525%2C300 1.5x, https:\/\/i0.wp.com\/blogmaldito.com\/wp-content\/uploads\/2023\/09\/00-BASE-CONSEJOS-EXPRES-GUIA-RECORRIDO-CURSA-SANTA-COLOMA.jpg?fit=1200%2C628&ssl=1&resize=700%2C400 2x, https:\/\/i0.wp.com\/blogmaldito.com\/wp-content\/uploads\/2023\/09\/00-BASE-CONSEJOS-EXPRES-GUIA-RECORRIDO-CURSA-SANTA-COLOMA.jpg?fit=1200%2C628&ssl=1&resize=1050%2C600 3x"},"classes":[]},{"id":47295,"url":"https:\/\/blogmaldito.com\/ca\/2019\/08\/31\/fotos-de-la-cursa-festa-major-santa-coloma\/","url_meta":{"origin":108701,"position":2},"title":"Fotos de la Cursa Festa Major Santa Coloma","author":"David Blogmaldito","date":"agost 31, 2019","format":false,"excerpt":"La d\u00e9cima Cursa Festa Major Santa Coloma se salda con un buen pu\u00f1ado de corredores disfrutando por las calles de la ciudad con el valor a\u00f1adido de ser gratuita (que ya quedan pocas...). Visto desde fuera, carrera bien se\u00f1alizada (bien por los puntos kilom\u00e9tricos en banderolas) y bastante bien organizada,\u2026","rel":"","context":"A &quot;Fotos&quot;","block_context":{"text":"Fotos","link":"https:\/\/blogmaldito.com\/ca\/category\/fotos\/"},"img":{"alt_text":"","src":"https:\/\/i0.wp.com\/blogmaldito.com\/wp-content\/uploads\/2019\/08\/fotos-cursa-santa-coloma.jpg?fit=799%2C416&ssl=1&resize=350%2C200","width":350,"height":200,"srcset":"https:\/\/i0.wp.com\/blogmaldito.com\/wp-content\/uploads\/2019\/08\/fotos-cursa-santa-coloma.jpg?fit=799%2C416&ssl=1&resize=350%2C200 1x, https:\/\/i0.wp.com\/blogmaldito.com\/wp-content\/uploads\/2019\/08\/fotos-cursa-santa-coloma.jpg?fit=799%2C416&ssl=1&resize=525%2C300 1.5x, https:\/\/i0.wp.com\/blogmaldito.com\/wp-content\/uploads\/2019\/08\/fotos-cursa-santa-coloma.jpg?fit=799%2C416&ssl=1&resize=700%2C400 2x"},"classes":[]},{"id":94635,"url":"https:\/\/blogmaldito.com\/ca\/2026\/09\/02\/guia-cursa-festa-major-santa-coloma-analisis-recorrido-estrategia-que-saber-fotos-clasificacion\/","url_meta":{"origin":108701,"position":3},"title":"Gu\u00eda Cursa Festa Major Santa Coloma 2026: an\u00e1lisis del recorrido, consejos, horarios y dorsal","author":"David Blogmaldito","date":"setembre 2, 2026","format":false,"excerpt":"Vuelve la Cursa Festa Major Santa Coloma d'Estiu, (ahora tambi\u00e9n con el a\u00f1adido en su nombre a modo de homenaje de 'Clemente Hern\u00e1ndez'), una prueba de marcado car\u00e1cter popular (gratuita, abierta a todas las edades, con solo crono de meta) y que desde 2022 la gestionael Ayuntamiento junto a la\u2026","rel":"","context":"A &quot;Gu\u00edas de carreras&quot;","block_context":{"text":"Gu\u00edas de carreras","link":"https:\/\/blogmaldito.com\/ca\/category\/consejos-expres\/"},"img":{"alt_text":"guia-cursa-festa-major-santa-coloma-recorrido-consejos","src":"https:\/\/i0.wp.com\/blogmaldito.com\/wp-content\/uploads\/2025\/09\/00-CURSA-FESTA-MAJOR-SANTA-COLOMA-GUIA-CORREDOR-ANALISIS-CIRCUITO-RECORRIDO-CONSEJOS-EXPRES-FOTOS-CLASIFICACION-HORARIOS-DORSAL.jpg?fit=1200%2C675&ssl=1&resize=350%2C200","width":350,"height":200,"srcset":"https:\/\/i0.wp.com\/blogmaldito.com\/wp-content\/uploads\/2025\/09\/00-CURSA-FESTA-MAJOR-SANTA-COLOMA-GUIA-CORREDOR-ANALISIS-CIRCUITO-RECORRIDO-CONSEJOS-EXPRES-FOTOS-CLASIFICACION-HORARIOS-DORSAL.jpg?fit=1200%2C675&ssl=1&resize=350%2C200 1x, https:\/\/i0.wp.com\/blogmaldito.com\/wp-content\/uploads\/2025\/09\/00-CURSA-FESTA-MAJOR-SANTA-COLOMA-GUIA-CORREDOR-ANALISIS-CIRCUITO-RECORRIDO-CONSEJOS-EXPRES-FOTOS-CLASIFICACION-HORARIOS-DORSAL.jpg?fit=1200%2C675&ssl=1&resize=525%2C300 1.5x, https:\/\/i0.wp.com\/blogmaldito.com\/wp-content\/uploads\/2025\/09\/00-CURSA-FESTA-MAJOR-SANTA-COLOMA-GUIA-CORREDOR-ANALISIS-CIRCUITO-RECORRIDO-CONSEJOS-EXPRES-FOTOS-CLASIFICACION-HORARIOS-DORSAL.jpg?fit=1200%2C675&ssl=1&resize=700%2C400 2x, https:\/\/i0.wp.com\/blogmaldito.com\/wp-content\/uploads\/2025\/09\/00-CURSA-FESTA-MAJOR-SANTA-COLOMA-GUIA-CORREDOR-ANALISIS-CIRCUITO-RECORRIDO-CONSEJOS-EXPRES-FOTOS-CLASIFICACION-HORARIOS-DORSAL.jpg?fit=1200%2C675&ssl=1&resize=1050%2C600 3x"},"classes":[]},{"id":94669,"url":"https:\/\/blogmaldito.com\/ca\/2025\/09\/06\/fotos-clasificacion-cursa-festa-major-santa-coloma\/","url_meta":{"origin":108701,"position":4},"title":"Fotos: Cursa Festa Major Santa Coloma","author":"David Blogmaldito","date":"setembre 6, 2025","format":false,"excerpt":"Una buena entrada a las carreras populares tras el verano est\u00e1 en aprovechar las de los \u00faltimos coletazos de las de fiesta mayor. Es el caso de la popular\u00edsima Cursa Festa Major Santa Coloma, que cada a\u00f1o convoca a 2.000 corredores para disfrutar de recorrer las principales arterias de la\u2026","rel":"","context":"A &quot;Fotos&quot;","block_context":{"text":"Fotos","link":"https:\/\/blogmaldito.com\/ca\/category\/fotos\/"},"img":{"alt_text":"","src":"https:\/\/i0.wp.com\/blogmaldito.com\/wp-content\/uploads\/2025\/09\/00-CURSA-FESTA-MAJOR-SANTA-COLOMA-FOTOS-CLASIFICACION.jpg?fit=1200%2C675&ssl=1&resize=350%2C200","width":350,"height":200,"srcset":"https:\/\/i0.wp.com\/blogmaldito.com\/wp-content\/uploads\/2025\/09\/00-CURSA-FESTA-MAJOR-SANTA-COLOMA-FOTOS-CLASIFICACION.jpg?fit=1200%2C675&ssl=1&resize=350%2C200 1x, https:\/\/i0.wp.com\/blogmaldito.com\/wp-content\/uploads\/2025\/09\/00-CURSA-FESTA-MAJOR-SANTA-COLOMA-FOTOS-CLASIFICACION.jpg?fit=1200%2C675&ssl=1&resize=525%2C300 1.5x, https:\/\/i0.wp.com\/blogmaldito.com\/wp-content\/uploads\/2025\/09\/00-CURSA-FESTA-MAJOR-SANTA-COLOMA-FOTOS-CLASIFICACION.jpg?fit=1200%2C675&ssl=1&resize=700%2C400 2x, https:\/\/i0.wp.com\/blogmaldito.com\/wp-content\/uploads\/2025\/09\/00-CURSA-FESTA-MAJOR-SANTA-COLOMA-FOTOS-CLASIFICACION.jpg?fit=1200%2C675&ssl=1&resize=1050%2C600 3x"},"classes":[]},{"id":107257,"url":"https:\/\/blogmaldito.com\/ca\/2026\/08\/14\/guia-cursa-festa-major-sants-consejos\/","url_meta":{"origin":108701,"position":5},"title":"Gu\u00eda Cursa Festa Major Sants: Recorrido explicado y consejos para correrla","author":"David Blogmaldito","date":"agost 14, 2026","format":false,"excerpt":"La Cursa Festa Major Sants (anteriormente conocida como Els 2.000 de Sants) es otra de esas pruebas de barri que sirven de tastet\u00a0 y disfrute antes de entrar a fondo en la temporada de oto\u00f1o e invierno de las carreras populares. Un ida y vuelta por el carrer Creu Coberta\u2026","rel":"","context":"A &quot;Gu\u00edas de carreras&quot;","block_context":{"text":"Gu\u00edas de carreras","link":"https:\/\/blogmaldito.com\/ca\/category\/consejos-expres\/"},"img":{"alt_text":"guia-cursa-festa-major-sants-recorrido-consejos","src":"https:\/\/i0.wp.com\/blogmaldito.com\/wp-content\/uploads\/2026\/08\/00-CURSA-FESTA-MAJOR-SANTS-2000-GUIA-CORREDOR-ANALISIS-CIRCUITO-RECORRIDO-CONSEJOS-EXPRES-FOTOS-CLASIFICACION-HORARIOS-DORSAL.jpg?fit=1200%2C675&ssl=1&resize=350%2C200","width":350,"height":200,"srcset":"https:\/\/i0.wp.com\/blogmaldito.com\/wp-content\/uploads\/2026\/08\/00-CURSA-FESTA-MAJOR-SANTS-2000-GUIA-CORREDOR-ANALISIS-CIRCUITO-RECORRIDO-CONSEJOS-EXPRES-FOTOS-CLASIFICACION-HORARIOS-DORSAL.jpg?fit=1200%2C675&ssl=1&resize=350%2C200 1x, https:\/\/i0.wp.com\/blogmaldito.com\/wp-content\/uploads\/2026\/08\/00-CURSA-FESTA-MAJOR-SANTS-2000-GUIA-CORREDOR-ANALISIS-CIRCUITO-RECORRIDO-CONSEJOS-EXPRES-FOTOS-CLASIFICACION-HORARIOS-DORSAL.jpg?fit=1200%2C675&ssl=1&resize=525%2C300 1.5x, https:\/\/i0.wp.com\/blogmaldito.com\/wp-content\/uploads\/2026\/08\/00-CURSA-FESTA-MAJOR-SANTS-2000-GUIA-CORREDOR-ANALISIS-CIRCUITO-RECORRIDO-CONSEJOS-EXPRES-FOTOS-CLASIFICACION-HORARIOS-DORSAL.jpg?fit=1200%2C675&ssl=1&resize=700%2C400 2x, https:\/\/i0.wp.com\/blogmaldito.com\/wp-content\/uploads\/2026\/08\/00-CURSA-FESTA-MAJOR-SANTS-2000-GUIA-CORREDOR-ANALISIS-CIRCUITO-RECORRIDO-CONSEJOS-EXPRES-FOTOS-CLASIFICACION-HORARIOS-DORSAL.jpg?fit=1200%2C675&ssl=1&resize=1050%2C600 3x"},"classes":[]}],"jetpack_featured_media_url":"https:\/\/i0.wp.com\/blogmaldito.com\/wp-content\/uploads\/2026\/09\/00-CURSA-FESTA-MAJOR-SANTA-COLOMA-GUIA-CORREDOR-ANALISIS-CIRCUITO-RECORRIDO-CONSEJOS-EXPRES-FOTOS-CLASIFICACION-HORARIOS-DORSAL.jpg?fit=3413%2C1920&ssl=1","rttpg_featured_image_url":{"full":["https:\/\/i0.wp.com\/blogmaldito.com\/wp-content\/uploads\/2026\/09\/00-CURSA-FESTA-MAJOR-SANTA-COLOMA-GUIA-CORREDOR-ANALISIS-CIRCUITO-RECORRIDO-CONSEJOS-EXPRES-FOTOS-CLASIFICACION-HORARIOS-DORSAL.jpg?fit=3413%2C1920&ssl=1",3413,1920,false],"landscape":["https:\/\/blogmaldito.com\/wp-content\/uploads\/2026\/09\/00-CURSA-FESTA-MAJOR-SANTA-COLOMA-GUIA-CORREDOR-ANALISIS-CIRCUITO-RECORRIDO-CONSEJOS-EXPRES-FOTOS-CLASIFICACION-HORARIOS-DORSAL.jpg",3413,1920,false],"portraits":["https:\/\/blogmaldito.com\/wp-content\/uploads\/2026\/09\/00-CURSA-FESTA-MAJOR-SANTA-COLOMA-GUIA-CORREDOR-ANALISIS-CIRCUITO-RECORRIDO-CONSEJOS-EXPRES-FOTOS-CLASIFICACION-HORARIOS-DORSAL.jpg",3413,1920,false],"thumbnail":["https:\/\/i0.wp.com\/blogmaldito.com\/wp-content\/uploads\/2026\/09\/00-CURSA-FESTA-MAJOR-SANTA-COLOMA-GUIA-CORREDOR-ANALISIS-CIRCUITO-RECORRIDO-CONSEJOS-EXPRES-FOTOS-CLASIFICACION-HORARIOS-DORSAL.jpg?fit=150%2C84&ssl=1",150,84,true],"medium":["https:\/\/i0.wp.com\/blogmaldito.com\/wp-content\/uploads\/2026\/09\/00-CURSA-FESTA-MAJOR-SANTA-COLOMA-GUIA-CORREDOR-ANALISIS-CIRCUITO-RECORRIDO-CONSEJOS-EXPRES-FOTOS-CLASIFICACION-HORARIOS-DORSAL.jpg?fit=300%2C169&ssl=1",300,169,true],"large":["https:\/\/i0.wp.com\/blogmaldito.com\/wp-content\/uploads\/2026\/09\/00-CURSA-FESTA-MAJOR-SANTA-COLOMA-GUIA-CORREDOR-ANALISIS-CIRCUITO-RECORRIDO-CONSEJOS-EXPRES-FOTOS-CLASIFICACION-HORARIOS-DORSAL.jpg?fit=676%2C380&ssl=1",676,380,true],"1536x1536":["https:\/\/i0.wp.com\/blogmaldito.com\/wp-content\/uploads\/2026\/09\/00-CURSA-FESTA-MAJOR-SANTA-COLOMA-GUIA-CORREDOR-ANALISIS-CIRCUITO-RECORRIDO-CONSEJOS-EXPRES-FOTOS-CLASIFICACION-HORARIOS-DORSAL.jpg?fit=1536%2C864&ssl=1",1536,864,true],"2048x2048":["https:\/\/i0.wp.com\/blogmaldito.com\/wp-content\/uploads\/2026\/09\/00-CURSA-FESTA-MAJOR-SANTA-COLOMA-GUIA-CORREDOR-ANALISIS-CIRCUITO-RECORRIDO-CONSEJOS-EXPRES-FOTOS-CLASIFICACION-HORARIOS-DORSAL.jpg?fit=2048%2C1152&ssl=1",2048,1152,true],"trp-custom-language-flag":["https:\/\/i0.wp.com\/blogmaldito.com\/wp-content\/uploads\/2026\/09\/00-CURSA-FESTA-MAJOR-SANTA-COLOMA-GUIA-CORREDOR-ANALISIS-CIRCUITO-RECORRIDO-CONSEJOS-EXPRES-FOTOS-CLASIFICACION-HORARIOS-DORSAL.jpg?fit=18%2C10&ssl=1",18,10,true],"smart-post-landscape":["https:\/\/i0.wp.com\/blogmaldito.com\/wp-content\/uploads\/2026\/09\/00-CURSA-FESTA-MAJOR-SANTA-COLOMA-GUIA-CORREDOR-ANALISIS-CIRCUITO-RECORRIDO-CONSEJOS-EXPRES-FOTOS-CLASIFICACION-HORARIOS-DORSAL.jpg?resize=870%2C570&ssl=1",870,570,true],"smart-post-portrait":["https:\/\/i0.wp.com\/blogmaldito.com\/wp-content\/uploads\/2026\/09\/00-CURSA-FESTA-MAJOR-SANTA-COLOMA-GUIA-CORREDOR-ANALISIS-CIRCUITO-RECORRIDO-CONSEJOS-EXPRES-FOTOS-CLASIFICACION-HORARIOS-DORSAL.jpg?resize=600%2C900&ssl=1",600,900,true],"newspack-article-block-landscape-large":["https:\/\/i0.wp.com\/blogmaldito.com\/wp-content\/uploads\/2026\/09\/00-CURSA-FESTA-MAJOR-SANTA-COLOMA-GUIA-CORREDOR-ANALISIS-CIRCUITO-RECORRIDO-CONSEJOS-EXPRES-FOTOS-CLASIFICACION-HORARIOS-DORSAL.jpg?resize=1200%2C900&ssl=1",1200,900,true],"newspack-article-block-portrait-large":["https:\/\/i0.wp.com\/blogmaldito.com\/wp-content\/uploads\/2026\/09\/00-CURSA-FESTA-MAJOR-SANTA-COLOMA-GUIA-CORREDOR-ANALISIS-CIRCUITO-RECORRIDO-CONSEJOS-EXPRES-FOTOS-CLASIFICACION-HORARIOS-DORSAL.jpg?resize=900%2C1200&ssl=1",900,1200,true],"newspack-article-block-square-large":["https:\/\/i0.wp.com\/blogmaldito.com\/wp-content\/uploads\/2026\/09\/00-CURSA-FESTA-MAJOR-SANTA-COLOMA-GUIA-CORREDOR-ANALISIS-CIRCUITO-RECORRIDO-CONSEJOS-EXPRES-FOTOS-CLASIFICACION-HORARIOS-DORSAL.jpg?resize=1200%2C1200&ssl=1",1200,1200,true],"newspack-article-block-landscape-medium":["https:\/\/i0.wp.com\/blogmaldito.com\/wp-content\/uploads\/2026\/09\/00-CURSA-FESTA-MAJOR-SANTA-COLOMA-GUIA-CORREDOR-ANALISIS-CIRCUITO-RECORRIDO-CONSEJOS-EXPRES-FOTOS-CLASIFICACION-HORARIOS-DORSAL.jpg?resize=800%2C600&ssl=1",800,600,true],"newspack-article-block-portrait-medium":["https:\/\/i0.wp.com\/blogmaldito.com\/wp-content\/uploads\/2026\/09\/00-CURSA-FESTA-MAJOR-SANTA-COLOMA-GUIA-CORREDOR-ANALISIS-CIRCUITO-RECORRIDO-CONSEJOS-EXPRES-FOTOS-CLASIFICACION-HORARIOS-DORSAL.jpg?resize=600%2C800&ssl=1",600,800,true],"newspack-article-block-square-medium":["https:\/\/i0.wp.com\/blogmaldito.com\/wp-content\/uploads\/2026\/09\/00-CURSA-FESTA-MAJOR-SANTA-COLOMA-GUIA-CORREDOR-ANALISIS-CIRCUITO-RECORRIDO-CONSEJOS-EXPRES-FOTOS-CLASIFICACION-HORARIOS-DORSAL.jpg?resize=800%2C800&ssl=1",800,800,true],"newspack-article-block-landscape-intermediate":["https:\/\/i0.wp.com\/blogmaldito.com\/wp-content\/uploads\/2026\/09\/00-CURSA-FESTA-MAJOR-SANTA-COLOMA-GUIA-CORREDOR-ANALISIS-CIRCUITO-RECORRIDO-CONSEJOS-EXPRES-FOTOS-CLASIFICACION-HORARIOS-DORSAL.jpg?resize=600%2C450&ssl=1",600,450,true],"newspack-article-block-portrait-intermediate":["https:\/\/i0.wp.com\/blogmaldito.com\/wp-content\/uploads\/2026\/09\/00-CURSA-FESTA-MAJOR-SANTA-COLOMA-GUIA-CORREDOR-ANALISIS-CIRCUITO-RECORRIDO-CONSEJOS-EXPRES-FOTOS-CLASIFICACION-HORARIOS-DORSAL.jpg?resize=450%2C600&ssl=1",450,600,true],"newspack-article-block-square-intermediate":["https:\/\/i0.wp.com\/blogmaldito.com\/wp-content\/uploads\/2026\/09\/00-CURSA-FESTA-MAJOR-SANTA-COLOMA-GUIA-CORREDOR-ANALISIS-CIRCUITO-RECORRIDO-CONSEJOS-EXPRES-FOTOS-CLASIFICACION-HORARIOS-DORSAL.jpg?resize=600%2C600&ssl=1",600,600,true],"newspack-article-block-landscape-small":["https:\/\/i0.wp.com\/blogmaldito.com\/wp-content\/uploads\/2026\/09\/00-CURSA-FESTA-MAJOR-SANTA-COLOMA-GUIA-CORREDOR-ANALISIS-CIRCUITO-RECORRIDO-CONSEJOS-EXPRES-FOTOS-CLASIFICACION-HORARIOS-DORSAL.jpg?resize=400%2C300&ssl=1",400,300,true],"newspack-article-block-portrait-small":["https:\/\/i0.wp.com\/blogmaldito.com\/wp-content\/uploads\/2026\/09\/00-CURSA-FESTA-MAJOR-SANTA-COLOMA-GUIA-CORREDOR-ANALISIS-CIRCUITO-RECORRIDO-CONSEJOS-EXPRES-FOTOS-CLASIFICACION-HORARIOS-DORSAL.jpg?resize=300%2C400&ssl=1",300,400,true],"newspack-article-block-square-small":["https:\/\/i0.wp.com\/blogmaldito.com\/wp-content\/uploads\/2026\/09\/00-CURSA-FESTA-MAJOR-SANTA-COLOMA-GUIA-CORREDOR-ANALISIS-CIRCUITO-RECORRIDO-CONSEJOS-EXPRES-FOTOS-CLASIFICACION-HORARIOS-DORSAL.jpg?resize=400%2C400&ssl=1",400,400,true],"newspack-article-block-landscape-tiny":["https:\/\/i0.wp.com\/blogmaldito.com\/wp-content\/uploads\/2026\/09\/00-CURSA-FESTA-MAJOR-SANTA-COLOMA-GUIA-CORREDOR-ANALISIS-CIRCUITO-RECORRIDO-CONSEJOS-EXPRES-FOTOS-CLASIFICACION-HORARIOS-DORSAL.jpg?resize=200%2C150&ssl=1",200,150,true],"newspack-article-block-portrait-tiny":["https:\/\/i0.wp.com\/blogmaldito.com\/wp-content\/uploads\/2026\/09\/00-CURSA-FESTA-MAJOR-SANTA-COLOMA-GUIA-CORREDOR-ANALISIS-CIRCUITO-RECORRIDO-CONSEJOS-EXPRES-FOTOS-CLASIFICACION-HORARIOS-DORSAL.jpg?resize=150%2C200&ssl=1",150,200,true],"newspack-article-block-square-tiny":["https:\/\/i0.wp.com\/blogmaldito.com\/wp-content\/uploads\/2026\/09\/00-CURSA-FESTA-MAJOR-SANTA-COLOMA-GUIA-CORREDOR-ANALISIS-CIRCUITO-RECORRIDO-CONSEJOS-EXPRES-FOTOS-CLASIFICACION-HORARIOS-DORSAL.jpg?resize=200%2C200&ssl=1",200,200,true],"newspack-article-block-uncropped":["https:\/\/i0.wp.com\/blogmaldito.com\/wp-content\/uploads\/2026\/09\/00-CURSA-FESTA-MAJOR-SANTA-COLOMA-GUIA-CORREDOR-ANALISIS-CIRCUITO-RECORRIDO-CONSEJOS-EXPRES-FOTOS-CLASIFICACION-HORARIOS-DORSAL.jpg?fit=1200%2C675&ssl=1",1200,675,true],"hemingway-rewritten-featured":["https:\/\/i0.wp.com\/blogmaldito.com\/wp-content\/uploads\/2026\/09\/00-CURSA-FESTA-MAJOR-SANTA-COLOMA-GUIA-CORREDOR-ANALISIS-CIRCUITO-RECORRIDO-CONSEJOS-EXPRES-FOTOS-CLASIFICACION-HORARIOS-DORSAL.jpg?fit=676%2C380&ssl=1",676,380,true],"hemingway-rewritten-header":["https:\/\/i0.wp.com\/blogmaldito.com\/wp-content\/uploads\/2026\/09\/00-CURSA-FESTA-MAJOR-SANTA-COLOMA-GUIA-CORREDOR-ANALISIS-CIRCUITO-RECORRIDO-CONSEJOS-EXPRES-FOTOS-CLASIFICACION-HORARIOS-DORSAL.jpg?resize=1280%2C416&ssl=1",1280,416,true]},"rttpg_author":{"display_name":"David Blogmaldito","author_link":"https:\/\/blogmaldito.com\/ca\/author\/dabit\/"},"rttpg_comment":3,"rttpg_category":"<a href=\"https:\/\/blogmaldito.com\/ca\/category\/fotos\/\" rel=\"category tag\">Fotos<\/a>","rttpg_excerpt":"Comienza septiembre y con \u00e9l toca fichar en la\u00a0 Cursa Festa Major Santa Coloma d&#8217;Estiu\u00a0&#8216;Clemente Hern\u00e1ndez&#8217;) que, como cada a\u00f1o, es una fiesta popular en la que darnos la bienvenida a otra nueva temporada de carreras en pleno fin de semana de actos y conciertos en la localidad. Una carrera no competitiva y de distancia&hellip;","_links":{"self":[{"href":"https:\/\/blogmaldito.com\/ca\/wp-json\/wp\/v2\/posts\/108701","targetHints":{"allow":["GET"]}}],"collection":[{"href":"https:\/\/blogmaldito.com\/ca\/wp-json\/wp\/v2\/posts"}],"about":[{"href":"https:\/\/blogmaldito.com\/ca\/wp-json\/wp\/v2\/types\/post"}],"author":[{"embeddable":true,"href":"https:\/\/blogmaldito.com\/ca\/wp-json\/wp\/v2\/users\/5492619"}],"replies":[{"embeddable":true,"href":"https:\/\/blogmaldito.com\/ca\/wp-json\/wp\/v2\/comments?post=108701"}],"version-history":[{"count":27,"href":"https:\/\/blogmaldito.com\/ca\/wp-json\/wp\/v2\/posts\/108701\/revisions"}],"predecessor-version":[{"id":108770,"href":"https:\/\/blogmaldito.com\/ca\/wp-json\/wp\/v2\/posts\/108701\/revisions\/108770"}],"wp:featuredmedia":[{"embeddable":true,"href":"https:\/\/blogmaldito.com\/ca\/wp-json\/wp\/v2\/media\/108760"}],"wp:attachment":[{"href":"https:\/\/blogmaldito.com\/ca\/wp-json\/wp\/v2\/media?parent=108701"}],"wp:term":[{"taxonomy":"category","embeddable":true,"href":"https:\/\/blogmaldito.com\/ca\/wp-json\/wp\/v2\/categories?post=108701"},{"taxonomy":"post_tag","embeddable":true,"href":"https:\/\/blogmaldito.com\/ca\/wp-json\/wp\/v2\/tags?post=108701"}],"curies":[{"name":"wp","href":"https:\/\/api.w.org\/{rel}","templated":true}]}}