{"id":10714,"date":"2015-03-26T09:24:14","date_gmt":"2015-03-26T09:24:14","guid":{"rendered":"http:\/\/blogmaldito.com\/?p=10714"},"modified":"2015-06-16T13:07:28","modified_gmt":"2015-06-16T13:07:28","slug":"la-nueva-cursa-dels-bombers-2015-en-10-preguntas-cursabombers2015","status":"publish","type":"post","link":"https:\/\/blogmaldito.com\/ca\/2015\/03\/26\/la-nueva-cursa-dels-bombers-2015-en-10-preguntas-cursabombers2015\/","title":{"rendered":"La nueva Cursa dels Bombers 2015 en 10 preguntas"},"content":{"rendered":"<p><a href=\"https:\/\/i0.wp.com\/blogmaldito.com\/wp-content\/uploads\/2015\/03\/cursa-bombers-2015.png?ssl=1\"><img data-recalc-dims=\"1\" loading=\"lazy\" decoding=\"async\" data-attachment-id=\"11125\" data-permalink=\"https:\/\/blogmaldito.com\/ca\/2015\/03\/26\/la-nueva-cursa-dels-bombers-2015-en-10-preguntas-cursabombers2015\/cursa-bombers-2015-2\/\" data-orig-file=\"https:\/\/i0.wp.com\/blogmaldito.com\/wp-content\/uploads\/2015\/03\/cursa-bombers-2015.png?fit=805%2C719&amp;ssl=1\" data-orig-size=\"805,719\" data-comments-opened=\"1\" data-image-meta=\"{&quot;aperture&quot;:&quot;0&quot;,&quot;credit&quot;:&quot;&quot;,&quot;camera&quot;:&quot;&quot;,&quot;caption&quot;:&quot;&quot;,&quot;created_timestamp&quot;:&quot;0&quot;,&quot;copyright&quot;:&quot;&quot;,&quot;focal_length&quot;:&quot;0&quot;,&quot;iso&quot;:&quot;0&quot;,&quot;shutter_speed&quot;:&quot;0&quot;,&quot;title&quot;:&quot;&quot;,&quot;orientation&quot;:&quot;0&quot;}\" data-image-title=\"Cursa Bombers 2015\" data-image-description=\"\" data-image-caption=\"\" data-large-file=\"https:\/\/i0.wp.com\/blogmaldito.com\/wp-content\/uploads\/2015\/03\/cursa-bombers-2015.png?fit=676%2C604&amp;ssl=1\" class=\"aligncenter size-full wp-image-11125\" src=\"https:\/\/i0.wp.com\/blogmaldito.com\/wp-content\/uploads\/2015\/03\/cursa-bombers-2015.png?resize=500%2C447&#038;ssl=1\" alt=\"Cursa Bombers 2015\" width=\"500\" height=\"447\" title=\"\"><\/a><\/p>\n<p>Pues s\u00ed, tras decenas de especulaciones (la que hizo saltar la liebre\u00a0con una fuente fidedigna fue la <a href=\"http:\/\/www.labolsadelcorredor.com\/cursa-bombers-2015\/\" target=\"_blank\" rel=\"noopener\">Bolsa del Corredor<\/a>) por fin ha ense\u00f1ado (algo) la pata una remozada <a href=\"https:\/\/www.nike.com\/events-registration\/event?id=8688&amp;languageLocale=es_es\" target=\"_blank\" rel=\"noopener\"><strong>Cursa dels Bombers<\/strong><\/a>\u00a0que confirma lo que era un secreto a voces: va a poner patas arriba una de las carreras m\u00e1s miticas de Barcelona\u00a0para insuflarle\u00a0energ\u00edas a una prueba que, ciertamente, estaba dando s\u00edntomas de agotamiento (que no de fracaso, m\u00e1s de 20.000 corredores en las calles al precio que te piden no es moco de pavo) en las \u00faltimas ediciones.\u00a0Nueva fecha (<strong>viernes, 12\u00a0de junio<\/strong>), nuevo horario (<strong>vespertina \/ nocturna, 21.00 h&#8230; a esa hora en verano se comienza con luz solar<\/strong>),\u00a0nuevo<strong> recorrido (de Avinguda Maria Cristina a Selva de Mar \/ Zona F\u00f2rum), <\/strong>y nuevo<strong> precio (20 \/ 21 euros )<\/strong>\u00a0para este 10k\u00a0que se niega a estancarse. Te comento ahora el por qu\u00e9 de toda esta&#8230; \u00bfrevoluci\u00f3n?<\/p>\n<p><!--more--><\/p>\n<h4>Antes que nada&#8230;<\/h4>\n<p>Si quieres saber m\u00e1s sobre el nuevo\u00a0circuito tienes estas dos entradas:<\/p>\n<p><a href=\"http:\/\/wp.me\/pNuBu-2X7\" target=\"_blank\" rel=\"noopener\"><strong><em>10 Claves del recorrido de la Cursa dels Bombers 2015<\/em><\/strong><\/a><\/p>\n<p><a href=\"http:\/\/blogmaldito.com\/ca\/2015\/06\/02\/en-1-minuto-el-circuito-de-la-cursa-dels-bombers\/\" target=\"_blank\"><em><strong>En 1 minuto: el v\u00eddeo del circuito de la Cursa dels Bombers<\/strong><\/em><\/a><\/p>\n<h2><span style=\"color:#3366ff;\">1\/<\/span> <span style=\"color:#000000;\">\u00bfCuales son los principales cambios?<\/span><\/h2>\n<p>Cambia la fecha (pasa de abril a junio, concretamente el <strong>viernes\u00a012<\/strong>) \u00a0y el horario (de matinal a *nocturna, <strong>la salida se dar\u00e1 a las 21.00 h<\/strong>). Tambi\u00e9n cambia el circuito (en los \u00faltimos a\u00f1os la salida y llegada estaban situados en las proximidades del Parc de la Ciutadella y se hac\u00eda una\u00a0vuelta por el centro de la ciudad; ahora <strong>partimos de Av. Maria Cristina para hacer un trayecto (por ahora desconocido) que desemboca\u00a0en Selva de Mar (zona F\u00f2rum)<\/strong>. Ah!<strong> y limitada a 20.000 corredores.<\/strong> Para que te hagas una idea la comparo con las 3 \u00faltimas ediciones:<\/p>\n<ul>\n<li><strong>Cursa \u00a0dels Bombers <span style=\"color:#0000ff;\">2012<\/span><\/strong>: 21.688 Finishers<\/li>\n<li><strong>Cursa \u00a0dels Bombers <span style=\"color:#0000ff;\">2013<\/span><\/strong>: 23.747 Finishers<\/li>\n<li><strong>Cursa \u00a0dels Bombers <span style=\"color:#0000ff;\">2014<\/span><\/strong>: 22.213 Finishers<\/li>\n<li><strong>Cursa \u00a0dels Bombers <span style=\"color:#0000ff;\">2015<\/span><\/strong>: 20.000\u00a0Inscripciones disponibles.<\/li>\n<\/ul>\n<p>*&#8217;Nocturna&#8217; entre comillas, ya que es m\u00e1s vespertina que otra cosa: partiremos de d\u00eda y los que bajen de los 45&#8242;\u00a0creo que cruzar\u00e1n la meta\u00a0tambi\u00e9n con luz solar.<\/p>\n<h2><span style=\"color:#3366ff;\">2\/<\/span> <span style=\"color:#000000;\">A qu\u00e9 obedece este cambio<\/span><\/h2>\n<p><em>AVISO: Esto ya es especulaci\u00f3n y las mil pajas mentales que yo me hago<\/em>.<\/p>\n<p>Yo creo que se debe a dos factores fundamentalmente: el primero es que est\u00e1 claro que la prueba\u00a0estrella (por \u00e9xito medi\u00e1tico) de los 10k en Barcelona necesitaba una sacudida. <span style=\"color:#333333;\">Nike es una empresa que se distingue por dar golpes de efecto cada cierto tiempo para mantenerse en la\u00a0cima<\/span> dentro del negocio de la ropa, patrocinio y eventos deportivos, as\u00ed que tocaba hacer algo cuando por primera vez desde su nacimiento la Cursa dels Bombers mostraba claros signos de agotamiento rompiendo en\u00a0la edici\u00f3n de 2014 una trayectoria ascendente en cuanto a participaci\u00f3n. <span style=\"color:#0000ff;\"><strong>No ir\u00e1 en busca de m\u00e1s participantes, s\u00ed de volver a ser una carrera ic\u00f3nica<\/strong><\/span>, guste m\u00e1s o menos los cambios.<\/p>\n<p>El segundo motivo es que <span style=\"color:#0000ff;\"><strong>hay un nuevo mercado donde\u00a0picotear<\/strong><\/span>, un <em>target<\/em> apetitoso que puede generar un volumen de negocio semejante al que tuvo su d\u00eda el sector masculino adulto y el actual del movimiento femenino que se ha echado a las calles con unas zapas atadas. Un nuevo sector que corre\u00a0m\u00e1s en verano que en invierno, al que hay que pescar arrim\u00e1ndose a su vera y que se lo estaba llevando de largo las carreras menos competitivas y m\u00e1s festivas: el sector juvenil. un pastel muy goloso que las grandes marcas se\u00a0disputan.<\/p>\n<h2><span style=\"color:#3366ff;\">3\/<\/span> <span style=\"color:#000000;\">\u00bfSe ha &#8216;<em>vallecanizado&#8217;<\/em>?<\/span><\/h2>\n<p><span style=\"color:#0000ff;\"><strong>Hace toda la pinta<\/strong><\/span> (hasta en el precio que ahora ya alcanza\u00a0la psicol\u00f3gica cifra de los 20\/21 euros). Y eso, ya lo dejo dicho por delante, no es para nada malo. La San Silvestre Vallecana es una f\u00f3rmula de \u00e9xito que puede servir de espejo para la nueva Bombers. Entre otras cosas en que la de Barcelona imitar\u00e1 la prueba madrile\u00f1a est\u00e1 en un circuito con un punto de salida (Av. M\u00aa Cristina) y una meta (Selva de Mar \/ F\u00f2rum) situados a ambos extremos del recorrido.<\/p>\n<p>Y adem\u00e1s, en lo que concierne a los intereses de Nike Espa\u00f1a, les queda un doblete excepcional en el calendario cada seis meses: una\u00a0<em>sansilvestre<\/em> de invierno (Madrid) y la de primavera\/verano (Barcelona). Ahora, claro, significa tambi\u00e9n cierta perdida de identidad que, de todas formas, tampoco es que en los \u00faltimos a\u00f1os fuese sobrada: la Cursa dels Bombers de Bombers solo ten\u00eda el folclore.<\/p>\n<h2><span style=\"color:#3366ff;\">4\/<\/span> <span style=\"color:#000000;\">\u00bfY &#8216;<em>coloruneanizado&#8217;<\/em>?<\/span><\/h2>\n<p>S\u00ed, ese neologismo me lo podr\u00eda haber ahorrado. Del mismo modo que\u00a0tengo claro que la <em>vallecanizaci\u00f3n<\/em>\u00a0es una apuesta decidida por parte de Bombers tambi\u00e9n apuesto\u00a0que las similitudes con The Color Run no ir\u00e1n\u00a0m\u00e1s all\u00e1 de\u00a0querer ara\u00f1ar el mismo goloso\u00a0target (joven, femenino y fotog\u00e9nico) y de recubrir el evento con un halo\u00a0festivo. Pero la base es totalmente dispar: <span style=\"color:#0000ff;\"><strong>Bombers es una ca-rre-ra;\u00a0The Color Run es otra cosa<\/strong><\/span>, m\u00e1s cerca de las fiestas <em>Holi<\/em> que de una prueba competitiva.<\/p>\n<p><a href=\"https:\/\/i0.wp.com\/blogmaldito.com\/wp-content\/uploads\/2015\/03\/recorregut-circuit-recorrido-cursa-bombers-2015.png?ssl=1\"><img data-recalc-dims=\"1\" loading=\"lazy\" decoding=\"async\" data-attachment-id=\"11155\" data-permalink=\"https:\/\/blogmaldito.com\/ca\/2015\/03\/26\/la-nueva-cursa-dels-bombers-2015-en-10-preguntas-cursabombers2015\/recorregut-circuit-recorrido-cursa-bombers-2015\/\" data-orig-file=\"https:\/\/i0.wp.com\/blogmaldito.com\/wp-content\/uploads\/2015\/03\/recorregut-circuit-recorrido-cursa-bombers-2015.png?fit=2400%2C798&amp;ssl=1\" data-orig-size=\"2400,798\" data-comments-opened=\"1\" data-image-meta=\"{&quot;aperture&quot;:&quot;0&quot;,&quot;credit&quot;:&quot;&quot;,&quot;camera&quot;:&quot;&quot;,&quot;caption&quot;:&quot;&quot;,&quot;created_timestamp&quot;:&quot;0&quot;,&quot;copyright&quot;:&quot;&quot;,&quot;focal_length&quot;:&quot;0&quot;,&quot;iso&quot;:&quot;0&quot;,&quot;shutter_speed&quot;:&quot;0&quot;,&quot;title&quot;:&quot;&quot;,&quot;orientation&quot;:&quot;0&quot;}\" data-image-title=\"Recorregut circuit recorrido Cursa bombers 2015\" data-image-description=\"\" data-image-caption=\"\" data-large-file=\"https:\/\/i0.wp.com\/blogmaldito.com\/wp-content\/uploads\/2015\/03\/recorregut-circuit-recorrido-cursa-bombers-2015.png?fit=676%2C225&amp;ssl=1\" class=\"aligncenter size-full wp-image-11155\" src=\"https:\/\/i0.wp.com\/blogmaldito.com\/wp-content\/uploads\/2015\/03\/recorregut-circuit-recorrido-cursa-bombers-2015.png?resize=660%2C219&#038;ssl=1\" alt=\"Recorregut circuit recorrido Cursa bombers 2015\" width=\"660\" height=\"219\" title=\"\"><\/a><\/p>\n<h2><span style=\"color:#3366ff;\">5\/<\/span> <span style=\"color:#000000;\">\u00bfQu\u00e9 me puedes decir del nuevo circuito?<\/span><\/h2>\n<p>Antes que nada: <strong>muchas gracias a <a href=\"http:\/\/triatwall.blogspot.com.es\/\" target=\"_blank\" rel=\"noopener\">Jordi Mart\u00ed<\/a><\/strong>,<strong>\u00a0<a href=\"https:\/\/twitter.com\/Diego_Puig\/status\/595281827746701312\" target=\"_blank\" rel=\"noopener\">Diego Puig<\/a>\u00a0<\/strong>y<strong><a href=\"https:\/\/twitter.com\/Romana40\/status\/595295183257894912\" target=\"_blank\" rel=\"noopener\"> Romana<\/a>\u00a0<\/strong>por el chivatazo.<\/p>\n<p>Vamos a especular un poco con el nuevo circuito:<\/p>\n<p><strong><span style=\"color:#0000ff;\">Resumen r\u00e0pido<\/span><\/strong>: 1\u00aa parte es la <a href=\"http:\/\/blogmaldito.com\/ca\/2014\/04\/03\/cursa-dels-bombers-7-claves-del-recorrido\/\" target=\"_blank\">Cursa dels Bombers cl\u00e1sica<\/a>\u00a0(la de los \u00faltimos a\u00f1os) de Paral\u00b7lel a Ciutadella pero en sentido contrario, 2\u00aa parte es muy parecida a la <a href=\"http:\/\/blogmaldito.com\/ca\/2014\/12\/29\/consejos-expres-para-la-cursa-dels-nassos-2\/\" target=\"_blank\">Cursa dels Nassos<\/a>. Algunos datos:<\/p>\n<ul>\n<li>10 km reglamentados<\/li>\n<li>Salida y meta en ambos extremos del recorrido.<\/li>\n<li>Desnivel negativo (descenso) de 22 m<\/li>\n<li>Por lo tanto, marcas no v\u00e1lidas para rankings y r\u00e9cords oficiales.<\/li>\n<li>Menos curvas (11 en total) y todas de 90\u00ba<\/li>\n<li>Calles anchas al principio (donde hace falta principalmente)<\/li>\n<li>Tiene pinta a que ser\u00e1 m\u00e1s r\u00e1pido.<\/li>\n<\/ul>\n<p><span style=\"color:#008000;\"><strong>(posibles) Pros:<\/strong><\/span> Creo que puede ser \u00a0<strong>algo\u00a0m\u00e1s<\/strong>\u00a0<strong>r\u00e1pido y quiz\u00e1 un pel\u00edn m\u00e1s c\u00f3modo (calles m\u00e1s anchas desde el principio)<\/strong>\u00a0que el anterior en el que ya era muy dif\u00edcil poder poner un ritmo de carrera sin tener que ir frenando constantemente ante la acumulaci\u00f3n de gente, un recorrido al que ya se le ve\u00edan\u00a0las costuras. En lo de <em>algo m\u00e1s r\u00e1pido\u00a0r\u00e1pido<\/em> me refiero a que el ascenso de\u00a0<strong>Paral\u00b7lel pasa ahora a ser descenso,<\/strong> y junto a otra suave bajada en Sardenya y\u00a0la larga recta de\u00a0Diagonal Mar (suave bajada con alg\u00fan falso llano),\u00a0esos metros en negativo no acaban de se compensados\u00a0con el ascenso muy moderado de Picasso, final Marina, Meridiana y el\u00a0inicio \u00a0brusco de Bolivia. Y adem\u00e1s tenemos menos curvas respecto a la edici\u00f3n de 2014: de 15 pasamos a 11, todas ellas de 90\u00ba. Me sorprende que <strong>limiten\u00a0el n\u00famero de inscripciones a 20.000 (los \u00faltimos a\u00f1os eran m\u00e1s en carrera)<\/strong>,\u00a0ya que pod\u00edan incluir m\u00e1s gente en \u00e9l recorrido sin perder los atributos de una carrera (gran organizaci\u00f3n) que en las \u00faltimas ediciones se hab\u00edan puesto en tela de juicio. Creo que se correr\u00e1 con mucha m\u00e1s comodidad.<\/p>\n<div class=\"googlemaps\">\n\t\t\t\t<iframe loading=\"lazy\" width=\"500\" height=\"480\" frameborder=\"0\" scrolling=\"no\" marginheight=\"0\" marginwidth=\"0\"  src=\"https:\/\/www.google.com\/maps\/d\/embed?mid=z5nOTlJgh0y4.kWKRwBLllR54\"><\/iframe>\n\t\t\t<\/div>\n<p><span style=\"color:#ff0000;\"><strong>(posibles) Contras<\/strong>:<\/span> Tengo <strong>dudas de hasta qu\u00e9 punto las marcas pueden ser homologables para\u00a0rankings ni r\u00e9cords oficiales (que no significa que no nos sirva a nivel <em>popular<\/em>)<\/strong>: la distancia no tengo duda que cumplir\u00e1 con los 10 km reglamentados pero el hecho de que tenga <strong>un inicio y un final alejados<\/strong> imposibilita que se puedan homologar (las salidas y metas cercanas en su ubicaci\u00f3n evitan que puedas aprovechar el viento a favor a lo largo del todo el circuito, por eso hay una distancia m\u00e1xima que no deben rebasar). La <strong>diferencia de altura salida a meta<\/strong> (me ha chivado, <a href=\"https:\/\/twitter.com\/IsidroRunninges\/status\/595304344863539200\" target=\"_blank\" rel=\"noopener\"><strong>Isidro<\/strong> <strong>L\u00f3pez<\/strong><\/a>\u00a0-gracias- de <a href=\"http:\/\/running.es\/\" target=\"_blank\" rel=\"noopener\">Running.es<\/a> que <a href=\"https:\/\/twitter.com\/IsidroRunninges\/status\/595475200222826496\" target=\"_blank\" rel=\"noopener\">el dato oficial es <strong>22 m negativos<\/strong><\/a>, o sea, en descenso) tambi\u00e9n puede ser un factor clave en ese aspecto (gracias a <a href=\"https:\/\/twitter.com\/Pergat097\" target=\"_blank\" rel=\"noopener\"><strong>Pere Oca\u00f1a<\/strong><\/a> por la ayuda, seg\u00fan \u00e9l, que es experto en el tema, <a href=\"https:\/\/twitter.com\/Pergat097\/status\/595311452656906240\" target=\"_blank\" rel=\"noopener\">no ser\u00e1n validas las marcas para esos rankings y r\u00e9cords)<\/a>. Y ya, por \u00faltimo, esta remozada Cursa dels Bombers cierra el centro de la ciudad en un d\u00eda de tr\u00e1fico intenso, el pollo que montas va a\u00a0ser de \u00f3rdago, y no creo que le interese al Ayuntamiento liarse con esto (aunque ha tirado adelante con ello), ahora que cada d\u00eda florecen m\u00e1s las quejas por los cortes de tr\u00e1fico debido a las carreras populares.<\/p>\n<h2><span style=\"color:#3366ff;\">6\/<\/span> <span style=\"color:#000000;\">\u00bfC\u00f3mo afecta a la competencia?\u00a0<\/span><\/h2>\n<p><em>AVISO: Vuelvo a\u00a0especular en base a las mil pajas mentales que yo me hago.<\/em><\/p>\n<h3><span style=\"color:#0000ff;\">ABRIL<\/span><\/h3>\n<p><span style=\"color:#0000ff;\"><strong>A las carreras de abril les ha venido\u00a0de perlas<\/strong><\/span>, un competidor (y de los gordos) menos y un fin de semana libre para correr por la ma\u00f1ana de los que a\u00fan dan gusto (plena primavera). La <a href=\"http:\/\/blogmaldito.com\/ca\/2015\/04\/06\/consejos-expres-para-la-cursa-el-corte-ingles-2015\/\" target=\"_blank\"><strong>Cursa el Corte Ingl\u00e9s<\/strong><\/a> han incrementado el n\u00famero de participantes 8hasta los 81.000), algo que tambi\u00e9n ha sucedido con la <a href=\"http:\/\/blogmaldito.com\/ca\/2015\/04\/15\/consejos-expres-para-la-cursa-nocturna-de-lhospitalet-2015\/\" target=\"_blank\"><strong>Cursa Nocturna de l&#8217;Hospitalet<\/strong><\/a> que, junto als <a href=\"http:\/\/els10delallagosta2015.blogspot.com.es\/\" target=\"_blank\" rel=\"noopener\"><strong>10 de la Llagosta<\/strong><\/a>, se quedan como gran referencia de 10k para\u00a0probar marca personal para aquellos que tras la Marat\u00f3n se quieren probar en una distancia corta.<\/p>\n<p>A la <a href=\"http:\/\/www.lacursaderac1.cat\/es\/\" target=\"_blank\" rel=\"noopener\"><strong>Cursa Rac1<\/strong><\/a>\u00a0ya le iba a ir bien por todo el aparato medi\u00e1tico que tiene detr\u00e1s (han volado las 5.000 inscripciones); en lo \u00fanico que le hubiese afectado ser\u00eda en la rapidez en agotarse las inscripciones. La segunda edici\u00f3n de la <a href=\"http:\/\/blogmaldito.com\/ca\/2015\/04\/16\/consejos-expres-para-la-salomon-run-barcelona\/\" target=\"_blank\"><strong>Salomon Run Barcelona<\/strong><\/a>\u00a0se ha saldado\u00a0con un \u00e9xito de participaci\u00f3n\u00a0y juega, en parte, en otra liga, aunque es cierto que lo hubiera tenido m\u00e1s dif\u00edcil con Bombers a la vuelta de la esquina (pasan de 800 inscritos de la primera edici\u00f3n a 1.600 de esta 2015; tambi\u00e9n ha ayudado mucho una fuerte campa\u00f1a de promoci\u00f3n comprando hasta la portada de un semanario local). En general, ha habido un\u00a0aumento de participantes en todas las carreras de Barcelona y cercan\u00edas que se celebren en las fechas aproximadas que se hac\u00eda la antigua Bombers.<\/p>\n<h3><span style=\"color:#0000ff;\">MAYO<\/span><\/h3>\n<p>Tiene toda la pinta que <span style=\"color:#0000ff;\"><strong>a las carreras de final de mes de mayo no les condicionar\u00e1\u00a0<\/strong><\/span>la nueva fecha de Bombers. Hubiera sido mucho m\u00e1s dram\u00e1tico para ellas si, como apuntaban los rumores en un principio, la carrera gestionada por Nike se hubiera instalado el primer fin de semana de junio.<\/p>\n<p>La <a href=\"http:\/\/www.dir.cat\/cursa-barcelona\/home.aspx\" target=\"_blank\" rel=\"noopener\"><strong>Cursa Dir- Gu\u00e0rdia Urbana<\/strong><\/a> que a principios de a\u00f1o volv\u00eda a su fecha inicial del \u00faltimo fin de semana de mayo tras una amarga segunda edici\u00f3n (descenso considerable de participaci\u00f3n) pod\u00eda ver\u00a0frenado ese <em>resurgimiento<\/em>\u00a0si el nuevo formato de Bombers (con un desarrollo de recorrer de punta a punta la ciudad muy semejante a \u00e9sta) hubiese decidido ubicarse el fin de semana siguiente; al final no es as\u00ed y se libra de su onda expansiva).\u00a0La <a href=\"http:\/\/www.cxcursadeltaprat.org\/\" target=\"_blank\" rel=\"noopener\"><strong>Cursa Delta Prat<\/strong><\/a>\u00a0se celebra el mismo d\u00eda que la Dir &#8211; Gu\u00e0rdia Urbana\u00a0y ya cumple expectativas con unos cientos de\u00a0corredores, que adem\u00e1s los tiene y fieles, un p\u00fablico que m\u00e1s all\u00e1 de los locales suele ser aquel corredor medio que suele repetir casi cada fin de semana en alguna prueba atl\u00e9tica popular; no deber\u00eda verse afectada.<\/p>\n<h3><span style=\"color:#0000ff;\">JUNIO<\/span><\/h3>\n<p>En cambio, <span style=\"color:#0000ff;\"><strong>en junio supone una escabechina<\/strong><\/span>\u00a0ya que implica un cambio de fechas de todas aquellas de rango medio\/grande de similares caracter\u00edsticas si no quieren verse engullidas por el fen\u00f3meno Bombers y su brutal campa\u00f1a de publicidad que ensombrece al resto de pruebas populares.<\/p>\n<p>Vamos con algunos de los casos m\u00e1s llamativos: La <a href=\"http:\/\/www.lamaquinista.com\/W\/do\/centre\/cursaintegraciolamaquinista\" target=\"_blank\" rel=\"noopener\"><strong>Cursa La Maquinista<\/strong><\/a> que ha saltado al <strong>28 de junio<\/strong> cuando su fecha inicial era el 7 de junio (principios de mes ha sido su fecha m\u00e1s habitual) ante el temor de que ese fin de semana fuese el elegido por Nike para su carrera. Ahora coincidir\u00e1 con la segunda edici\u00f3n de <a href=\"http:\/\/transplantrun.com\/\" target=\"_blank\" rel=\"noopener\"><strong>The Trasplan Run<\/strong><\/a>, una carrera solidaria que se celebra en el F\u00f3rum.<\/p>\n<p>La <strong><a href=\"http:\/\/www.lasansi.com\/es\/vila-olimpica\" target=\"_blank\" rel=\"noopener\">Cursa Vila Ol\u00edmpica<\/a><\/strong> tambi\u00e9n se ha visto condicionada por el baile de fechas, y si en la anterior edici\u00f3n ya se comentaba un hipot\u00e9tico adelanto a mayo para combatir el calor (cae casi siempre a finales de junio) al final ha estado bailando entre tres fechas diferentes que van de finales de \u00a0junio a principios de julio para acabar por confirmarse el <strong>12 de julio<\/strong> (dos semanas despu\u00e9s de lo que normalmente le tocar\u00eda).<\/p>\n<p>La <strong><a href=\"http:\/\/www.endimoniada.org\/\" target=\"_blank\" rel=\"noopener\">Endimoniada<\/a> este a\u00f1o cae el segundo fin\u00a0de semana de junio<\/strong> (en 2014 se celebr\u00f3 el primer s\u00e1bado de ese mes), una prueba a la que no le afecta en absoluto lo que haga o deje de hacer Bombers: son p\u00fablicos diferentes y suele colgar el cartel de agotado a los pocos d\u00edas de abrirse las inscripciones.<\/p>\n<p>Luego est\u00e1n todas las que han decidido mantenerse en sus trece y no cambiar la fecha (7 de junio) porque haya otra que m\u00e1s o menos les <em>invite<\/em> a hacerlo. Algunas\u00a0son de corte solidario (entre ellas la<a href=\"http:\/\/entretotsperlasalutmental.blogspot.com.es\/\" target=\"_blank\" rel=\"noopener\"><strong> Cursa Solid\u00e0ria de Martorell<\/strong><\/a> \u00a0o la <a href=\"http:\/\/afne.org\/afne-cooperacio\/3a-cursa-solidaria-afne\/\" target=\"_blank\" rel=\"noopener\"><strong>Cursa solid\u00e0ria AFNE<\/strong><\/a>) a las que hay que sumar la segunda edici\u00f3n de <strong><a href=\"http:\/\/www.ladiablada.cat\/\" target=\"_blank\" rel=\"noopener\">La Diablada<\/a><\/strong>, una nueva edici\u00f3n de los <a href=\"http:\/\/fondistes-pepa.org\/Cursa2015Nueva\/ca\/index.html\" target=\"_blank\" rel=\"noopener\"><strong>10 de Santa<\/strong><\/a>\u00a0y un nuevo 5k en Sant Mart\u00ed, la <a href=\"http:\/\/www.cursabesosmaresme.com\/?v=portada\" target=\"_blank\" rel=\"noopener\"><strong>Cursa Bes\u00f3s- Maresme<\/strong><\/a>.\u00a0\u00a0La mayor\u00eda de ellas esperaban\u00a0capear el temporal de la mejor manera posible, o sea, cruzando los dedos para que las bondades de los que la han catado anteriormente y el boca a boca sean una garant\u00eda para que los corredores se sumen a sus propuestas. La suerte al final ha estado de su parte y la cursa dels Bombers finalmente no se ubicar\u00e1 en su fin de semana sino en el siguiente.<\/p>\n<p><strong>\u00bfA cu\u00e1l creo que va a afectar enormemente?<\/strong>\u00a0Pues a una prueba\u00a0<em>agendada<\/em> ese mismo fin de semana que se puede ver seriamente afectada ya que Bombers imita una de sus principales caracter\u00edsticas distintivas (ser nocturna): es el caso de la <a href=\"http:\/\/cursadelportdebarcelona.com\/\" target=\"_blank\" rel=\"noopener\"><strong>Cursa del Port de Barcelona<\/strong><\/a>. Curiosamente, ya\u00a0tuvo que lidiar \u00a0con una situaci\u00f3n parecida en su primera edici\u00f3n: la, por ahora, \u00fanica edici\u00f3n de la Desigual Night Run se fech\u00f3 un d\u00eda antes de\u00a0la Cursa de El Port cuando \u00e9sta ya hab\u00eda abierto inscripciones, todo para conseguir el falso titular de \u00abla primera nocturna de la ciudad\u00bb&#8230; Cosas de las grandes marcas y el nulo respeto. No le fue mal, los primeros agotaron inscripciones y los que no pudieron apuntarse al final acabaron en la de El Port con 2.000 inscritos. Personalmente, \u00e9sta vez lo veo mucho m\u00e1s crudo (ojal\u00e1 me equivoque) que se de\u00a0este trasvase de potenciales corredores: Bombers dispondr\u00e1 de 20.000 \u00a0plazas (por lo tanto ser\u00e1n menos que en 2012, 2013 y 2014) para su carrera en lugar de las 5.000 de aquella carrera de los chicos de Desigual. Tambi\u00e9n puede verse afectada (aunuqe creo que en menor medida ya que es una carrera m\u00e1s peque\u00f1a y con un p\u00fablico fiel que, como en Delta Prat, no le cuesta repetir de un d\u00eda a otro) es <a href=\"http:\/\/www.cvg.cat\/cursa\/\" target=\"_blank\" rel=\"noopener\"><span style=\"color:#0000ff;\"><strong>Els 10 Blaus de Gr\u00e0cia<\/strong><\/span><\/a>, fechada el 12 de junio.<\/p>\n<p>Y para finalizar est\u00e1n aquellas que pueden quedarse en rumor, globo sonda o proyecto fantasma: el intento de resucitar la fallida <a href=\"http:\/\/runtheparty.com\/\" target=\"_blank\" rel=\"noopener\"><strong>Mango Run The Party<\/strong><\/a> y una posible segunda edici\u00f3n de la <a href=\"http:\/\/blogmaldito.com\/ca\/2013\/06\/22\/a-examen-barcelona-desigual-night-run\/\" target=\"_blank\"><strong>Desigual Night Run<\/strong><\/a>, pruebas que lo pueden tener crudo si la fecha en la que desean\u00a0celebrarse es muy cercana a Bombers. Para ellas lo mejor es que tiren ya para julio.<\/p>\n<h2><span style=\"color:#3366ff;\">7\/<\/span> <span style=\"color:#000000;\">\u00bfQu\u00e9 pasa con la Challenge BCN 10k?\u00a0<\/span><\/h2>\n<p>Pues que a causa del cambio de fecha de Bombers, <span style=\"color:#0000ff;\"><strong>la Maquinista tiene que saltar a finales de junio<\/strong><\/span>, en plena can\u00edcula, y eso es un flaco favor a una prueba que se ha comido con patatas el capricho de Nike. Para los corredores, a d\u00eda de hoy no deber\u00eda resultar excesivamente molesto el baile de fechas porque a\u00fan quedan dos meses (aunque se hubiera agradecido anunciarla con m\u00e1s tiempo de antelaci\u00f3n y sin tanto mamoneo; hasta hace nada\u00a0me encontraba gente que me\u00a0preguntaba el d\u00eda del mes de abril en el que se iba\u00a0a disputar). Y esto ya a t\u00edtulo personal: lo que s\u00ed me parece destacable es que ha habido cierta\u00a0falta de respeto con los corredores que disputan esa liga (que, record\u00e9moslo, son los que dan vida a este tipo de eventos) el anunciar un calendario y modificarlo por el capricho de uno de sus integrantes. Por cierto, otros que se han visto afectados por el cambio de fecha de Bombers son la gente de &#8216;Corrent fem Bar\u00e7a&#8217;.<\/p>\n<h2><span style=\"color:#3366ff;\">8\/<\/span> <span style=\"color:#000000;\">\u00bfSiendo entre vespertina y nocturna se corre mejor o peor?<\/span><\/h2>\n<p><span style=\"color:#0000ff;\"><strong>Se corre igual: con dos piernas<\/strong><\/span> (o con lo que puedas) pero es cierto que aqu\u00ed los bioritmos de cada corredor y los h\u00e1bitos de entrenamiento (estar m\u00e1s acostumbrado a exprimirse por la ma\u00f1ana o por la noche) condicionan su rendimiento f\u00edsico.<\/p>\n<h2><span style=\"color:#3366ff;\">9\/<\/span>\u00a0<span style=\"color:#000000;\">Haz de pitoniso: \u00bfcrees que les va a funcionar?\u00a0<\/span><\/h2>\n<p><strong>Creo que lo van a petar.<\/strong> As\u00ed, sin m\u00e1s. Es Nike, si algo tienen por la mano los de Oregon es el marketing y el enterrar los probables <em>peros<\/em> en toneladas de razones que van desde la buena organizaci\u00f3n (\u00faltimamente tocada por el aumento de corredores en un circuito que no daba para m\u00e1s) a la promesa de una experiencia \u00fanica. Les ha funcionado hasta hace bien poco y no veo ning\u00fan motivo para que no les vaya bien ahora (incluso dir\u00eda que mejor).<\/p>\n<h2><span style=\"color:#3366ff;\">10\/<\/span>\u00a0L<span style=\"color:#000000;\">as inscripciones, \u00bfcu\u00e1ndo\u00a0y a qu\u00e9 precio?<\/span><\/h2>\n<p><span style=\"color:#0000ff;\"><span style=\"color:#333333;\"><a href=\"https:\/\/www.nike.com\/events-registration\/event?id=8688&amp;languageLocale=es_es\" target=\"_blank\" rel=\"noopener\"><strong>Las inscripciones ya est\u00e1n abiertas<\/strong><\/a> desde el<\/span><strong>\u00a05 de mayo<\/strong><\/span>&#8230; y tienes que estar <span style=\"color:#0000ff;\"><strong><a style=\"color:#0000ff;\" href=\"https:\/\/www.nike.com\/events-registration\/event?id=8688&amp;languageLocale=es_es\" target=\"_blank\" rel=\"noopener\">dado de alta en la web de Nike<\/a><\/strong><\/span>. El precio:<\/p>\n<ul>\n<li>Con chip amarillo: 20 euros<\/li>\n<li>Sin chip amarillo: 21 euros<\/li>\n<\/ul>\n<p><a href=\"https:\/\/i0.wp.com\/blogmaldito.com\/wp-content\/uploads\/2015\/03\/11202944_1156169307742593_8082567277228198927_o.jpg?ssl=1\"><img data-recalc-dims=\"1\" loading=\"lazy\" decoding=\"async\" class=\"alignright size-medium wp-image-11334\" src=\"https:\/\/i0.wp.com\/blogmaldito.com\/wp-content\/uploads\/2015\/03\/11202944_1156169307742593_8082567277228198927_o.jpg?resize=300%2C230&#038;ssl=1\" alt=\"11202944_1156169307742593_8082567277228198927_o\" width=\"300\" height=\"230\" title=\"\"><\/a>Y un <strong>extra de <\/strong>3 euros si quieres un guardarropa<strong>s especial<\/strong> que te lleven la mochila de la salida a la meta. <strong>La <span style=\"color:#0000ff;\">alternativa es dejar el jueves y el viernes hasta las 19.00 la mochila en la zona F\u00f2rum<\/span><\/strong> (meta), ah\u00ed te sale gratis. Justamente uno de los servicios que mejor funcionaba hist\u00f3ricamente en Bombers (yo no he parado de elogiarlo) era el del guardarropas; con este cambio forzado por el nuevo recorrido creo que <em>a priori s<\/em>upone un paso atr\u00e1s: para mantener la excelencia debes pagar, si lo quieres gratis te toca hacer viajes de ida y vuelta.<\/p>\n<p>Ah, aqu\u00ed tienes la <a href=\"https:\/\/www.facebook.com\/nikerunningspain\/photos\/a.170271822999018.45639.162390200453847\/1156169307742593\/?type=1&amp;theater\" target=\"_blank\" rel=\"noopener\"><strong>camiseta de este a\u00f1o de la Cursa dels Bombers<\/strong><\/a> (tirantes).<\/p>\n<h2><span style=\"color:#3366ff;\">EXTRA\/<\/span><span style=\"color:#000000;\">\u00a0\u00bfVolver\u00e1s a darnos la brasa con tus briconsejos?<\/span><\/h2>\n<p><span style=\"color:#0000ff;\"><strong>POR SUPUESTO.\u00a0<\/strong><\/span><\/p>\n<hr \/>\n<h2><span style=\"color:#993366;\">Informaci\u00f3n oficial y reglamento de la Cursa dels Bombers 2015<\/span><\/h2>\n<div data-configid=\"8752156\/12656033\" style=\"width: 676px; height: 478px;\" class=\"issuuembed\"><\/div>\n<p><script type=\"text\/javascript\" src=\"\/\/e.issuu.com\/embed.js\" async=\"true\"><\/script><\/p>\n<h2><span style=\"color:#993366;\"><strong>El v\u00eddeo de presentaci\u00f3n<\/strong><\/span><\/h2>\n<p>De la mano de\u00a0<a href=\"http:\/\/www.revistarunonline.com\/rro-actualidad\/news\/nike-apuesta-por-renovar-el-running-barcelones\" target=\"_blank\" rel=\"noopener\"><strong>RunOnline<\/strong><\/a>.<\/p>\n<div class=\"jetpack-video-wrapper\"><span class=\"embed-youtube\" style=\"text-align:center; display: block;\"><iframe loading=\"lazy\" class=\"youtube-player\" width=\"676\" height=\"381\" src=\"https:\/\/www.youtube.com\/embed\/4O0QgJJH0h0?version=3&#038;rel=1&#038;showsearch=0&#038;showinfo=1&#038;iv_load_policy=1&#038;fs=1&#038;hl=ca&#038;autohide=2&#038;wmode=transparent\" allowfullscreen=\"true\" style=\"border:0;\" sandbox=\"allow-scripts allow-same-origin allow-popups allow-presentation allow-popups-to-escape-sandbox\"><\/iframe><\/span><\/div>\n<h2><span style=\"color:#993366;\">La gran pregunta<\/span><\/h2>\n<h4><span style=\"color:#000000;\"><strong>\u00bfQu\u00e9 os parece la nueva Cursa dels Bombers?<\/strong><\/span><\/h4>\n<p>*Perdonad todas las erratas y trozos sin editar: curro, hobby y \u00faltimas horas a veces se dan de hostias.<\/p>","protected":false},"excerpt":{"rendered":"<p>Pues s\u00ed, tras decenas de especulaciones (la que hizo saltar la liebre\u00a0con una fuente fidedigna fue la Bolsa del Corredor) por fin ha ense\u00f1ado (algo) la pata una remozada Cursa dels Bombers\u00a0que confirma lo que era un secreto a voces: va a poner patas arriba una de las carreras m\u00e1s miticas de Barcelona\u00a0para insuflarle\u00a0energ\u00edas a &hellip; <a href=\"https:\/\/blogmaldito.com\/ca\/2015\/03\/26\/la-nueva-cursa-dels-bombers-2015-en-10-preguntas-cursabombers2015\/\" class=\"more-link\">Continua la lectura de <span class=\"screen-reader-text\">La nueva Cursa dels Bombers 2015 en 10 preguntas<\/span><\/a><\/p>","protected":false},"author":5492619,"featured_media":0,"comment_status":"open","ping_status":"open","sticky":false,"template":"","format":"standard","meta":{"_jetpack_newsletter_access":"","_jetpack_dont_email_post_to_subs":false,"_jetpack_newsletter_tier_id":0,"_jetpack_memberships_contains_paywalled_content":false,"_wpcom_ai_launchpad_first_post":false,"_jetpack_feature_clip_id":0,"_jetpack_memberships_contains_paid_content":false,"footnotes":"","jetpack_publicize_message":"La nueva Cursa dels Bombers en 10 preguntas","jetpack_publicize_feature_enabled":true,"jetpack_social_post_already_shared":false,"jetpack_social_options":{"image_generator_settings":{"template":"highway","default_image_id":0,"font":"","enabled":false},"version":2},"jetpack_post_was_ever_published":false},"categories":[1709814],"tags":[340387459,131754628,13949,342318436,357113034,320800260,342318439,352365063,317485443,342318443,83515235],"class_list":["post-10714","post","type-post","status-publish","format-standard","hentry","category-las-claves","tag-werunbarcelona","tag-werunbcn","tag-barcelona","tag-bombers-2015","tag-camiseta-cursa-dels-bombers-2015","tag-cursa-bombers-2015","tag-cursa-dels-bombers-2015","tag-inscripciones-cursa-dels-bombers","tag-las-claves-2","tag-recorrido-cursa-dels-bombers","tag-we-run-barcelona","has-post-thumbnail","fallback-thumbnail"],"jetpack_publicize_connections":[],"jetpack_likes_enabled":false,"jetpack_sharing_enabled":true,"jetpack_shortlink":"https:\/\/wp.me\/pNuBu-2MO","jetpack-related-posts":[{"id":106043,"url":"https:\/\/blogmaldito.com\/ca\/2026\/07\/30\/guia-cursa-bombers-inscripciones-novedades\/","url_meta":{"origin":10714,"position":0},"title":"Gu\u00eda Cursa Bombers: fecha, novedades, recorrido e inscripciones","author":"David Blogmaldito","date":"juliol 30, 2026","format":false,"excerpt":"Entrada actualizada el 30 de julio con la apertura de inscripciones, enlaces y m\u00e1s novedades Si no vuelve a haber cambios de \u00faltima hora, el 31 de julio se abrir\u00e1n inscripciones de una Cursa Bombers 2026\u00a0 que trae consigo la gran novedad, entre las varias que habr\u00e1n,\u00a0 es que la\u2026","rel":"","context":"A &quot;Gu\u00edas de carreras&quot;","block_context":{"text":"Gu\u00edas de carreras","link":"https:\/\/blogmaldito.com\/ca\/category\/consejos-expres\/"},"img":{"alt_text":"guia-cursa-bombers-barcelona-inscripciones-consejos-recorrido-fecha","src":"https:\/\/i0.wp.com\/blogmaldito.com\/wp-content\/uploads\/2026\/06\/00-CURSA-BOMBERS-INSCRIPCION-NOVEDADES-GUIA-CIRCUITO-RECORRIDO-CONSEJOS-FOTOS-CLASIFICACION-HORARIOS-DORSAL.jpg?fit=1200%2C675&ssl=1&resize=350%2C200","width":350,"height":200,"srcset":"https:\/\/i0.wp.com\/blogmaldito.com\/wp-content\/uploads\/2026\/06\/00-CURSA-BOMBERS-INSCRIPCION-NOVEDADES-GUIA-CIRCUITO-RECORRIDO-CONSEJOS-FOTOS-CLASIFICACION-HORARIOS-DORSAL.jpg?fit=1200%2C675&ssl=1&resize=350%2C200 1x, https:\/\/i0.wp.com\/blogmaldito.com\/wp-content\/uploads\/2026\/06\/00-CURSA-BOMBERS-INSCRIPCION-NOVEDADES-GUIA-CIRCUITO-RECORRIDO-CONSEJOS-FOTOS-CLASIFICACION-HORARIOS-DORSAL.jpg?fit=1200%2C675&ssl=1&resize=525%2C300 1.5x, https:\/\/i0.wp.com\/blogmaldito.com\/wp-content\/uploads\/2026\/06\/00-CURSA-BOMBERS-INSCRIPCION-NOVEDADES-GUIA-CIRCUITO-RECORRIDO-CONSEJOS-FOTOS-CLASIFICACION-HORARIOS-DORSAL.jpg?fit=1200%2C675&ssl=1&resize=700%2C400 2x, https:\/\/i0.wp.com\/blogmaldito.com\/wp-content\/uploads\/2026\/06\/00-CURSA-BOMBERS-INSCRIPCION-NOVEDADES-GUIA-CIRCUITO-RECORRIDO-CONSEJOS-FOTOS-CLASIFICACION-HORARIOS-DORSAL.jpg?fit=1200%2C675&ssl=1&resize=1050%2C600 3x"},"classes":[]},{"id":11445,"url":"https:\/\/blogmaldito.com\/ca\/2015\/06\/02\/en-1-minuto-el-circuito-de-la-cursa-dels-bombers\/","url_meta":{"origin":10714,"position":1},"title":"En 1 minuto: El circuito de la Cursa dels Bombers","author":"David Blogmaldito","date":"juny 2, 2015","format":false,"excerpt":"http:\/\/www.youtube.com\/watch?v=msEAnZWB5cU Ahora que por fin me he agenciado un buen plano de Barcelona comienzo una nueva subsecci\u00f3n en el que intentar\u00e9 trasladar La Chuleta de\u00a0todas carreras de\u00a0la ciudad a un v\u00eddeo corto donde ir\u00e1 todo explicado mientras se va desarrollando el recorrido. Y he elegido para el debut un circuito\u2026","rel":"","context":"A &quot;En 1 minuto&quot;","block_context":{"text":"En 1 minuto","link":"https:\/\/blogmaldito.com\/ca\/category\/en-1-minuto\/"},"img":{"alt_text":"","src":"https:\/\/i0.wp.com\/img.youtube.com\/vi\/msEAnZWB5cU\/0.jpg?resize=350%2C200","width":350,"height":200},"classes":[]},{"id":102450,"url":"https:\/\/blogmaldito.com\/ca\/2026\/06\/02\/novedades-y-recomendaciones-de-las-carreras-de-barcelona-y-catalunya-para-lo-que-queda-de-2026-y-algo-de-2027\/","url_meta":{"origin":10714,"position":2},"title":"Novedades y recomendaciones de carreras de Barcelona y Catalunya en 2026 (y de cara a 2027)","author":"David Blogmaldito","date":"juny 2, 2026","format":false,"excerpt":"Actualizado el 2 de julio con novedades sobre Cursa Bombers, cambios de fechas y algunas nuevas carreras Es tal la locura que se est\u00e1 viviendo con el actual boom del running que, continuamente, he de ir lanzando y actualizando otro art\u00edculo sobre las novedades de las carreras de Barcelona y\u2026","rel":"","context":"A &quot;Running&quot;","block_context":{"text":"Running","link":"https:\/\/blogmaldito.com\/ca\/category\/running\/"},"img":{"alt_text":"Calendario carreras barcelona catalu\u00f1a","src":"https:\/\/i0.wp.com\/blogmaldito.com\/wp-content\/uploads\/2026\/04\/00-NOVEDADES-CARRERAS-CALENDARIO-BARCELONA-CATALUNA-2026-OK.jpg?fit=1200%2C675&ssl=1&resize=350%2C200","width":350,"height":200,"srcset":"https:\/\/i0.wp.com\/blogmaldito.com\/wp-content\/uploads\/2026\/04\/00-NOVEDADES-CARRERAS-CALENDARIO-BARCELONA-CATALUNA-2026-OK.jpg?fit=1200%2C675&ssl=1&resize=350%2C200 1x, https:\/\/i0.wp.com\/blogmaldito.com\/wp-content\/uploads\/2026\/04\/00-NOVEDADES-CARRERAS-CALENDARIO-BARCELONA-CATALUNA-2026-OK.jpg?fit=1200%2C675&ssl=1&resize=525%2C300 1.5x, https:\/\/i0.wp.com\/blogmaldito.com\/wp-content\/uploads\/2026\/04\/00-NOVEDADES-CARRERAS-CALENDARIO-BARCELONA-CATALUNA-2026-OK.jpg?fit=1200%2C675&ssl=1&resize=700%2C400 2x, https:\/\/i0.wp.com\/blogmaldito.com\/wp-content\/uploads\/2026\/04\/00-NOVEDADES-CARRERAS-CALENDARIO-BARCELONA-CATALUNA-2026-OK.jpg?fit=1200%2C675&ssl=1&resize=1050%2C600 3x"},"classes":[]},{"id":11353,"url":"https:\/\/blogmaldito.com\/ca\/2015\/05\/27\/10-claves-del-recorrido-de-la-cursa-dels-bombers-2015-werunbcn\/","url_meta":{"origin":10714,"position":3},"title":"10 claves del recorrido de la Cursa dels Bombers 2015","author":"David Blogmaldito","date":"maig 27, 2015","format":false,"excerpt":"Nueva f\u00f3rmula, nueva fecha y horario, nuevo precio... y un nuevo circuito para una\u00a0Cursa dels Bombers\u00a0(o #WeRunBCN, que viene a ser ya el nombre que m\u00e1s interesa destacar) que en esta ocasi\u00f3n\u00a0abre en canal\u00a0el centro\u00a0de Barcelona en un trayecto que se promociona como rapid\u00edsim0 y que acabamos de testear hace\u2026","rel":"","context":"A &quot;Gu\u00edas de carreras&quot;","block_context":{"text":"Gu\u00edas de carreras","link":"https:\/\/blogmaldito.com\/ca\/category\/consejos-expres\/"},"img":{"alt_text":"Consejos Expr\u00e9s BOMBERS 2015","src":"https:\/\/i0.wp.com\/blogmaldito.com\/wp-content\/uploads\/2015\/05\/consejos-exprc3a9s-bombers-2015.jpg?resize=350%2C200&ssl=1","width":350,"height":200},"classes":[]},{"id":16242,"url":"https:\/\/blogmaldito.com\/ca\/2016\/02\/26\/especulemos-de-nuevo-asi-me-gustaria-la-cursa-dels-bombers-y-asi-afectara-al-resto-de-carreras\/","url_meta":{"origin":10714,"position":4},"title":"Especulemos de nuevo: As\u00ed me gustar\u00eda que fuera la Cursa dels Bombers (y as\u00ed afectar\u00eda al resto de carreras)","author":"David Blogmaldito","date":"febrer 26, 2016","format":false,"excerpt":"ACTUALIZACI\u00d3N: Ya est\u00e1 confirmada y abiertas las inscripciones. Aqu\u00ed tienes toda la informaci\u00f3n sobre la Nueva Cursa dels Bombers 2016. Era un secreto a voces y ha sido confirmado de la mano de La Bolsa del Corredor: Bombers y\u00a0Nike rompen su alianza y los primeros se encargar\u00e1n de llevar adelante\u2026","rel":"","context":"A &quot;Cursa dels Bombers&quot;","block_context":{"text":"Cursa dels Bombers","link":"https:\/\/blogmaldito.com\/ca\/category\/cursa-dels-bombers\/"},"img":{"alt_text":"","src":"https:\/\/i0.wp.com\/blogmaldito.com\/wp-content\/uploads\/2016\/02\/cursa-dels-bombers.jpg?fit=500%2C318&ssl=1&resize=350%2C200","width":350,"height":200},"classes":[]},{"id":11770,"url":"https:\/\/blogmaldito.com\/ca\/2015\/07\/06\/especulemos-que-cursa-dels-bombers-prefieres\/","url_meta":{"origin":10714,"position":5},"title":"Especulemos: \u00bfQu\u00e9 Cursa dels Bombers prefieres?","author":"David Blogmaldito","date":"juliol 6, 2015","format":false,"excerpt":"Ha pasado ya casi un mes desde el #BombersGate y ya con los \u00e1nimos algo menos caldeados se me ha ocurrido especular que es lo que nos podr\u00eda deparar una futura edici\u00f3n de la Cursa dels Bombers. Cinco posibles escenarios\u00a0para charlar y discutir con todos vosotros (ah\u00ed ten\u00e9is la secci\u00f3n\u2026","rel":"","context":"A &quot;Running&quot;","block_context":{"text":"Running","link":"https:\/\/blogmaldito.com\/ca\/category\/running\/"},"img":{"alt_text":"","src":"https:\/\/i0.wp.com\/blogmaldito.com\/wp-content\/uploads\/2015\/07\/cursa-bombers-2016.jpg?resize=350%2C200&ssl=1","width":350,"height":200,"srcset":"https:\/\/i0.wp.com\/blogmaldito.com\/wp-content\/uploads\/2015\/07\/cursa-bombers-2016.jpg?resize=350%2C200&ssl=1 1x, https:\/\/i0.wp.com\/blogmaldito.com\/wp-content\/uploads\/2015\/07\/cursa-bombers-2016.jpg?resize=525%2C300&ssl=1 1.5x, https:\/\/i0.wp.com\/blogmaldito.com\/wp-content\/uploads\/2015\/07\/cursa-bombers-2016.jpg?resize=700%2C400&ssl=1 2x"},"classes":[]}],"jetpack_featured_media_url":"","rttpg_featured_image_url":null,"rttpg_author":{"display_name":"David Blogmaldito","author_link":"https:\/\/blogmaldito.com\/ca\/author\/dabit\/"},"rttpg_comment":57,"rttpg_category":"<a href=\"https:\/\/blogmaldito.com\/ca\/category\/las-claves\/\" rel=\"category tag\">Las claves<\/a>","rttpg_excerpt":"Pues s\u00ed, tras decenas de especulaciones (la que hizo saltar la liebre\u00a0con una fuente fidedigna fue la Bolsa del Corredor) por fin ha ense\u00f1ado (algo) la pata una remozada Cursa dels Bombers\u00a0que confirma lo que era un secreto a voces: va a poner patas arriba una de las carreras m\u00e1s miticas de Barcelona\u00a0para insuflarle\u00a0energ\u00edas a&hellip;","_links":{"self":[{"href":"https:\/\/blogmaldito.com\/ca\/wp-json\/wp\/v2\/posts\/10714","targetHints":{"allow":["GET"]}}],"collection":[{"href":"https:\/\/blogmaldito.com\/ca\/wp-json\/wp\/v2\/posts"}],"about":[{"href":"https:\/\/blogmaldito.com\/ca\/wp-json\/wp\/v2\/types\/post"}],"author":[{"embeddable":true,"href":"https:\/\/blogmaldito.com\/ca\/wp-json\/wp\/v2\/users\/5492619"}],"replies":[{"embeddable":true,"href":"https:\/\/blogmaldito.com\/ca\/wp-json\/wp\/v2\/comments?post=10714"}],"version-history":[{"count":26,"href":"https:\/\/blogmaldito.com\/ca\/wp-json\/wp\/v2\/posts\/10714\/revisions"}],"predecessor-version":[{"id":11453,"href":"https:\/\/blogmaldito.com\/ca\/wp-json\/wp\/v2\/posts\/10714\/revisions\/11453"}],"wp:attachment":[{"href":"https:\/\/blogmaldito.com\/ca\/wp-json\/wp\/v2\/media?parent=10714"}],"wp:term":[{"taxonomy":"category","embeddable":true,"href":"https:\/\/blogmaldito.com\/ca\/wp-json\/wp\/v2\/categories?post=10714"},{"taxonomy":"post_tag","embeddable":true,"href":"https:\/\/blogmaldito.com\/ca\/wp-json\/wp\/v2\/tags?post=10714"}],"curies":[{"name":"wp","href":"https:\/\/api.w.org\/{rel}","templated":true}]}}