{"id":102444,"date":"2026-08-31T06:00:26","date_gmt":"2026-08-31T04:00:26","guid":{"rendered":"https:\/\/blogmaldito.com\/?p=102444"},"modified":"2026-08-31T14:45:15","modified_gmt":"2026-08-31T12:45:15","slug":"calendario-medio-maraton-21k-espana","status":"publish","type":"post","link":"https:\/\/blogmaldito.com\/ca\/2026\/08\/31\/calendario-medio-maraton-21k-espana\/","title":{"rendered":"Calendario Medio Marat\u00f3n 21k Espa\u00f1a"},"content":{"rendered":"<p><a href=\"https:\/\/blogmaldito.com\/ca\/2026\/08\/31\/calendario-medio-maraton-21k-espana\/00-mapa-calendario-carreras-espana-medio-maraton-21k-2\/\" rel=\"attachment wp-att-108340\"><img data-recalc-dims=\"1\" loading=\"lazy\" decoding=\"async\" data-attachment-id=\"108340\" data-permalink=\"https:\/\/blogmaldito.com\/ca\/2026\/08\/31\/calendario-medio-maraton-21k-espana\/00-mapa-calendario-carreras-espana-medio-maraton-21k-2\/\" data-orig-file=\"https:\/\/i0.wp.com\/blogmaldito.com\/wp-content\/uploads\/2026\/08\/00-MAPA-CALENDARIO-CARRERAS-ESPANA-MEDIO-MARATON-21K-1.jpg?fit=3413%2C1920&amp;ssl=1\" data-orig-size=\"3413,1920\" data-comments-opened=\"1\" data-image-meta=\"{&quot;aperture&quot;:&quot;0&quot;,&quot;credit&quot;:&quot;&quot;,&quot;camera&quot;:&quot;&quot;,&quot;caption&quot;:&quot;&quot;,&quot;created_timestamp&quot;:&quot;0&quot;,&quot;copyright&quot;:&quot;&quot;,&quot;focal_length&quot;:&quot;0&quot;,&quot;iso&quot;:&quot;0&quot;,&quot;shutter_speed&quot;:&quot;0&quot;,&quot;title&quot;:&quot;&quot;,&quot;orientation&quot;:&quot;0&quot;,&quot;alt&quot;:&quot;&quot;}\" data-image-title=\"00-MAPA-CALENDARIO-CARRERAS-ESPANA-MEDIO-MARATON-21K\" data-image-description=\"\" data-image-caption=\"\" data-large-file=\"https:\/\/i0.wp.com\/blogmaldito.com\/wp-content\/uploads\/2026\/08\/00-MAPA-CALENDARIO-CARRERAS-ESPANA-MEDIO-MARATON-21K-1.jpg?fit=676%2C380&amp;ssl=1\" class=\"aligncenter size-full wp-image-108340\" src=\"https:\/\/i0.wp.com\/blogmaldito.com\/wp-content\/uploads\/2026\/08\/00-MAPA-CALENDARIO-CARRERAS-ESPANA-MEDIO-MARATON-21K-1.jpg?resize=676%2C380&#038;ssl=1\" alt=\"calendario-medio-maraton-21k-espana-mapa\" width=\"676\" height=\"380\" title=\"\" srcset=\"https:\/\/i0.wp.com\/blogmaldito.com\/wp-content\/uploads\/2026\/08\/00-MAPA-CALENDARIO-CARRERAS-ESPANA-MEDIO-MARATON-21K-1.jpg?w=3413&amp;ssl=1 3413w, https:\/\/i0.wp.com\/blogmaldito.com\/wp-content\/uploads\/2026\/08\/00-MAPA-CALENDARIO-CARRERAS-ESPANA-MEDIO-MARATON-21K-1.jpg?resize=300%2C169&amp;ssl=1 300w, https:\/\/i0.wp.com\/blogmaldito.com\/wp-content\/uploads\/2026\/08\/00-MAPA-CALENDARIO-CARRERAS-ESPANA-MEDIO-MARATON-21K-1.jpg?resize=1024%2C576&amp;ssl=1 1024w, https:\/\/i0.wp.com\/blogmaldito.com\/wp-content\/uploads\/2026\/08\/00-MAPA-CALENDARIO-CARRERAS-ESPANA-MEDIO-MARATON-21K-1.jpg?resize=150%2C84&amp;ssl=1 150w, https:\/\/i0.wp.com\/blogmaldito.com\/wp-content\/uploads\/2026\/08\/00-MAPA-CALENDARIO-CARRERAS-ESPANA-MEDIO-MARATON-21K-1.jpg?resize=768%2C432&amp;ssl=1 768w, https:\/\/i0.wp.com\/blogmaldito.com\/wp-content\/uploads\/2026\/08\/00-MAPA-CALENDARIO-CARRERAS-ESPANA-MEDIO-MARATON-21K-1.jpg?resize=1536%2C864&amp;ssl=1 1536w, https:\/\/i0.wp.com\/blogmaldito.com\/wp-content\/uploads\/2026\/08\/00-MAPA-CALENDARIO-CARRERAS-ESPANA-MEDIO-MARATON-21K-1.jpg?resize=2048%2C1152&amp;ssl=1 2048w, https:\/\/i0.wp.com\/blogmaldito.com\/wp-content\/uploads\/2026\/08\/00-MAPA-CALENDARIO-CARRERAS-ESPANA-MEDIO-MARATON-21K-1.jpg?resize=18%2C10&amp;ssl=1 18w, https:\/\/i0.wp.com\/blogmaldito.com\/wp-content\/uploads\/2026\/08\/00-MAPA-CALENDARIO-CARRERAS-ESPANA-MEDIO-MARATON-21K-1.jpg?resize=676%2C380&amp;ssl=1 676w, https:\/\/i0.wp.com\/blogmaldito.com\/wp-content\/uploads\/2026\/08\/00-MAPA-CALENDARIO-CARRERAS-ESPANA-MEDIO-MARATON-21K-1.jpg?w=1352&amp;ssl=1 1352w\" sizes=\"auto, (max-width: 676px) 100vw, 676px\" \/><\/a><\/p>\n<p>Ya tenemos aqu\u00ed el <span style=\"color: #000000;\"><strong>Calendario Medio Marat\u00f3n 21k Espa\u00f1a para 2026 y 2027<\/strong><\/span> de Espa\u00f1a que ya en esta primera tanda supera las 240 carreras.<\/p>\n<p>Si quieres comenzar a montar tu propio calendario cerca de casa o probar nuevos destinos corriendo una <span style=\"color: #000000;\"><strong>m<\/strong><strong>edia marat\u00f3n<\/strong><\/span>, yo te presento aqu\u00ed en formato <strong><span style=\"color: #000000;\">mapa<\/span> <\/strong>y tambi\u00e9n como <span style=\"color: #000000;\"><strong>listado<\/strong><\/span>, que puedes <strong>filtrar<\/strong> por <span style=\"color: #000000;\"><strong>municipio<\/strong><\/span>, <span style=\"color: #000000;\"><strong>provincia<\/strong> <\/span>o <span style=\"color: #000000;\"><strong>comunidad<\/strong> <\/span>aut\u00f3noma y tambi\u00e9n por <span style=\"color: #000000;\"><strong>fecha<\/strong> <\/span>(ahora mismo va por mes, en 2027 ser\u00e1 incluso por d\u00eda).<\/p>\n<p>Adem\u00e1s incluir\u00e9 en breve todas las <span style=\"color: #000000;\"><strong>gu\u00edas de medio maratones<\/strong><\/span> que tengo listos con su an\u00e1lisis del recorrido (pateado por mi mismo, es una premisa de honestidad que tengo con todos vosotros), consejos y estrategia de carrera (de corredor popular a corredor popular, o sea, tomarlo siempre como algo muy de barra de bar; me niego a sentar c\u00e1tedra), info necesaria sobre horarios, cajones, liebres&#8230; La mayor\u00eda de estas gu\u00edas son de Catalunya, pero tambi\u00e9n hay de Madrid, Euskadi, Valencia, M\u00e1laga, Sevilla&#8230; e ir\u00e9 sumando m\u00e1s, por supuesto.<\/p>\n<p>Ten\u00e9is <span style=\"color: #000000;\"><strong><a style=\"color: #000000;\" href=\"https:\/\/blogmaldito.com\/ca\/calendario-medio-maraton-21k-espana\/\">una pesta\u00f1a superior con el calendario fijado<\/a><\/strong><\/span> y aqu\u00ed abajo el <span style=\"color: #000000;\"><strong>Calendario Medio Marat\u00f3n 21k Espa\u00f1a estimado de 2026 y 2027<\/strong><\/span> con todas las fechas confirmadas y aquellas por confirmar que se ir\u00e1 actualizando constantemente.<\/p>\n<p><!--more--><\/p>\n<p style=\"text-align: center;\"><span style=\"color: #ff6600;\"><strong>Y por si te quieres suscribir a la newsletter de blogmaldito \ud83d\ude42<\/strong><\/span><\/p>\n<p style=\"text-align: center;\"><iframe loading=\"lazy\" style=\"border: 1px solid #EEE; background: white;\" src=\"https:\/\/blogmaldito.substack.com\/embed?minimal=true\" width=\"480\" height=\"150\" frameborder=\"0\" scrolling=\"no\" data-mce-fragment=\"1\"><\/iframe><\/p>\n<blockquote>\n<p style=\"text-align: center;\"><span style=\"font-size: 12px;\"><span style=\"color: #e01955;\"><strong><a style=\"color: #e01955;\" href=\"https:\/\/www.instagram.com\/blogmaldito\/\" target=\"_blank\" rel=\"noopener\">INSTAGRAM<\/a><\/strong>\u00a0<\/span>\u00b7 \u00a0<span style=\"color: #000000;\"><strong><a style=\"color: #000000;\" href=\"https:\/\/www.facebook.com\/Blogmaldito\" target=\"_blank\" rel=\"noopener\"><span style=\"color: #3366ff;\">FACEBOOK<\/span><\/a><\/strong><\/span> \u00b7\u00a0<span style=\"color: #000080;\"><strong><a style=\"color: #000080;\" href=\"https:\/\/t.me\/blogmaldito\">TELEGRAM<\/a><\/strong><\/span> \u00b7\u00a0<span style=\"color: #339966;\"><strong><a style=\"color: #339966;\" href=\"https:\/\/whatsapp.com\/channel\/0029Va8QAEf8PgsGnMrupi1r\" target=\"_blank\" rel=\"noopener\">WHATSAPP<\/a><\/strong><\/span><span style=\"color: #339966;\"><strong><span style=\"color: #333333;\">\u00a0\u00b7 <\/span><a href=\"https:\/\/www.strava.com\/athletes\/13414582\" target=\"_blank\" rel=\"noopener\"><span style=\"color: #ff6600;\">STRAVA<\/span><\/a><\/strong><\/span><\/span><span style=\"font-size: 12px;\">\u00a0<\/span><\/p>\n<\/blockquote>\n<h2 style=\"background-color: #000000; color: #ffffff; padding: 20px; border-radius: 5px; text-align: center;\"><span style=\"font-size: 24px;\"><strong><span style=\"color: #000000;\">\u00a0\u00b7<\/span> <a href=\"https:\/\/blogmaldito.com\/ca\/calendario-medio-maraton-21k-espana\/\">Calendario Medio Marat\u00f3n 21k Espa\u00f1a<\/a> <\/strong><\/span><span style=\"color: #000000;\"><strong style=\"font-size: 24px;\">\u00b7\u00a0<\/strong><\/span><\/h2>\n<hr \/>\n<h2 style=\"text-align: center;\"><iframe loading=\"lazy\" style=\"border: none; display: block;\" src=\"https:\/\/blogmaldito.github.io\/calendario-carreras\/mapa_es21k.html\" width=\"100%\" height=\"700\" frameborder=\"0\" data-mce-fragment=\"1\"><span data-mce-type=\"bookmark\" style=\"display: inline-block; width: 0px; overflow: hidden; line-height: 0;\" class=\"mce_SELRES_start\"><\/span><span data-mce-type=\"bookmark\" style=\"display: inline-block; width: 0px; overflow: hidden; line-height: 0;\" class=\"mce_SELRES_start\"><\/span><\/iframe><\/h2>\n<hr \/>\n<p><iframe loading=\"lazy\" style=\"border: none; display: block;\" src=\"https:\/\/blogmaldito.github.io\/calendario-carreras\/index_es21k.html\" width=\"100%\" height=\"800\" frameborder=\"0\" data-mce-fragment=\"1\"><span data-mce-type=\"bookmark\" style=\"display: inline-block; width: 0px; overflow: hidden; line-height: 0;\" class=\"mce_SELRES_start\"><\/span><span data-mce-type=\"bookmark\" style=\"display: inline-block; width: 0px; overflow: hidden; line-height: 0;\" class=\"mce_SELRES_start\"><\/span><span data-mce-type=\"bookmark\" style=\"display: inline-block; width: 0px; overflow: hidden; line-height: 0;\" class=\"mce_SELRES_start\"><\/span><\/iframe><\/p>\n<hr \/>\n<blockquote><p><span style=\"font-size: 10pt; color: #000000;\"><em>El Calendario de Medios Maratones 21k en Espa\u00f1a recoge todas las pruebas oficiales de 21 km celebradas en territorio espa\u00f1ol (Catalunya, Madrid, Andaluc\u00eda, Comunidad Valenciana, Pa\u00eds Vasco, Galicia&#8230;), clasificadas por provincias y municipios con mapa de localizaci\u00f3n interactivo<\/em><\/span><\/p><\/blockquote>\n<h2>Sobre el Calendario Medio Marat\u00f3n 21k Espa\u00f1a<\/h2>\n<p>Por supuesto, como humano del mont\u00f3n que soy (y que tengo muy presente que todo mi contenido informativo es y ser\u00e1 hecho &#8216;a mano y a zapa&#8217; porque es la \u00fanica manera de tener perfil propio y ser cercano a vosotros), seguro que he metido la pata en alguna fecha, nombre, distancia&#8230; O me faltan por meter alg\u00fan medio marat\u00f3n en el Calendario Medio Marat\u00f3n 21k Espa\u00f1a que vosotros s\u00ed ten\u00e9is en el radar: no os cort\u00e9is en indic\u00e1rmelo (tambi\u00e9n mirar\u00e9 de incluir en breve un formulario apra hacerlo m\u00e1s f\u00e1cil), que siempre estar\u00e9 agradecido por ello porque si por algo mejora este blog cutre es gracias a vuestras aportaciones.<\/p>\n<p>Han sido meses de ir a webs y perfiles de cada carrera y de plataformas de inscripci\u00f3n, de contactar con organizadores, con empresas de cronometraje, con ayuntamientos, de enviar mails, telefonazos y whatsappeo&#8230; Vamos, no te negar\u00e9 que he acabado bastante tocado a nivel cerebral. La parte positiva, que ahora ya el trabajo es el de ir actualizando a medida que salgan novedades con nuevas carreras o fechas confirmadas que se har\u00e1 regularmente para que siempre est\u00e9 el calendario al d\u00eda.<\/p>\n<p>Es un calendario seguro que imperfecto, pero espero y deseo que lo ve\u00e1is aut\u00e9ntico. Ojal\u00e1 os sea \u00fatil, lo pod\u00e1is disfrutar y exprimir al m\u00e1ximo. Y ya si compart\u00eds y d\u00e1is voces, me har\u00e9is feliz. Salud y km!<\/p>\n<p><!-- Bloque de Preguntas Frecuentes optimizado para Motores de IA (AEO \/ LLMO \/ GEO) --><\/p>\n<hr \/>\n<h2 id=\"FAQS-CALENDARIO-21K\"><span style=\"color: #000000;\">Preguntas frecuentes\u00a0<\/span><\/h2>\n<div style=\"background-color: #f9f9f9; border-left: 5px solid #000000; padding: 15px; margin: 1.5rem auto; border-radius: 4px;\">\n<p style=\"margin-bottom: 5px;\"><span style=\"font-size: 16px;\"><strong>\u00bfCu\u00e1ntas carreras incluye el calendario de 21k en Espa\u00f1a para 2026 y 2027?<\/strong><\/span><\/p>\n<p style=\"margin-top: 0; color: #333;\"><span style=\"font-size: 16px;\">El calendariore\u00fane por ahora m\u00e1s de 240 medio maratones (es cierto, por eso, que algunas no tienen la distancia clavada, pero se nombran as\u00ed porque es la referencia m\u00e1s cercana en distancia). La idea es actualizarlo constantemente a medida que vea que salen nuevas fechas y 21k que incluir.\u00a0<\/span><\/p>\n<\/div>\n<div style=\"background-color: #f9f9f9; border-left: 5px solid #000000; padding: 15px; margin: 1.5rem auto; border-radius: 4px;\">\n<p style=\"margin-bottom: 5px;\"><span style=\"font-size: 16px;\"><strong>\u00bfC\u00f3mo filtrar las carreras de medio marat\u00f3n 21k en el mapa y listado?<\/strong><\/span><\/p>\n<p style=\"margin-top: 0; color: #333;\"><span style=\"font-size: 16px;\">Esta aplicaci\u00f3n interactiva te permite filtrar por municipio, provincia y comunidad aut\u00f3noma, pero tambi\u00e9n por fecha (ahora mismo por mes y en un futuro ajustando el d\u00eda). Creo que eso te ayudar\u00e1 a perfilar la medai marat\u00f3n que andas buscando.<\/span><\/p>\n<\/div>\n<div style=\"background-color: #f9f9f9; border-left: 5px solid #000000; padding: 15px; margin: 1.5rem auto; border-radius: 4px;\">\n<p style=\"margin-bottom: 5px;\"><span style=\"font-size: 16px;\"><strong>\u00bfQu\u00e9 aporta las gu\u00edas que incluir\u00e9 en breve en varias de los medio maratones?<\/strong><\/span><\/p>\n<p style=\"margin-bottom: 5px;\"><span style=\"font-size: 16px;\">Pues el an\u00e1lisis de sus recorridos pisados por m\u00ed mismo, perfiles por tramos de dificultad y km a km, mapas, estrategia y consejos para correrla, cr\u00f3nicas y hasta algunos v\u00eddeos y referencias sobre cu\u00e1nto vale la pena esa media marat\u00f3n.\u00a0<\/span><\/p>\n<\/div>\n<p><a href=\"https:\/\/blogmaldito.com\/ca\/2015\/03\/16\/mini-historias-de-la-marato-de-barcelona-2015\/tira-separadora-blogmaldito\/\" rel=\"attachment wp-att-10534\"><img data-recalc-dims=\"1\" loading=\"lazy\" decoding=\"async\" data-attachment-id=\"10534\" data-permalink=\"https:\/\/blogmaldito.com\/ca\/2015\/03\/16\/mini-historias-de-la-marato-de-barcelona-2015\/tira-separadora-blogmaldito\/\" data-orig-file=\"https:\/\/i0.wp.com\/blogmaldito.com\/wp-content\/uploads\/2015\/03\/tira-separadora-blogmaldito.jpg?fit=500%2C5&amp;ssl=1\" data-orig-size=\"500,5\" data-comments-opened=\"1\" data-image-meta=\"{&quot;aperture&quot;:&quot;0&quot;,&quot;credit&quot;:&quot;&quot;,&quot;camera&quot;:&quot;&quot;,&quot;caption&quot;:&quot;&quot;,&quot;created_timestamp&quot;:&quot;0&quot;,&quot;copyright&quot;:&quot;&quot;,&quot;focal_length&quot;:&quot;0&quot;,&quot;iso&quot;:&quot;0&quot;,&quot;shutter_speed&quot;:&quot;0&quot;,&quot;title&quot;:&quot;&quot;,&quot;orientation&quot;:&quot;1&quot;}\" data-image-title=\"TIRA SEPARADORA BLOGMALDITO\" data-image-description=\"\" data-image-caption=\"\" data-large-file=\"https:\/\/i0.wp.com\/blogmaldito.com\/wp-content\/uploads\/2015\/03\/tira-separadora-blogmaldito.jpg?fit=500%2C5&amp;ssl=1\" class=\"aligncenter size-full wp-image-10534\" src=\"https:\/\/i0.wp.com\/blogmaldito.com\/wp-content\/uploads\/2015\/03\/tira-separadora-blogmaldito.jpg?resize=500%2C5&#038;ssl=1\" alt=\"\" width=\"500\" height=\"5\" title=\"\"><\/a><\/p>\n<blockquote style=\"background-color: #f9f9f9; border-left: 8px solid #000000; padding: 15px; border-radius: 2px;\">\n<p style=\"margin-bottom: 10px; text-align: center;\"><span style=\"font-size: 18px; color: #000000;\"><b>Todos los calendarios<\/b><\/span><\/p>\n<ul>\n<li><a href=\"https:\/\/blogmaldito.com\/ca\/calendario-carreras-barcelona-cataluna-5k-10k-21k-42k\/\"><span style=\"font-size: 14px;\"><strong><span style=\"color: #000000;\">Calendario carreras Catalunya<\/span><\/strong><\/span><\/a><\/li>\n<li><span style=\"font-size: 14px;\"><strong><span style=\"color: #000000;\">Calendario carreras Barcelona<\/span><\/strong><\/span><\/li>\n<li><a href=\"https:\/\/blogmaldito.com\/ca\/21k-media-maraton\/\"><span style=\"font-size: 14px;\"><strong><span style=\"color: #000000;\">Calendario Medio Marat\u00f3n 21k Catalunya<\/span><\/strong><\/span><\/a><\/li>\n<li><span style=\"font-size: 14px;\"><strong><span style=\"color: #000000;\">Calendario Medio Marat\u00f3n 21k Espa\u00f1a<\/span><\/strong><\/span><\/li>\n<\/ul>\n<\/blockquote>\n<p><a href=\"https:\/\/blogmaldito.com\/ca\/2015\/03\/16\/mini-historias-de-la-marato-de-barcelona-2015\/tira-separadora-blogmaldito\/\" rel=\"attachment wp-att-10534\"><img data-recalc-dims=\"1\" loading=\"lazy\" decoding=\"async\" data-attachment-id=\"10534\" data-permalink=\"https:\/\/blogmaldito.com\/ca\/2015\/03\/16\/mini-historias-de-la-marato-de-barcelona-2015\/tira-separadora-blogmaldito\/\" data-orig-file=\"https:\/\/i0.wp.com\/blogmaldito.com\/wp-content\/uploads\/2015\/03\/tira-separadora-blogmaldito.jpg?fit=500%2C5&amp;ssl=1\" data-orig-size=\"500,5\" data-comments-opened=\"1\" data-image-meta=\"{&quot;aperture&quot;:&quot;0&quot;,&quot;credit&quot;:&quot;&quot;,&quot;camera&quot;:&quot;&quot;,&quot;caption&quot;:&quot;&quot;,&quot;created_timestamp&quot;:&quot;0&quot;,&quot;copyright&quot;:&quot;&quot;,&quot;focal_length&quot;:&quot;0&quot;,&quot;iso&quot;:&quot;0&quot;,&quot;shutter_speed&quot;:&quot;0&quot;,&quot;title&quot;:&quot;&quot;,&quot;orientation&quot;:&quot;1&quot;}\" data-image-title=\"TIRA SEPARADORA BLOGMALDITO\" data-image-description=\"\" data-image-caption=\"\" data-large-file=\"https:\/\/i0.wp.com\/blogmaldito.com\/wp-content\/uploads\/2015\/03\/tira-separadora-blogmaldito.jpg?fit=500%2C5&amp;ssl=1\" class=\"aligncenter size-full wp-image-10534\" src=\"https:\/\/i0.wp.com\/blogmaldito.com\/wp-content\/uploads\/2015\/03\/tira-separadora-blogmaldito.jpg?resize=500%2C5&#038;ssl=1\" alt=\"\" width=\"500\" height=\"5\" title=\"\"><\/a><\/p>\n<blockquote><p><span style=\"color: #000000; font-size: 16px;\">Y si os gusta lo que hago y quer\u00e9is estar al d\u00eda de los an\u00e1lisis de <strong>recorridos<\/strong>, <strong>calendarios<\/strong> de carreras, <strong>fotos<\/strong>, <strong>consejos<\/strong>, notas de <strong>humor<\/strong>&#8230; Pues ya sab\u00e9is, ten\u00e9is la opci\u00f3n de comentar, suscribiros al blog y seguidme en las redes.<br \/>\n<span style=\"color: #cfcfcf;\">.<\/span><\/span><\/p>\n<p style=\"text-align: center;\"><iframe loading=\"lazy\" style=\"border: 1px solid #EEE; background: white;\" src=\"https:\/\/blogmaldito.substack.com\/embed?minimal=true\" width=\"480\" height=\"150\" frameborder=\"0\" scrolling=\"no\" data-mce-fragment=\"1\"><\/iframe><\/p>\n<p style=\"text-align: center;\"><span style=\"font-size: 14px;\"><span style=\"color: #e01955;\"><strong><a style=\"color: #e01955;\" href=\"https:\/\/www.instagram.com\/blogmaldito\/\" target=\"_blank\" rel=\"noopener\">INSTAGRAM<\/a><\/strong>\u00a0<\/span>\u00b7 \u00a0<span style=\"color: #000000;\"><strong><a style=\"color: #000000;\" href=\"https:\/\/www.facebook.com\/Blogmaldito\" target=\"_blank\" rel=\"noopener\"><span style=\"color: #3366ff;\">FACEBOOK<\/span><\/a><\/strong><\/span> \u00b7\u00a0<span style=\"color: #000080;\"><strong><a style=\"color: #000080;\" href=\"https:\/\/t.me\/blogmaldito\">TELEGRAM<\/a><\/strong><\/span> \u00b7\u00a0<span style=\"color: #339966;\"><strong><a style=\"color: #339966;\" href=\"https:\/\/whatsapp.com\/channel\/0029Va8QAEf8PgsGnMrupi1r\" target=\"_blank\" rel=\"noopener\">WHATSAPP<\/a><\/strong><\/span><span style=\"color: #339966;\"><strong><span style=\"color: #333333;\">\u00a0\u00b7 <\/span><a href=\"https:\/\/www.strava.com\/athletes\/13414582\" target=\"_blank\" rel=\"noopener\"><span style=\"color: #ff6600;\">STRAVA<\/span><\/a><\/strong><\/span>\u00a0<\/span><\/p>\n<\/blockquote>\n<hr \/>\n<p style=\"text-align: center;\"><span style=\"font-size: 14px;\"><em>Blogmaldito es un blog con filosof\u00eda \u2018Non Profit\u2019. \u00bfQu\u00e9 significa esto? Que tengo como principio que todos los contenidos son para disfrutarlos con la condici\u00f3n de que no hagas un uso comercial e interesado de ellos. Todo lo hago como hobby y desde una perspectiva de corredor popular para el resto de corredores y amigos que me encuentro en las carreras.<\/em><\/span><\/p>\n<p style=\"text-align: center;\"><span style=\"font-size: 14px;\"><em>Justo por eso, ni puedo ni quiero ganar dinero con esto de correr. No acepto invitaciones, ni regalos. No estoy en venta. Para m\u00ed ya es un regalo que alguien se moleste en sacar un poco de tiempo al leerme y hablar de esta locura de flipados haciendo el cabra por las calles y las monta\u00f1as.<\/em><\/span><\/p>\n<hr \/>","protected":false},"excerpt":{"rendered":"<p>Ya tenemos aqu\u00ed el Calendario Medio Marat\u00f3n 21k Espa\u00f1a para 2026 y 2027 de Espa\u00f1a que ya en esta primera tanda supera las 240 carreras. Si quieres comenzar a montar tu propio calendario cerca de casa o probar nuevos destinos corriendo una media marat\u00f3n, yo te presento aqu\u00ed en formato mapa y tambi\u00e9n como listado, &hellip; <a href=\"https:\/\/blogmaldito.com\/ca\/2026\/08\/31\/calendario-medio-maraton-21k-espana\/\" class=\"more-link\">Continua la lectura de <span class=\"screen-reader-text\">Calendario Medio Marat\u00f3n 21k Espa\u00f1a<\/span><\/a><\/p>","protected":false},"author":5492619,"featured_media":108340,"comment_status":"open","ping_status":"open","sticky":true,"template":"","format":"standard","meta":{"_jetpack_newsletter_access":"","_jetpack_dont_email_post_to_subs":false,"_jetpack_newsletter_tier_id":0,"_jetpack_memberships_contains_paywalled_content":false,"_wpcom_ai_launchpad_first_post":false,"_jetpack_feature_clip_id":0,"_jetpack_memberships_contains_paid_content":false,"footnotes":"","jetpack_publicize_message":"","jetpack_publicize_feature_enabled":true,"jetpack_social_post_already_shared":true,"jetpack_social_options":{"image_generator_settings":{"template":"highway","default_image_id":0,"font":"","enabled":false},"version":2},"jetpack_post_was_ever_published":false},"categories":[1675],"tags":[92511450],"class_list":["post-102444","post","type-post","status-publish","format-standard","has-post-thumbnail","hentry","category-running","tag-calendario-carreras-2","fallback-thumbnail"],"jetpack_publicize_connections":[],"jetpack_likes_enabled":false,"jetpack_sharing_enabled":true,"jetpack_shortlink":"https:\/\/wp.me\/pNuBu-qEk","jetpack-related-posts":[{"id":102564,"url":"https:\/\/blogmaldito.com\/ca\/2026\/04\/16\/calendario-medio-maraton-cataluna-21k\/","url_meta":{"origin":102444,"position":0},"title":"6 medio maratones que te recomiendo para disfrutar de los 21k antes del par\u00f3n veraniego\u00a0","author":"David Blogmaldito","date":"abril 16, 2026","format":false,"excerpt":"Antes del cl\u00e1sico par\u00f3n veraniego de las distancias largas de asfalto de Marat\u00f3n y Medio Marat\u00f3n (el verano suele ser, en este sentido, terreno abonado al trail y a los 5k urbanos, en la mayor\u00eda de casos como evento de Festa Major o nocturna), a\u00fan quedan algunas apetecibles y muy\u2026","rel":"","context":"A &quot;21k&quot;","block_context":{"text":"21k","link":"https:\/\/blogmaldito.com\/ca\/category\/21k\/"},"img":{"alt_text":"CALENDARIO 21K MEDIO MARATON CATALUNA BARCELONA","src":"https:\/\/i0.wp.com\/blogmaldito.com\/wp-content\/uploads\/2026\/04\/00-CALENDARIO-21K-MEDIO-MARATON-CATALUNA-BARCELONA.jpg?fit=1200%2C675&ssl=1&resize=350%2C200","width":350,"height":200,"srcset":"https:\/\/i0.wp.com\/blogmaldito.com\/wp-content\/uploads\/2026\/04\/00-CALENDARIO-21K-MEDIO-MARATON-CATALUNA-BARCELONA.jpg?fit=1200%2C675&ssl=1&resize=350%2C200 1x, https:\/\/i0.wp.com\/blogmaldito.com\/wp-content\/uploads\/2026\/04\/00-CALENDARIO-21K-MEDIO-MARATON-CATALUNA-BARCELONA.jpg?fit=1200%2C675&ssl=1&resize=525%2C300 1.5x, https:\/\/i0.wp.com\/blogmaldito.com\/wp-content\/uploads\/2026\/04\/00-CALENDARIO-21K-MEDIO-MARATON-CATALUNA-BARCELONA.jpg?fit=1200%2C675&ssl=1&resize=700%2C400 2x, https:\/\/i0.wp.com\/blogmaldito.com\/wp-content\/uploads\/2026\/04\/00-CALENDARIO-21K-MEDIO-MARATON-CATALUNA-BARCELONA.jpg?fit=1200%2C675&ssl=1&resize=1050%2C600 3x"},"classes":[]},{"id":103094,"url":"https:\/\/blogmaldito.com\/ca\/2026\/04\/27\/fotos-maraton-madrid\/","url_meta":{"origin":102444,"position":1},"title":"Fotos Marat\u00f3n Madrid 2026 (y clasificaci\u00f3n)","author":"David Blogmaldito","date":"abril 27, 2026","format":false,"excerpt":"Correr por Madrid siempre es un espect\u00e1culo y hacerlo en el R'n'R\u00a0Marat\u00f3n Madrid (que aqu\u00ed te dejo 7.000 fotos) a\u00fan m\u00e1s por c\u00f3mo se vuelca la gente en las calles y lo maravilloso de pasar por tantos lugares emblem\u00e1ticos, disfrutar de sus bajadas y sufrir en sus cuestas aunque este\u2026","rel":"","context":"A &quot;Fotos&quot;","block_context":{"text":"Fotos","link":"https:\/\/blogmaldito.com\/ca\/category\/fotos\/"},"img":{"alt_text":"fotos-maraton-madrid-2026","src":"https:\/\/i0.wp.com\/blogmaldito.com\/wp-content\/uploads\/2026\/04\/00-RNR-MARATON-MADRID-FOTOS-PHOTOS-v2.jpg?fit=1200%2C675&ssl=1&resize=350%2C200","width":350,"height":200,"srcset":"https:\/\/i0.wp.com\/blogmaldito.com\/wp-content\/uploads\/2026\/04\/00-RNR-MARATON-MADRID-FOTOS-PHOTOS-v2.jpg?fit=1200%2C675&ssl=1&resize=350%2C200 1x, https:\/\/i0.wp.com\/blogmaldito.com\/wp-content\/uploads\/2026\/04\/00-RNR-MARATON-MADRID-FOTOS-PHOTOS-v2.jpg?fit=1200%2C675&ssl=1&resize=525%2C300 1.5x, https:\/\/i0.wp.com\/blogmaldito.com\/wp-content\/uploads\/2026\/04\/00-RNR-MARATON-MADRID-FOTOS-PHOTOS-v2.jpg?fit=1200%2C675&ssl=1&resize=700%2C400 2x, https:\/\/i0.wp.com\/blogmaldito.com\/wp-content\/uploads\/2026\/04\/00-RNR-MARATON-MADRID-FOTOS-PHOTOS-v2.jpg?fit=1200%2C675&ssl=1&resize=1050%2C600 3x"},"classes":[]},{"id":102174,"url":"https:\/\/blogmaldito.com\/ca\/2026\/04\/07\/recorrido-rnr-medio-maraton-madrid-21k\/","url_meta":{"origin":102444,"position":2},"title":"As\u00ed es el nuevo recorrido del R&#8217;n&#8217;R Running Series Madrid Medio Marat\u00f3n (21k): an\u00e1lisis km a km, consejos y lo que debes saber","author":"David Blogmaldito","date":"abril 7, 2026","format":false,"excerpt":"Actualizado a 23 de abril: Confirmados cajones de salida\u00a0 y liebres y carrusel\u00a0 y v\u00eddeo del recorrido Ya ten\u00e9is el an\u00e1lisis del recorrido de la Marat\u00f3n 42k , as\u00ed que es hora de ponerse manos a la obra\u00a0 con el 21k (o sea, el Medio Marat\u00f3n) de la R&R Medio\u2026","rel":"","context":"A &quot;21k&quot;","block_context":{"text":"21k","link":"https:\/\/blogmaldito.com\/ca\/category\/21k\/"},"img":{"alt_text":"mapa-recorrido-medio-maraton-madrid-2026-21k","src":"https:\/\/i0.wp.com\/blogmaldito.com\/wp-content\/uploads\/2026\/04\/RNR-MARATON-MADRID-MARATHON-RECORRIDO-COURSE-ROUTE-PARCOURS-KM-KM-ANALISIS-21k-v1-1.jpg?fit=1200%2C675&ssl=1&resize=350%2C200","width":350,"height":200,"srcset":"https:\/\/i0.wp.com\/blogmaldito.com\/wp-content\/uploads\/2026\/04\/RNR-MARATON-MADRID-MARATHON-RECORRIDO-COURSE-ROUTE-PARCOURS-KM-KM-ANALISIS-21k-v1-1.jpg?fit=1200%2C675&ssl=1&resize=350%2C200 1x, https:\/\/i0.wp.com\/blogmaldito.com\/wp-content\/uploads\/2026\/04\/RNR-MARATON-MADRID-MARATHON-RECORRIDO-COURSE-ROUTE-PARCOURS-KM-KM-ANALISIS-21k-v1-1.jpg?fit=1200%2C675&ssl=1&resize=525%2C300 1.5x, https:\/\/i0.wp.com\/blogmaldito.com\/wp-content\/uploads\/2026\/04\/RNR-MARATON-MADRID-MARATHON-RECORRIDO-COURSE-ROUTE-PARCOURS-KM-KM-ANALISIS-21k-v1-1.jpg?fit=1200%2C675&ssl=1&resize=700%2C400 2x, https:\/\/i0.wp.com\/blogmaldito.com\/wp-content\/uploads\/2026\/04\/RNR-MARATON-MADRID-MARATHON-RECORRIDO-COURSE-ROUTE-PARCOURS-KM-KM-ANALISIS-21k-v1-1.jpg?fit=1200%2C675&ssl=1&resize=1050%2C600 3x"},"classes":[]},{"id":102064,"url":"https:\/\/blogmaldito.com\/ca\/2026\/04\/06\/recorrido-maraton-madrid-2026-guia-42k\/","url_meta":{"origin":102444,"position":3},"title":"As\u00ed es el nuevo recorrido del R&#8217;n&#8217;R Running Series Madrid Marat\u00f3n (42k): an\u00e1lisis km a km, consejos y lo que debes saber","author":"David Blogmaldito","date":"abril 6, 2026","format":false,"excerpt":"Actualizado a 23 de abril: Confirmados cajones de salida\u00a0 y liebres y carrusel\u00a0 y v\u00eddeo del recorrido Con el R&R Marat\u00f3n Madrid\u00a0(del que aqu\u00ed tienes el an\u00e1lisis de su recorrido km a km) sucede: tiene un crcuito tan ic\u00f3nico y 'valiente' (su objetivo no es que busques marca sino que\u2026","rel":"","context":"A &quot;Gu\u00edas de carreras&quot;","block_context":{"text":"Gu\u00edas de carreras","link":"https:\/\/blogmaldito.com\/ca\/category\/consejos-expres\/"},"img":{"alt_text":"mapa-recorrido-madrid-maraton-2026-analisis-42k","src":"https:\/\/i0.wp.com\/blogmaldito.com\/wp-content\/uploads\/2026\/04\/RNR-MARATON-MADRID-MARATHON-RECORRIDO-COURSE-ROUTE-PARCOURS-KM-KM-ANALISIS-42k-v2-1.jpg?fit=1200%2C675&ssl=1&resize=350%2C200","width":350,"height":200,"srcset":"https:\/\/i0.wp.com\/blogmaldito.com\/wp-content\/uploads\/2026\/04\/RNR-MARATON-MADRID-MARATHON-RECORRIDO-COURSE-ROUTE-PARCOURS-KM-KM-ANALISIS-42k-v2-1.jpg?fit=1200%2C675&ssl=1&resize=350%2C200 1x, https:\/\/i0.wp.com\/blogmaldito.com\/wp-content\/uploads\/2026\/04\/RNR-MARATON-MADRID-MARATHON-RECORRIDO-COURSE-ROUTE-PARCOURS-KM-KM-ANALISIS-42k-v2-1.jpg?fit=1200%2C675&ssl=1&resize=525%2C300 1.5x, https:\/\/i0.wp.com\/blogmaldito.com\/wp-content\/uploads\/2026\/04\/RNR-MARATON-MADRID-MARATHON-RECORRIDO-COURSE-ROUTE-PARCOURS-KM-KM-ANALISIS-42k-v2-1.jpg?fit=1200%2C675&ssl=1&resize=700%2C400 2x, https:\/\/i0.wp.com\/blogmaldito.com\/wp-content\/uploads\/2026\/04\/RNR-MARATON-MADRID-MARATHON-RECORRIDO-COURSE-ROUTE-PARCOURS-KM-KM-ANALISIS-42k-v2-1.jpg?fit=1200%2C675&ssl=1&resize=1050%2C600 3x"},"classes":[]},{"id":106078,"url":"https:\/\/blogmaldito.com\/ca\/2026\/07\/06\/mapa-calendario-carreras-cataluna-barcelona\/","url_meta":{"origin":102444,"position":4},"title":"Mapa Calendario Carreras Catalu\u00f1a y Barcelona","author":"David Blogmaldito","date":"juliol 6, 2026","format":false,"excerpt":"Un nuevo paso m\u00e1s... El Mapa Calendario Carreras Catalu\u00f1a Barcelona (5k, 10k, 21k, 42k) ahora ya no solo lo tienes en forma de lista sino que te lo ofrezco en un mapa interactivo donde puedes filtrar la b\u00fasqueda por localidad (la escribes en el buscador), pero tambi\u00e9n la puedas fitrar\u2026","rel":"","context":"A &quot;Calendario carreras&quot;","block_context":{"text":"Calendario carreras","link":"https:\/\/blogmaldito.com\/ca\/category\/calendario-carreras\/"},"img":{"alt_text":"mapa-calendario-carreras-catalu\u00f1a-barcelona","src":"https:\/\/i0.wp.com\/blogmaldito.com\/wp-content\/uploads\/2026\/06\/00-MAPA-CALENDARIO-CARRERAS-DE-BARCELONA-CATALUNA-2026.jpg?fit=1200%2C675&ssl=1&resize=350%2C200","width":350,"height":200,"srcset":"https:\/\/i0.wp.com\/blogmaldito.com\/wp-content\/uploads\/2026\/06\/00-MAPA-CALENDARIO-CARRERAS-DE-BARCELONA-CATALUNA-2026.jpg?fit=1200%2C675&ssl=1&resize=350%2C200 1x, https:\/\/i0.wp.com\/blogmaldito.com\/wp-content\/uploads\/2026\/06\/00-MAPA-CALENDARIO-CARRERAS-DE-BARCELONA-CATALUNA-2026.jpg?fit=1200%2C675&ssl=1&resize=525%2C300 1.5x, https:\/\/i0.wp.com\/blogmaldito.com\/wp-content\/uploads\/2026\/06\/00-MAPA-CALENDARIO-CARRERAS-DE-BARCELONA-CATALUNA-2026.jpg?fit=1200%2C675&ssl=1&resize=700%2C400 2x, https:\/\/i0.wp.com\/blogmaldito.com\/wp-content\/uploads\/2026\/06\/00-MAPA-CALENDARIO-CARRERAS-DE-BARCELONA-CATALUNA-2026.jpg?fit=1200%2C675&ssl=1&resize=1050%2C600 3x"},"classes":[]},{"id":102723,"url":"https:\/\/blogmaldito.com\/ca\/2026\/04\/24\/guia-completa-maraton-madrid\/","url_meta":{"origin":102444,"position":5},"title":"Gu\u00eda completa R&#8217;n&#8217;R Marat\u00f3n Madrid: an\u00e1lisis recorrido y consejos del Marat\u00f3n, Medio Marat\u00f3n y 10k","author":"David Blogmaldito","date":"abril 24, 2026","format":false,"excerpt":"Actualizado el 24 de abril con v\u00eddeos y carruseles del recorrido, previsi\u00f3n tiempo\/m\u00e9teo y horarios feria del corredor Aqu\u00ed va la g\u00faia definitiva y completa del Marat\u00f3n Madrid para hac\u00e9rtelo m\u00e1s f\u00e1cil, bastante m\u00e1s que la propia la R&R Running Series Marat\u00f3n Madrid (pero bastante menos divertida que la propia\u2026","rel":"","context":"A &quot;Running&quot;","block_context":{"text":"Running","link":"https:\/\/blogmaldito.com\/ca\/category\/running\/"},"img":{"alt_text":"guia-definitiva-maraton-madrid-2026-racebook","src":"https:\/\/i0.wp.com\/blogmaldito.com\/wp-content\/uploads\/2026\/04\/00-GUIA-MARATON-MADRID-RACEBOOK-RECORRIDO-COURSE-ROUTE-PARCOURS-CIRCUITO-2026.jpg?fit=1200%2C675&ssl=1&resize=350%2C200","width":350,"height":200,"srcset":"https:\/\/i0.wp.com\/blogmaldito.com\/wp-content\/uploads\/2026\/04\/00-GUIA-MARATON-MADRID-RACEBOOK-RECORRIDO-COURSE-ROUTE-PARCOURS-CIRCUITO-2026.jpg?fit=1200%2C675&ssl=1&resize=350%2C200 1x, https:\/\/i0.wp.com\/blogmaldito.com\/wp-content\/uploads\/2026\/04\/00-GUIA-MARATON-MADRID-RACEBOOK-RECORRIDO-COURSE-ROUTE-PARCOURS-CIRCUITO-2026.jpg?fit=1200%2C675&ssl=1&resize=525%2C300 1.5x, https:\/\/i0.wp.com\/blogmaldito.com\/wp-content\/uploads\/2026\/04\/00-GUIA-MARATON-MADRID-RACEBOOK-RECORRIDO-COURSE-ROUTE-PARCOURS-CIRCUITO-2026.jpg?fit=1200%2C675&ssl=1&resize=700%2C400 2x, https:\/\/i0.wp.com\/blogmaldito.com\/wp-content\/uploads\/2026\/04\/00-GUIA-MARATON-MADRID-RACEBOOK-RECORRIDO-COURSE-ROUTE-PARCOURS-CIRCUITO-2026.jpg?fit=1200%2C675&ssl=1&resize=1050%2C600 3x"},"classes":[]}],"jetpack_featured_media_url":"https:\/\/i0.wp.com\/blogmaldito.com\/wp-content\/uploads\/2026\/08\/00-MAPA-CALENDARIO-CARRERAS-ESPANA-MEDIO-MARATON-21K-1.jpg?fit=3413%2C1920&ssl=1","rttpg_featured_image_url":{"full":["https:\/\/i0.wp.com\/blogmaldito.com\/wp-content\/uploads\/2026\/08\/00-MAPA-CALENDARIO-CARRERAS-ESPANA-MEDIO-MARATON-21K-1.jpg?fit=3413%2C1920&ssl=1",3413,1920,false],"landscape":["https:\/\/blogmaldito.com\/wp-content\/uploads\/2026\/08\/00-MAPA-CALENDARIO-CARRERAS-ESPANA-MEDIO-MARATON-21K-1.jpg",3413,1920,false],"portraits":["https:\/\/blogmaldito.com\/wp-content\/uploads\/2026\/08\/00-MAPA-CALENDARIO-CARRERAS-ESPANA-MEDIO-MARATON-21K-1.jpg",3413,1920,false],"thumbnail":["https:\/\/i0.wp.com\/blogmaldito.com\/wp-content\/uploads\/2026\/08\/00-MAPA-CALENDARIO-CARRERAS-ESPANA-MEDIO-MARATON-21K-1.jpg?fit=150%2C84&ssl=1",150,84,true],"medium":["https:\/\/i0.wp.com\/blogmaldito.com\/wp-content\/uploads\/2026\/08\/00-MAPA-CALENDARIO-CARRERAS-ESPANA-MEDIO-MARATON-21K-1.jpg?fit=300%2C169&ssl=1",300,169,true],"large":["https:\/\/i0.wp.com\/blogmaldito.com\/wp-content\/uploads\/2026\/08\/00-MAPA-CALENDARIO-CARRERAS-ESPANA-MEDIO-MARATON-21K-1.jpg?fit=676%2C380&ssl=1",676,380,true],"1536x1536":["https:\/\/i0.wp.com\/blogmaldito.com\/wp-content\/uploads\/2026\/08\/00-MAPA-CALENDARIO-CARRERAS-ESPANA-MEDIO-MARATON-21K-1.jpg?fit=1536%2C864&ssl=1",1536,864,true],"2048x2048":["https:\/\/i0.wp.com\/blogmaldito.com\/wp-content\/uploads\/2026\/08\/00-MAPA-CALENDARIO-CARRERAS-ESPANA-MEDIO-MARATON-21K-1.jpg?fit=2048%2C1152&ssl=1",2048,1152,true],"trp-custom-language-flag":["https:\/\/i0.wp.com\/blogmaldito.com\/wp-content\/uploads\/2026\/08\/00-MAPA-CALENDARIO-CARRERAS-ESPANA-MEDIO-MARATON-21K-1.jpg?fit=18%2C10&ssl=1",18,10,true],"smart-post-landscape":["https:\/\/i0.wp.com\/blogmaldito.com\/wp-content\/uploads\/2026\/08\/00-MAPA-CALENDARIO-CARRERAS-ESPANA-MEDIO-MARATON-21K-1.jpg?resize=870%2C570&ssl=1",870,570,true],"smart-post-portrait":["https:\/\/i0.wp.com\/blogmaldito.com\/wp-content\/uploads\/2026\/08\/00-MAPA-CALENDARIO-CARRERAS-ESPANA-MEDIO-MARATON-21K-1.jpg?resize=600%2C900&ssl=1",600,900,true],"newspack-article-block-landscape-large":["https:\/\/i0.wp.com\/blogmaldito.com\/wp-content\/uploads\/2026\/08\/00-MAPA-CALENDARIO-CARRERAS-ESPANA-MEDIO-MARATON-21K-1.jpg?resize=1200%2C900&ssl=1",1200,900,true],"newspack-article-block-portrait-large":["https:\/\/i0.wp.com\/blogmaldito.com\/wp-content\/uploads\/2026\/08\/00-MAPA-CALENDARIO-CARRERAS-ESPANA-MEDIO-MARATON-21K-1.jpg?resize=900%2C1200&ssl=1",900,1200,true],"newspack-article-block-square-large":["https:\/\/i0.wp.com\/blogmaldito.com\/wp-content\/uploads\/2026\/08\/00-MAPA-CALENDARIO-CARRERAS-ESPANA-MEDIO-MARATON-21K-1.jpg?resize=1200%2C1200&ssl=1",1200,1200,true],"newspack-article-block-landscape-medium":["https:\/\/i0.wp.com\/blogmaldito.com\/wp-content\/uploads\/2026\/08\/00-MAPA-CALENDARIO-CARRERAS-ESPANA-MEDIO-MARATON-21K-1.jpg?resize=800%2C600&ssl=1",800,600,true],"newspack-article-block-portrait-medium":["https:\/\/i0.wp.com\/blogmaldito.com\/wp-content\/uploads\/2026\/08\/00-MAPA-CALENDARIO-CARRERAS-ESPANA-MEDIO-MARATON-21K-1.jpg?resize=600%2C800&ssl=1",600,800,true],"newspack-article-block-square-medium":["https:\/\/i0.wp.com\/blogmaldito.com\/wp-content\/uploads\/2026\/08\/00-MAPA-CALENDARIO-CARRERAS-ESPANA-MEDIO-MARATON-21K-1.jpg?resize=800%2C800&ssl=1",800,800,true],"newspack-article-block-landscape-intermediate":["https:\/\/i0.wp.com\/blogmaldito.com\/wp-content\/uploads\/2026\/08\/00-MAPA-CALENDARIO-CARRERAS-ESPANA-MEDIO-MARATON-21K-1.jpg?resize=600%2C450&ssl=1",600,450,true],"newspack-article-block-portrait-intermediate":["https:\/\/i0.wp.com\/blogmaldito.com\/wp-content\/uploads\/2026\/08\/00-MAPA-CALENDARIO-CARRERAS-ESPANA-MEDIO-MARATON-21K-1.jpg?resize=450%2C600&ssl=1",450,600,true],"newspack-article-block-square-intermediate":["https:\/\/i0.wp.com\/blogmaldito.com\/wp-content\/uploads\/2026\/08\/00-MAPA-CALENDARIO-CARRERAS-ESPANA-MEDIO-MARATON-21K-1.jpg?resize=600%2C600&ssl=1",600,600,true],"newspack-article-block-landscape-small":["https:\/\/i0.wp.com\/blogmaldito.com\/wp-content\/uploads\/2026\/08\/00-MAPA-CALENDARIO-CARRERAS-ESPANA-MEDIO-MARATON-21K-1.jpg?resize=400%2C300&ssl=1",400,300,true],"newspack-article-block-portrait-small":["https:\/\/i0.wp.com\/blogmaldito.com\/wp-content\/uploads\/2026\/08\/00-MAPA-CALENDARIO-CARRERAS-ESPANA-MEDIO-MARATON-21K-1.jpg?resize=300%2C400&ssl=1",300,400,true],"newspack-article-block-square-small":["https:\/\/i0.wp.com\/blogmaldito.com\/wp-content\/uploads\/2026\/08\/00-MAPA-CALENDARIO-CARRERAS-ESPANA-MEDIO-MARATON-21K-1.jpg?resize=400%2C400&ssl=1",400,400,true],"newspack-article-block-landscape-tiny":["https:\/\/i0.wp.com\/blogmaldito.com\/wp-content\/uploads\/2026\/08\/00-MAPA-CALENDARIO-CARRERAS-ESPANA-MEDIO-MARATON-21K-1.jpg?resize=200%2C150&ssl=1",200,150,true],"newspack-article-block-portrait-tiny":["https:\/\/i0.wp.com\/blogmaldito.com\/wp-content\/uploads\/2026\/08\/00-MAPA-CALENDARIO-CARRERAS-ESPANA-MEDIO-MARATON-21K-1.jpg?resize=150%2C200&ssl=1",150,200,true],"newspack-article-block-square-tiny":["https:\/\/i0.wp.com\/blogmaldito.com\/wp-content\/uploads\/2026\/08\/00-MAPA-CALENDARIO-CARRERAS-ESPANA-MEDIO-MARATON-21K-1.jpg?resize=200%2C200&ssl=1",200,200,true],"newspack-article-block-uncropped":["https:\/\/i0.wp.com\/blogmaldito.com\/wp-content\/uploads\/2026\/08\/00-MAPA-CALENDARIO-CARRERAS-ESPANA-MEDIO-MARATON-21K-1.jpg?fit=1200%2C675&ssl=1",1200,675,true],"hemingway-rewritten-featured":["https:\/\/i0.wp.com\/blogmaldito.com\/wp-content\/uploads\/2026\/08\/00-MAPA-CALENDARIO-CARRERAS-ESPANA-MEDIO-MARATON-21K-1.jpg?fit=676%2C380&ssl=1",676,380,true],"hemingway-rewritten-header":["https:\/\/i0.wp.com\/blogmaldito.com\/wp-content\/uploads\/2026\/08\/00-MAPA-CALENDARIO-CARRERAS-ESPANA-MEDIO-MARATON-21K-1.jpg?resize=1280%2C416&ssl=1",1280,416,true]},"rttpg_author":{"display_name":"David Blogmaldito","author_link":"https:\/\/blogmaldito.com\/ca\/author\/dabit\/"},"rttpg_comment":5,"rttpg_category":"<a href=\"https:\/\/blogmaldito.com\/ca\/category\/running\/\" rel=\"category tag\">Running<\/a>","rttpg_excerpt":"Ya tenemos aqu\u00ed el Calendario Medio Marat\u00f3n 21k Espa\u00f1a para 2026 y 2027 de Espa\u00f1a que ya en esta primera tanda supera las 240 carreras. Si quieres comenzar a montar tu propio calendario cerca de casa o probar nuevos destinos corriendo una media marat\u00f3n, yo te presento aqu\u00ed en formato mapa y tambi\u00e9n como listado,&hellip;","_links":{"self":[{"href":"https:\/\/blogmaldito.com\/ca\/wp-json\/wp\/v2\/posts\/102444","targetHints":{"allow":["GET"]}}],"collection":[{"href":"https:\/\/blogmaldito.com\/ca\/wp-json\/wp\/v2\/posts"}],"about":[{"href":"https:\/\/blogmaldito.com\/ca\/wp-json\/wp\/v2\/types\/post"}],"author":[{"embeddable":true,"href":"https:\/\/blogmaldito.com\/ca\/wp-json\/wp\/v2\/users\/5492619"}],"replies":[{"embeddable":true,"href":"https:\/\/blogmaldito.com\/ca\/wp-json\/wp\/v2\/comments?post=102444"}],"version-history":[{"count":37,"href":"https:\/\/blogmaldito.com\/ca\/wp-json\/wp\/v2\/posts\/102444\/revisions"}],"predecessor-version":[{"id":108573,"href":"https:\/\/blogmaldito.com\/ca\/wp-json\/wp\/v2\/posts\/102444\/revisions\/108573"}],"wp:featuredmedia":[{"embeddable":true,"href":"https:\/\/blogmaldito.com\/ca\/wp-json\/wp\/v2\/media\/108340"}],"wp:attachment":[{"href":"https:\/\/blogmaldito.com\/ca\/wp-json\/wp\/v2\/media?parent=102444"}],"wp:term":[{"taxonomy":"category","embeddable":true,"href":"https:\/\/blogmaldito.com\/ca\/wp-json\/wp\/v2\/categories?post=102444"},{"taxonomy":"post_tag","embeddable":true,"href":"https:\/\/blogmaldito.com\/ca\/wp-json\/wp\/v2\/tags?post=102444"}],"curies":[{"name":"wp","href":"https:\/\/api.w.org\/{rel}","templated":true}]}}